{"id":11256,"date":"2024-10-14T15:33:37","date_gmt":"2024-10-14T18:33:37","guid":{"rendered":"https:\/\/grandepremio.com\/es\/2024\/10\/14\/prema-ficha-a-leon-y-art-trae-a-wharton-para-la-temporada-2025-de-formula-3\/"},"modified":"2024-10-14T15:33:41","modified_gmt":"2024-10-14T18:33:41","slug":"prema-ficha-a-leon-y-art-trae-a-wharton-para-la-temporada-2025-de-formula-3","status":"publish","type":"post","link":"https:\/\/grandepremio.com\/es\/f3\/prema-ficha-a-leon-y-art-trae-a-wharton-para-la-temporada-2025-de-formula-3\/","title":{"rendered":"Prema ficha a Le\u00f3n y ART trae a Wharton para la temporada 2025 de F\u00f3rmula 3"},"content":{"rendered":"\n<p class=\"wp-block-paragraph\">Dos de los principales equipos de <strong>F\u00f3rmula 3<\/strong>, <strong>Prema Racing<\/strong> y <strong>ART Grand Prix<\/strong>, han ultimado sus alineaciones de pilotos para la <strong>temporada 2025<\/strong>. Los italianos ficharon al mexicano <strong>Noel Le\u00f3<\/strong>n, mientras que los franceses confirmaron sus expectativas y firmaron al australiano <strong>James Wharton<\/strong>. Ambos anuncios se hicieron este lunes.<\/p>\n\n\n\n<p class=\"wp-block-paragraph\">Le\u00f3n, quien cumplir\u00e1 20 a\u00f1os en diciembre, es m\u00e1s conocido en el automovilismo de base por sus t\u00edtulos en <strong>F4 NACAM<\/strong> en <strong>2019-20<\/strong>, <strong>F4 Americana<\/strong> en <strong>2021 <\/strong>y <strong>Euroformula Open<\/strong> en <strong>2023<\/strong>. Ser\u00e1 el segundo a\u00f1o del mexicano en F3 despu\u00e9s de un fuerte a\u00f1o de debut para <strong>Van Amersfoort Racing<\/strong>, con cuatro podios que le valieron el d\u00e9cimo lugar en el campeonato con 79 puntos.<\/p>\n\n\n\n<p class=\"wp-block-paragraph\">\u00abEstoy encantado de unirme a Prema para mi segunda temporada. Estoy muy agradecido por su confianza. Estoy impaciente por trabajar con el equipo y preparar la temporada. Voy a dar lo mejor de m\u00ed para luchar por los dos campeonatos\u00bb, dijo Le\u00f3n, que tendr\u00e1 como compa\u00f1eros de equipo a <strong>Brando Badoer<\/strong> y <strong>Ugo Ugochukwu<\/strong>.<\/p>\n\n\n\n<p class=\"wp-block-paragraph\">\ud83d\udfe5<em><strong>\u00a1Todas las novedades te esperan en el canal de&nbsp;<\/strong><\/em><a href=\"https:\/\/www.youtube.com\/@GrandePremioES\"><em>YouTube<\/em><\/a><em><strong>&nbsp;de Grande Pr\u00eamio en Espa\u00f1ol!<\/strong><\/em>&nbsp;\ud83d\udfe8<\/p>\n\n\n\n<figure class=\"wp-block-image size-full\"><img decoding=\"async\" src=\"https:\/\/grandepremio.com\/es\/wp-content\/uploads\/2024\/10\/wharton.png\" alt=\"\" class=\"wp-image-292332\"\/><figcaption class=\"wp-element-caption\">James Wharton pilotar\u00e1 para ART en la temporada 2025 de F\u00f3rmula 3. (Foto: Divulgaci\u00f3n\/F3)<\/figcaption><\/figure>\n\n\n\n<p class=\"wp-block-paragraph\">\u23e9\u00a0<em><strong>\u00a1Seguinos en redes por\u00a0<\/strong><\/em><a href=\"https:\/\/twitter.com\/grandepremioES\"><em>Twitter\u00a0<\/em><\/a><em><strong>e\u00a0<\/strong><\/em><a href=\"https:\/\/www.instagram.com\/grandepremioes\/\"><em>Instagram!<\/em><\/a><br>\u23e9\u00a0<em><strong>Adem\u00e1s, tenemos nuestro\u00a0<\/strong><\/em><a href=\"https:\/\/whatsapp.com\/channel\/0029VaDZ5zb0gcfDxuwxBM05\"><em>canal de Whatsapp<\/em><\/a><em><strong>\u00a0con toda la informaci\u00f3n al instante<\/strong><\/em>\u00a0\ud83c\udfc1<\/p>\n\n\n\n<p class=\"wp-block-paragraph\">Wharton, por su parte, disputar\u00e1 por primera vez una temporada completa de F3. Campe\u00f3n de la<strong> F4 Emirade<\/strong> en <strong>2023 <\/strong>y actualmente segundo en la temporada de la <strong>FRECA<\/strong>, el australiano de 19 a\u00f1os ya compiti\u00f3 en la doble ronda de <strong>Silverstone <\/strong>para <strong>Hitech<\/strong>, sustituyendo al sancionado <strong>Martinius Stenshorne<\/strong>.<\/p>\n\n\n\n<p class=\"wp-block-paragraph\">\u00abNo puedo agradecer lo suficiente a ART Grand Prix esta incre\u00edble oportunidad. Este es sin duda el mayor paso de mi carrera hasta ahora, y estoy agradecido por la confianza que han depositado en m\u00ed y en mi potencial. Estoy impaciente por empezar a trabajar con uno de los equipos m\u00e1s prestigiosos de la parrilla, y vamos a trabajar duro este invierno para estar listos cuando empiece la temporada\u00bb, revel\u00f3 Wharton, que compartir\u00e1 garaje con <strong>Laurens van Hoepen<\/strong> y <strong>Tuukka Taponen<\/strong>.<\/p>\n\n\n\n<p class=\"wp-block-paragraph\">La <strong>temporada 2025<\/strong> de <strong>F\u00f3rmula 3<\/strong> arrancar\u00e1 los d\u00edas 15 y 16 de marzo con la doble cita de <strong>Melbourne (Australia)<\/strong>. Esta misma semana, los pilotos realizar\u00e1n su segundo test de postemporada en <strong>Barcelona (Espa\u00f1a)<\/strong>. Ser\u00e1 la despedida del chasis <strong>Dallara F3 2019<\/strong>.<\/p>\n\n\n\n<figure class=\"wp-block-embed is-type-video is-provider-youtube wp-block-embed-youtube wp-embed-aspect-16-9 wp-has-aspect-ratio\"><div class=\"wp-block-embed__wrapper\">\n<iframe loading=\"lazy\" title=\"\u00bfQU\u00c9 SUCEDER\u00c1 CON HAAS TRAS SU ALIANZA CON TOYOTA EN F1?\" width=\"500\" height=\"281\" src=\"https:\/\/www.youtube.com\/embed\/Vv9hdHoh9ss?feature=oembed\" frameborder=\"0\" allow=\"accelerometer; autoplay; clipboard-write; encrypted-media; gyroscope; picture-in-picture; web-share\" referrerpolicy=\"strict-origin-when-cross-origin\" allowfullscreen><\/iframe>\n<\/div><\/figure>\n","protected":false},"excerpt":{"rendered":"<p>Prema ha confirmado la llegada del mexicano Noel Le\u00f3n para la temporada 2025 de F\u00f3rmula 3 tras una exitosa etapa en el VAR. James Wharton llega para pilotar para ART.<\/p>\n","protected":false},"author":0,"featured_media":1010292333,"comment_status":"closed","ping_status":"closed","sticky":false,"template":"","format":"standard","meta":{"42wp_featured_image_caption":"","42wp_featured_image_credits":"","42wp_featured_video":"","42wp_featured_image_hidden":false,"42wp_authors_list":[],"footnotes":""},"categories":[4],"tags":[4589,7883,10958,1128,7357,9445,9637,282,10595,6789],"42wp_author":[14240],"class_list":["post-11256","post","type-post","status-publish","format-standard","has-post-thumbnail","hentry","category-f3","tag-art-grand-prix","tag-brando-badoer","tag-f3-2025","tag-formula-3","tag-james-wharton","tag-laurens-van-hoepen","tag-noel-leon","tag-prema","tag-tuuka-taponen","tag-ugo-ugochukwu","42wp_author-ignacio-bogado"],"_links":{"self":[{"href":"https:\/\/grandepremio.com\/es\/wp-json\/wp\/v2\/posts\/11256","targetHints":{"allow":["GET"]}}],"collection":[{"href":"https:\/\/grandepremio.com\/es\/wp-json\/wp\/v2\/posts"}],"about":[{"href":"https:\/\/grandepremio.com\/es\/wp-json\/wp\/v2\/types\/post"}],"replies":[{"embeddable":true,"href":"https:\/\/grandepremio.com\/es\/wp-json\/wp\/v2\/comments?post=11256"}],"version-history":[{"count":0,"href":"https:\/\/grandepremio.com\/es\/wp-json\/wp\/v2\/posts\/11256\/revisions"}],"wp:featuredmedia":[{"embeddable":true,"href":"https:\/\/grandepremio.com\/es\/wp-json\/wp\/v2\/media\/1010292333"}],"wp:attachment":[{"href":"https:\/\/grandepremio.com\/es\/wp-json\/wp\/v2\/media?parent=11256"}],"wp:term":[{"taxonomy":"category","embeddable":true,"href":"https:\/\/grandepremio.com\/es\/wp-json\/wp\/v2\/categories?post=11256"},{"taxonomy":"post_tag","embeddable":true,"href":"https:\/\/grandepremio.com\/es\/wp-json\/wp\/v2\/tags?post=11256"},{"taxonomy":"42wp_author","embeddable":true,"href":"https:\/\/grandepremio.com\/es\/wp-json\/wp\/v2\/42wp_author?post=11256"}],"curies":[{"name":"wp","href":"https:\/\/api.w.org\/{rel}","templated":true}]}}