{"id":11258,"date":"2024-10-14T13:57:38","date_gmt":"2024-10-14T16:57:38","guid":{"rendered":"https:\/\/grandepremio.com\/es\/2024\/10\/14\/fenestraz-elogia-a-rowland-tras-ser-superado-en-nissan\/"},"modified":"2024-10-14T13:57:42","modified_gmt":"2024-10-14T16:57:42","slug":"fenestraz-elogia-a-rowland-tras-ser-superado-en-nissan","status":"publish","type":"post","link":"https:\/\/grandepremio.com\/es\/formula-e\/fenestraz-elogia-a-rowland-tras-ser-superado-en-nissan\/","title":{"rendered":"Fenestraz elogia a Rowland tras ser superado en Nissan: \u00abAl nivel de Verstappen\u00bb"},"content":{"rendered":"\n<p class=\"wp-block-paragraph\">Uno de los grandes talentos de la parrilla de la <strong>F\u00f3rmula E<\/strong> es <strong>Oliver Rowland<\/strong>, que viene de una gran temporada en la que termin\u00f3 cuarto, con dos victorias y cinco podios a sus espaldas. Corriendo para <strong>Nissan<\/strong>, el brit\u00e1nico se impuso con facilidad al menos experimentado <strong>Sacha Fenestraz<\/strong>, que compar\u00f3 a su ya ex compa\u00f1ero de equipo con <strong>Max Verstappen<\/strong>, poni\u00e9ndolos a ambos en el mismo estante.<\/p>\n\n\n\n<p class=\"wp-block-paragraph\">Fenestraz se\u00f1al\u00f3 que afront\u00f3 la <strong>temporada 2023\/24<\/strong>, su segunda en la F\u00f3rmula E, con el objetivo de superar a Rowland en el duelo entre compa\u00f1eros de equipo. Sin embargo, ese objetivo estuvo lejos de cumplirse, ya que el franco-argentino s\u00f3lo sum\u00f3 26 puntos frente a los 156 del ingl\u00e9s.<\/p>\n\n\n\n<p class=\"wp-block-paragraph\">Tras la conclusi\u00f3n de la temporada, <a href=\"https:\/\/grandepremio.com\/es\/formula-e\/nissan-sacha-fenestraz-norman-nato-formula-e\/\">en la que Fenestraz fue despedido de Nissan<\/a>, el piloto de 25 a\u00f1os confes\u00f3 que el objetivo era \u00abpoco realista\u00bb y que el talento de Rowland es comparable al del actual tricampe\u00f3n de F\u00f3rmula 1.<\/p>\n\n\n\n<p class=\"wp-block-paragraph\">\ud83d\udfe5<em><strong>\u00a1Todas las novedades te esperan en el canal de&nbsp;<\/strong><\/em><a href=\"https:\/\/www.youtube.com\/@GrandePremioES\"><em>YouTube<\/em><\/a><em><strong>&nbsp;de Grande Pr\u00eamio en Espa\u00f1ol!<\/strong><\/em>&nbsp;\ud83d\udfe8<\/p>\n\n\n\n<figure class=\"wp-block-image size-large\"><img decoding=\"async\" src=\"https:\/\/grandepremio.com\/cdn-cgi\/image\/width=893,height=558,fit=contain,gravity=0.5x0.5,quality=75,format=webp\/es\/wp-content\/uploads\/2024\/10\/fenestraz-1024x683.jpg\" alt=\"\" class=\"wp-image-292320\"\/><figcaption class=\"wp-element-caption\">Fenestraz disput\u00f3 las \u00faltimas dos temporadas de F\u00f3rmula E con Nissan. (Foto: F\u00f3rmula E)<\/figcaption><\/figure>\n\n\n\n<p class=\"wp-block-paragraph\">\u23e9\u00a0<em><strong>\u00a1Seguinos en redes por\u00a0<\/strong><\/em><a href=\"https:\/\/twitter.com\/grandepremioES\"><em>Twitter\u00a0<\/em><\/a><em><strong>e\u00a0<\/strong><\/em><a href=\"https:\/\/www.instagram.com\/grandepremioes\/\"><em>Instagram!<\/em><\/a><br>\u23e9\u00a0<em><strong>Adem\u00e1s, tenemos nuestro\u00a0<\/strong><\/em><a href=\"https:\/\/whatsapp.com\/channel\/0029VaDZ5zb0gcfDxuwxBM05\"><em>canal de Whatsapp<\/em><\/a><em><strong>\u00a0con toda la informaci\u00f3n al instante<\/strong><\/em>\u00a0\ud83c\udfc1<\/p>\n\n\n\n<p class=\"wp-block-paragraph\">\u00abEmpec\u00e9 la temporada dici\u00e9ndome a m\u00ed mismo: &#8216;Quiero ser el l\u00edder del equipo, quiero ganarle&#8217;. Pero creo que no era realista, porque estamos hablando de Rowland, que estaba en su s\u00e9ptima temporada en la F\u00f3rmula E. Para m\u00ed, era s\u00f3lo mi segunda. Y yo, con 24 a\u00f1os, no ten\u00eda la misma experiencia que un piloto como \u00e9l. Y Oliver, en plena forma, est\u00e1 f\u00e1cilmente al mismo nivel que Verstappen\u00bb, dijo en una entrevista a la revista brit\u00e1nica <em>Autosport<\/em>.<\/p>\n\n\n\n<p class=\"wp-block-paragraph\">Fenestraz tambi\u00e9n revel\u00f3 que Verstappen y Rowland son \u00abbuenos amigos\u00bb y que el piloto de <strong>Red Bull <\/strong>supuestamente le dijo al brit\u00e1nico que, de haber estado en la <strong>F\u00f3rmula 1<\/strong>, podr\u00eda haberle \u00abhecho sombra\u00bb.<\/p>\n\n\n\n<p class=\"wp-block-paragraph\">\u00abEs buen amigo de Verstappen. Este a\u00f1o, Max le dec\u00eda a Oliver que es una pena que no est\u00e9 en la F\u00f3rmula 1, porque le har\u00eda sombra. As\u00ed que la gente dentro del automovilismo conoce su potencial\u00bb, concluy\u00f3.<\/p>\n\n\n\n<p class=\"wp-block-paragraph\">La F\u00f3rmula E no volver\u00e1 a la actividad en pista hasta el 4 y el 7 de noviembre, con los tests colectivos de pretemporada en el circuito espa\u00f1ol de <strong>Valencia<\/strong>. La <strong>temporada 2024\/25<\/strong> arranca en <strong>Brasil<\/strong>, con el <strong>ePrix de Sao Paulo<\/strong>, previsto para el fin de semana del 7 de diciembre.<\/p>\n\n\n\n<figure class=\"wp-block-embed is-type-video is-provider-youtube wp-block-embed-youtube wp-embed-aspect-16-9 wp-has-aspect-ratio\"><div class=\"wp-block-embed__wrapper\">\n<iframe loading=\"lazy\" title=\"\u00bfQU\u00c9 SUCEDER\u00c1 CON HAAS TRAS SU ALIANZA CON TOYOTA EN F1?\" width=\"500\" height=\"281\" src=\"https:\/\/www.youtube.com\/embed\/Vv9hdHoh9ss?feature=oembed\" frameborder=\"0\" allow=\"accelerometer; autoplay; clipboard-write; encrypted-media; gyroscope; picture-in-picture; web-share\" referrerpolicy=\"strict-origin-when-cross-origin\" allowfullscreen><\/iframe>\n<\/div><\/figure>\n","protected":false},"excerpt":{"rendered":"<p>Sacha Fenestraz sit\u00faa a su ex compa\u00f1ero Oliver Rowland \u00abal mismo nivel\u00bb que Max Verstappen cuando est\u00e1 \u00aben plena forma\u00bb.<\/p>\n","protected":false},"author":0,"featured_media":1010292321,"comment_status":"closed","ping_status":"closed","sticky":false,"template":"","format":"standard","meta":{"42wp_featured_image_caption":"","42wp_featured_image_credits":"","42wp_featured_video":"","42wp_featured_image_hidden":false,"42wp_authors_list":[],"footnotes":""},"categories":[18],"tags":[2249,179,462,8632,249,756,3186,3007],"42wp_author":[14240],"class_list":["post-11258","post","type-post","status-publish","format-standard","has-post-thumbnail","hentry","category-formula-e","tag-f1-2024","tag-formula-1","tag-formula-e","tag-formula-e-2024","tag-max-verstappen","tag-nissan","tag-oliver-rowland","tag-sacha-fenestraz","42wp_author-ignacio-bogado"],"_links":{"self":[{"href":"https:\/\/grandepremio.com\/es\/wp-json\/wp\/v2\/posts\/11258","targetHints":{"allow":["GET"]}}],"collection":[{"href":"https:\/\/grandepremio.com\/es\/wp-json\/wp\/v2\/posts"}],"about":[{"href":"https:\/\/grandepremio.com\/es\/wp-json\/wp\/v2\/types\/post"}],"replies":[{"embeddable":true,"href":"https:\/\/grandepremio.com\/es\/wp-json\/wp\/v2\/comments?post=11258"}],"version-history":[{"count":0,"href":"https:\/\/grandepremio.com\/es\/wp-json\/wp\/v2\/posts\/11258\/revisions"}],"wp:featuredmedia":[{"embeddable":true,"href":"https:\/\/grandepremio.com\/es\/wp-json\/wp\/v2\/media\/1010292321"}],"wp:attachment":[{"href":"https:\/\/grandepremio.com\/es\/wp-json\/wp\/v2\/media?parent=11258"}],"wp:term":[{"taxonomy":"category","embeddable":true,"href":"https:\/\/grandepremio.com\/es\/wp-json\/wp\/v2\/categories?post=11258"},{"taxonomy":"post_tag","embeddable":true,"href":"https:\/\/grandepremio.com\/es\/wp-json\/wp\/v2\/tags?post=11258"},{"taxonomy":"42wp_author","embeddable":true,"href":"https:\/\/grandepremio.com\/es\/wp-json\/wp\/v2\/42wp_author?post=11258"}],"curies":[{"name":"wp","href":"https:\/\/api.w.org\/{rel}","templated":true}]}}