{"id":11313,"date":"2024-10-10T13:52:30","date_gmt":"2024-10-10T16:52:30","guid":{"rendered":"https:\/\/grandepremio.com\/es\/2024\/10\/10\/el-padre-de-sainz-defiende-el-fichaje-de-su-hijo-por-williams-en-f1\/"},"modified":"2024-10-10T13:52:34","modified_gmt":"2024-10-10T16:52:34","slug":"el-padre-de-sainz-defiende-el-fichaje-de-su-hijo-por-williams-en-f1","status":"publish","type":"post","link":"https:\/\/grandepremio.com\/es\/f1\/el-padre-de-sainz-defiende-el-fichaje-de-su-hijo-por-williams-en-f1\/","title":{"rendered":"El padre de Sainz defiende el fichaje de su hijo por Williams en F1: \u00abNo fue una decisi\u00f3n f\u00e1cil\u00bb"},"content":{"rendered":"\n<p class=\"wp-block-paragraph\">El bicampe\u00f3n del mundo del <strong>WRC <\/strong>y cuatro veces ganador del <strong>Dakar<\/strong>, <strong>Carlos Sainz<\/strong> padre, ha hablado sobre la decisi\u00f3n de su hijo de fichar por <strong>Williams <\/strong>en lugar de <strong>Audi <\/strong>en la<strong> F\u00f3rmula 1<\/strong>. La larga asociaci\u00f3n del patriarca con la marca alemana hizo esperar que <strong>Sainz Jr.<\/strong> fichara por el equipo, que se incorporar\u00e1 a la parrilla del <strong>Mundial en 2026<\/strong>, tomando el relevo de <strong>Sauber<\/strong>. Sin embargo, la decisi\u00f3n fue para el equipo de <strong>Grove<\/strong>.<\/p>\n\n\n\n<p class=\"wp-block-paragraph\">En una entrevista concedida al diario <em>Marca<\/em>, Sainz padre coment\u00f3 la decisi\u00f3n de su hijo, que deja <strong>Ferrari <\/strong>tras cuatro temporadas para dejar paso al siete veces campe\u00f3n del mundo <strong>Lewis Hamilton<\/strong>. Adem\u00e1s de Williams y Sauber, <strong>Alpine <\/strong>tambi\u00e9n estuvo en conversaciones para traer de vuelta al espa\u00f1ol tras una etapa entre <strong>2017 <\/strong>y <strong>2018<\/strong>.<\/p>\n\n\n\n<p class=\"wp-block-paragraph\">\u00abEs su decisi\u00f3n y tenemos que respetarla. No era una decisi\u00f3n f\u00e1cil ni clara. Hab\u00eda tres o cuatro opciones, y al final \u00e9l tiene que decidir su futuro, y nosotros le apoyamos todo lo posible, y eso es lo que hemos hecho. Williams es un proyecto en crecimiento, y al final de este a\u00f1o est\u00e1 mejorando y esperamos que esta tendencia contin\u00fae\u00bb, afirm\u00f3.<\/p>\n\n\n\n<p class=\"wp-block-paragraph\">\ud83d\udfe5<em><strong>\u00a1Todas las novedades te esperan en el canal de&nbsp;<\/strong><\/em><a href=\"https:\/\/www.youtube.com\/@GrandePremioES\"><em>YouTube<\/em><\/a><em><strong>&nbsp;de Grande Pr\u00eamio en Espa\u00f1ol!<\/strong><\/em>&nbsp;\ud83d\udfe8<\/p>\n\n\n\n<figure class=\"wp-block-image size-large\"><img decoding=\"async\" src=\"https:\/\/grandepremio.com\/cdn-cgi\/image\/width=893,height=558,fit=contain,gravity=0.5x0.5,quality=75,format=webp\/es\/wp-content\/uploads\/2024\/10\/Sainz-Ferrari-1024x683.jpg\" alt=\"\" class=\"wp-image-291818\"\/><figcaption class=\"wp-element-caption\">Carlos Sainz dejar\u00e1 Ferrari para unirse a Williams en 2025. (Foto: Pirelli)<\/figcaption><\/figure>\n\n\n\n<p class=\"wp-block-paragraph\">\u23e9\u00a0<em><strong>\u00a1Seguinos en redes por\u00a0<\/strong><\/em><a href=\"https:\/\/twitter.com\/grandepremioES\"><em>Twitter\u00a0<\/em><\/a><em><strong>e\u00a0<\/strong><\/em><a href=\"https:\/\/www.instagram.com\/grandepremioes\/\"><em>Instagram!<\/em><\/a><br>\u23e9\u00a0<em><strong>Adem\u00e1s, tenemos nuestro\u00a0<\/strong><\/em><a href=\"https:\/\/whatsapp.com\/channel\/0029VaDZ5zb0gcfDxuwxBM05\"><em>canal de Whatsapp<\/em><\/a><em><strong>\u00a0con toda la informaci\u00f3n al instante<\/strong><\/em>\u00a0\ud83c\udfc1<\/p>\n\n\n\n<p class=\"wp-block-paragraph\">Sainz padre ha pilotado para Audi en el Dakar en las tres \u00faltimas ediciones, conquistando el t\u00edtulo en <strong>2024<\/strong>, lo que curiosamente ocurri\u00f3 con cero victorias en especiales. Alab\u00f3 el apoyo prestado a su hijo y dijo que, a pesar de su victoria en <strong>Australia<\/strong>, la temporada ha sido dif\u00edcil.<\/p>\n\n\n\n<p class=\"wp-block-paragraph\">\u00abCarlos ha dejado una buena impresi\u00f3n en todos los equipos para los que ha pilotado, con su trabajo y conocimientos. Los equipos mejoraron cuando lleg\u00f3 y eso es lo importante para un profesional, y es lo que deben esperar de \u00e9l. Creo que Carlos es un piloto serio y que tiene muy claro hacia d\u00f3nde va. Siempre he estado a su lado. Es verdad que este a\u00f1o ha sido muy dif\u00edcil, cuando Hamilton fue confirmado en Ferrari antes de la temporada, era una situaci\u00f3n complicada\u00bb, concluy\u00f3.<\/p>\n\n\n\n<p class=\"wp-block-paragraph\">La\u00a0<strong><a href=\"https:\/\/es.grandepremio.com\/f1\/\" target=\"_blank\" rel=\"noreferrer noopener\">F\u00f3rmula 1<\/a><\/strong>\u00a0regresa del 18 al 20 de octubre en\u00a0<strong>Austin<\/strong>\u00a0para el\u00a0<strong>GP de Estados Unidos<\/strong>, inicio de la gira americana de la\u00a0<strong>temporada 2024<\/strong>.<\/p>\n\n\n\n<figure class=\"wp-block-embed is-type-video is-provider-youtube wp-block-embed-youtube wp-embed-aspect-16-9 wp-has-aspect-ratio\"><div class=\"wp-block-embed__wrapper\">\n<iframe loading=\"lazy\" title=\"COLAPINTO Y LOS DESAF\u00cdOS FINALES EN F1 2024\" width=\"500\" height=\"281\" src=\"https:\/\/www.youtube.com\/embed\/NsKYxO6UOyQ?feature=oembed\" frameborder=\"0\" allow=\"accelerometer; autoplay; clipboard-write; encrypted-media; gyroscope; picture-in-picture; web-share\" referrerpolicy=\"strict-origin-when-cross-origin\" allowfullscreen><\/iframe>\n<\/div><\/figure>\n","protected":false},"excerpt":{"rendered":"<p>Carlos Sainz padre habl\u00f3 sobre la decisi\u00f3n de su hijo de renunciar a Audi y fichar por Williams en la F\u00f3rmula 1. El piloto espa\u00f1ol deja Ferrari tras cuatro temporadas.<\/p>\n","protected":false},"author":0,"featured_media":1010291819,"comment_status":"closed","ping_status":"closed","sticky":false,"template":"","format":"standard","meta":{"42wp_featured_image_caption":"","42wp_featured_image_credits":"","42wp_featured_video":"","42wp_featured_image_hidden":false,"42wp_authors_list":[],"footnotes":""},"categories":[5],"tags":[612,302,319,2249,185,179,1870,497,204,1226],"42wp_author":[14240],"class_list":["post-11313","post","type-post","status-publish","format-standard","has-post-thumbnail","hentry","category-f1","tag-audi","tag-carlos-sainz","tag-dakar","tag-f1-2024","tag-ferrari","tag-formula-1","tag-lews-hamilton","tag-sauber","tag-williams","tag-wrc","42wp_author-ignacio-bogado"],"_links":{"self":[{"href":"https:\/\/grandepremio.com\/es\/wp-json\/wp\/v2\/posts\/11313","targetHints":{"allow":["GET"]}}],"collection":[{"href":"https:\/\/grandepremio.com\/es\/wp-json\/wp\/v2\/posts"}],"about":[{"href":"https:\/\/grandepremio.com\/es\/wp-json\/wp\/v2\/types\/post"}],"replies":[{"embeddable":true,"href":"https:\/\/grandepremio.com\/es\/wp-json\/wp\/v2\/comments?post=11313"}],"version-history":[{"count":0,"href":"https:\/\/grandepremio.com\/es\/wp-json\/wp\/v2\/posts\/11313\/revisions"}],"wp:featuredmedia":[{"embeddable":true,"href":"https:\/\/grandepremio.com\/es\/wp-json\/wp\/v2\/media\/1010291819"}],"wp:attachment":[{"href":"https:\/\/grandepremio.com\/es\/wp-json\/wp\/v2\/media?parent=11313"}],"wp:term":[{"taxonomy":"category","embeddable":true,"href":"https:\/\/grandepremio.com\/es\/wp-json\/wp\/v2\/categories?post=11313"},{"taxonomy":"post_tag","embeddable":true,"href":"https:\/\/grandepremio.com\/es\/wp-json\/wp\/v2\/tags?post=11313"},{"taxonomy":"42wp_author","embeddable":true,"href":"https:\/\/grandepremio.com\/es\/wp-json\/wp\/v2\/42wp_author?post=11313"}],"curies":[{"name":"wp","href":"https:\/\/api.w.org\/{rel}","templated":true}]}}