{"id":11326,"date":"2024-10-09T15:41:15","date_gmt":"2024-10-09T18:41:15","guid":{"rendered":"https:\/\/grandepremio.com\/es\/2024\/10\/09\/fia-rezuerza-cupula-y-anuncia-directores-tras-estampida-profesionales-2024\/"},"modified":"2024-10-09T15:41:21","modified_gmt":"2024-10-09T18:41:21","slug":"fia-rezuerza-cupula-y-anuncia-directores-tras-estampida-profesionales-2024","status":"publish","type":"post","link":"https:\/\/grandepremio.com\/es\/f1\/fia-rezuerza-cupula-y-anuncia-directores-tras-estampida-profesionales-2024\/","title":{"rendered":"La FIA refuerza su c\u00fapula y anuncia directores tras la estampida de profesionales de 2024"},"content":{"rendered":"\n<p class=\"wp-block-paragraph\">Tras <a href=\"https:\/\/grandepremio.com\/es\/f1\/fia-pierde-otros-dos-directores-aumenta-salidas-directivos-2024\/\">sufrir dos bajas importantes en la \u00faltima semana<\/a>, con las salidas de <strong>Luke Skipper<\/strong>, director de comunicaci\u00f3n, y <strong>Jacob Bangsgaard<\/strong>, secretario general de <strong>Movilidad y Turismo<\/strong>, la <strong>Federaci\u00f3n Internacional del Autom\u00f3vil (FIA)<\/strong> ha movido fichas y ha anunciado las llegadas de <strong>Alberto Villarreal<\/strong> y <strong>Alessandra Malham\u00e9<\/strong> -aunque ninguno de los dos es un sustituto directo de los que dimitieron anteriormente-.<\/p>\n\n\n\n<p class=\"wp-block-paragraph\">El espa\u00f1ol ha trabajado para importantes empresas del sector del autom\u00f3vil y llega para asumir el cargo de <strong>Director General,<\/strong> reportando directamente al <strong>Presidente Mohammed Ben Sulayem<\/strong>. Villarreal ser\u00e1 responsable de supervisar los resultados operativos y financieros de la organizaci\u00f3n.<\/p>\n\n\n\n<p class=\"wp-block-paragraph\">\ud83d\udfe5<em><strong>\u00a1Todas las novedades te esperan en el canal de&nbsp;<\/strong><\/em><a href=\"https:\/\/www.youtube.com\/@GrandePremioES\"><em>YouTube<\/em><\/a><em><strong>&nbsp;de Grande Pr\u00eamio en Espa\u00f1ol!<\/strong><\/em>&nbsp;\ud83d\udfe8<\/p>\n\n\n\n<figure class=\"wp-block-embed is-type-video is-provider-youtube wp-block-embed-youtube wp-embed-aspect-16-9 wp-has-aspect-ratio\"><div class=\"wp-block-embed__wrapper\">\n<iframe loading=\"lazy\" title=\"COLAPINTO Y LOS DESAF\u00cdOS FINALES EN F1 2024\" width=\"500\" height=\"281\" src=\"https:\/\/www.youtube.com\/embed\/NsKYxO6UOyQ?feature=oembed\" frameborder=\"0\" allow=\"accelerometer; autoplay; clipboard-write; encrypted-media; gyroscope; picture-in-picture; web-share\" referrerpolicy=\"strict-origin-when-cross-origin\" allowfullscreen><\/iframe>\n<\/div><\/figure>\n\n\n\n<p class=\"wp-block-paragraph\">\u00abEs un honor unirme a la FIA en un momento tan crucial. Estoy deseando trabajar con los miembros, el presidente, el equipo directivo y todo el personal para lograr nuestros objetivos comunes de reforma y crecimiento\u00bb, declar\u00f3 en un comunicado del organismo rector del deporte.<\/p>\n\n\n\n<p class=\"wp-block-paragraph\">Por su parte, Malham\u00e9 es italiana y ha sido contratada para dirigir iniciativas estrat\u00e9gicas en recursos humanos, con especial atenci\u00f3n a las operaciones en el lugar de trabajo. En el mismo comunicado de prensa, hizo hincapi\u00e9 en el valor de las personas dentro de una organizaci\u00f3n y mencion\u00f3 los objetivos para los pr\u00f3ximos a\u00f1os.<\/p>\n\n\n\n<p class=\"wp-block-paragraph\">\u00abLa fuerza de cualquier organizaci\u00f3n pr\u00f3spera reside en su gente. Mi objetivo en la FIA ser\u00e1 promover una cultura de inclusi\u00f3n e innovaci\u00f3n, simplificar los procesos y capacitar a los empleados para alcanzar nuestros objetivos comunes\u00bb, declar\u00f3.<\/p>\n\n\n\n<figure class=\"wp-block-image size-full\"><img decoding=\"async\" src=\"https:\/\/grandepremio.com\/es\/wp-content\/uploads\/2024\/10\/FIA-2021-Mohammed-Ben-Sulayem-e1728055758855.jpg\" alt=\"\" class=\"wp-image-256571\"\/><figcaption class=\"wp-element-caption\">Mohammed Ben Sulayem dio la bienvenida a los nuevos integrantes de la FIA. (Foto: Reproducci\u00f3n\/FIA)<\/figcaption><\/figure>\n\n\n\n<p class=\"wp-block-paragraph\">\u23e9\u00a0<em><strong>\u00a1Seguinos en redes por\u00a0<\/strong><\/em><a href=\"https:\/\/twitter.com\/grandepremioES\"><em>Twitter\u00a0<\/em><\/a><em><strong>e\u00a0<\/strong><\/em><a href=\"https:\/\/www.instagram.com\/grandepremioes\/\"><em>Instagram!<\/em><\/a><br>\u23e9\u00a0<em><strong>Adem\u00e1s, tenemos nuestro\u00a0<\/strong><\/em><a href=\"https:\/\/whatsapp.com\/channel\/0029VaDZ5zb0gcfDxuwxBM05\"><em>canal de Whatsapp<\/em><\/a><em><strong>\u00a0con toda la informaci\u00f3n al instante<\/strong><\/em>\u00a0\ud83c\udfc1<\/p>\n\n\n\n<p class=\"wp-block-paragraph\">Como era de esperar, Ben Sulayem &#8211;<a href=\"https:\/\/grandepremio.com\/es\/f1\/presidente-fia-reeleccion-dice-ente-mejoro-2021\/\">que afirm\u00f3 categ\u00f3ricamente que la FIA ha \u00abmejorado un 100%\u00bb desde que asumi\u00f3 la presidencia a finales de 2021<\/a>&#8211; dio la bienvenida a los profesionales y elogi\u00f3 a cada uno por sus respectivas capacidades.<\/p>\n\n\n\n<p class=\"wp-block-paragraph\">\u00abEstoy encantado de dar la bienvenida al equipo a Alberto y Alessandra. Con la amplia experiencia de liderazgo de Alberto, estoy seguro de que impulsar\u00e1 la sostenibilidad de nuestros resultados financieros, nuestra gobernanza y nuestras operaciones, y de que aportar\u00e1 valor a nuestros miembros\u00bb, empez\u00f3 diciendo. \u00bbAlessandra aporta a la federaci\u00f3n una gran experiencia en RRHH. Estoy seguro de que garantizar\u00e1 el desarrollo de nuestro bien m\u00e1s preciado: nuestra gente\u00bb, concluy\u00f3.<\/p>\n\n\n\n<p class=\"wp-block-paragraph\">La\u00a0<strong>F\u00f3rmula 1<\/strong>\u00a0regresa del 18 al 20 de octubre en\u00a0<strong>Austin (Estados Unidos)<\/strong>, inicio de la gira americana de la\u00a0<strong>temporada 2024<\/strong>.<\/p>\n","protected":false},"excerpt":{"rendered":"<p>El espa\u00f1ol Alberto Villarreal y la italiana Alessandra Malham\u00e9 han llegado para ocupar los cargos de director general y directora de RRHH, respectivamente.<\/p>\n","protected":false},"author":0,"featured_media":1010250479,"comment_status":"closed","ping_status":"closed","sticky":false,"template":"","format":"standard","meta":{"42wp_featured_image_caption":"","42wp_featured_image_credits":"","42wp_featured_video":"","42wp_featured_image_hidden":false,"42wp_authors_list":[],"footnotes":""},"categories":[5],"tags":[10932,10933,2249,263,10903,10902,1930],"42wp_author":[14240],"class_list":["post-11326","post","type-post","status-publish","format-standard","has-post-thumbnail","hentry","category-f1","tag-alberto-villarreal","tag-alessandra-malhame","tag-f1-2024","tag-fia","tag-jacob-bangsgaard","tag-luke-skipper","tag-mohammed-ben-sulayem","42wp_author-ignacio-bogado"],"_links":{"self":[{"href":"https:\/\/grandepremio.com\/es\/wp-json\/wp\/v2\/posts\/11326","targetHints":{"allow":["GET"]}}],"collection":[{"href":"https:\/\/grandepremio.com\/es\/wp-json\/wp\/v2\/posts"}],"about":[{"href":"https:\/\/grandepremio.com\/es\/wp-json\/wp\/v2\/types\/post"}],"replies":[{"embeddable":true,"href":"https:\/\/grandepremio.com\/es\/wp-json\/wp\/v2\/comments?post=11326"}],"version-history":[{"count":0,"href":"https:\/\/grandepremio.com\/es\/wp-json\/wp\/v2\/posts\/11326\/revisions"}],"wp:featuredmedia":[{"embeddable":true,"href":"https:\/\/grandepremio.com\/es\/wp-json\/wp\/v2\/media\/1010250479"}],"wp:attachment":[{"href":"https:\/\/grandepremio.com\/es\/wp-json\/wp\/v2\/media?parent=11326"}],"wp:term":[{"taxonomy":"category","embeddable":true,"href":"https:\/\/grandepremio.com\/es\/wp-json\/wp\/v2\/categories?post=11326"},{"taxonomy":"post_tag","embeddable":true,"href":"https:\/\/grandepremio.com\/es\/wp-json\/wp\/v2\/tags?post=11326"},{"taxonomy":"42wp_author","embeddable":true,"href":"https:\/\/grandepremio.com\/es\/wp-json\/wp\/v2\/42wp_author?post=11326"}],"curies":[{"name":"wp","href":"https:\/\/api.w.org\/{rel}","templated":true}]}}