{"id":11378,"date":"2024-10-06T13:47:12","date_gmt":"2024-10-06T16:47:12","guid":{"rendered":"https:\/\/grandepremio.com\/es\/2024\/10\/06\/sauber-wheatley-clave-reestructuracion-f1-2026\/"},"modified":"2024-10-06T13:47:15","modified_gmt":"2024-10-06T16:47:15","slug":"sauber-wheatley-clave-reestructuracion-f1-2026","status":"publish","type":"post","link":"https:\/\/grandepremio.com\/es\/f1\/sauber-wheatley-clave-reestructuracion-f1-2026\/","title":{"rendered":"Para Sauber, Wheatley es clave en la reestructuraci\u00f3n del equipo para F1 2026"},"content":{"rendered":"\n<p class=\"wp-block-paragraph\">A pesar de los cambios internos que hubo en <strong>Audi<\/strong>, el proyecto de ingreso a la <strong>F\u00f3rmula 1<\/strong> en 2026 sigue en marcha y la contrataci\u00f3n de<strong> Jonathan Wheatley<\/strong>, ex director deportivo de <strong>Red Bull<\/strong>, es visto por Sauber como una pieza clave en la necesaria reestructuraci\u00f3n de la escuder\u00eda suiza, que dejar\u00e1 paso al fabricante alem\u00e1n en dos a\u00f1os.<\/p>\n\n\n\n<p class=\"wp-block-paragraph\">Wheatley tiene una larga historia con Red Bull: el brit\u00e1nico lleva 18 a\u00f1os trabajando para el equipo de las bebidas energizantes y form\u00f3 parte de los \u00e9xitos de<strong> Sebastian Vettel<\/strong> y de <strong>Max Verstappen<\/strong>. Por esto, <strong>Alessandro Alunni Bravi<\/strong>, representante de <strong>Sauber<\/strong>, valor\u00f3 su experiencia y conf\u00eda en su capacidad para liderar a Audi desde 2026.<\/p>\n\n\n\n<p class=\"wp-block-paragraph\">\ud83d\udfe5<em><strong>\u00a1Todas las novedades te esperan en el canal de&nbsp;<\/strong><\/em><a href=\"https:\/\/www.youtube.com\/@GrandePremioES\"><em>YouTube<\/em><\/a><em><strong>&nbsp;de Grande Pr\u00eamio en Espa\u00f1ol!<\/strong><\/em>&nbsp;\ud83d\udfe8<\/p>\n\n\n\n<p class=\"wp-block-paragraph\"><strong>\u201cPuedo juzgar a Jonathan desde fuera porque no le conozco personalmente, pero por supuesto podemos ver que ha tenido un fuerte impacto y contribuci\u00f3n en los \u00faltimos 18 a\u00f1os de \u00e9xito en Red Bull. Red Bull era, y sigue siendo, la referencia en la F\u00f3rmula 1 como equipo, en t\u00e9rminos de organizaci\u00f3n y talento\u201d<\/strong>, dijo Alunni Bravi.<\/p>\n\n\n\n<figure class=\"wp-block-image size-large\"><img decoding=\"async\" src=\"https:\/\/grandepremio.com\/cdn-cgi\/image\/width=893,height=558,fit=contain,gravity=0.5x0.5,quality=75,format=webp\/es\/wp-content\/uploads\/2024\/10\/singapura-2024-f1-treinos-livres-sauber-valtteri-bottas-06-1200x800-1-1024x683.jpg\" alt=\"\" class=\"wp-image-256758\"\/><figcaption class=\"wp-element-caption\">Sauber est\u00e1 atravesando un proceso de reestructuraci\u00f3n en la F1 (Foto: Sauber)<\/figcaption><\/figure>\n\n\n\n<p class=\"wp-block-paragraph\"><strong>\u201cY por eso creo que una persona que ha estado en uno de los puestos clave de este equipo puede simplemente aportar una contribuci\u00f3n positiva. Y espero que Jonathan lidere nuestro equipo junto con Mattia. As\u00ed que para m\u00ed es una incorporaci\u00f3n positiva, y estamos deseando contar con \u00e9l el a\u00f1o que viene\u201d<\/strong>, concluy\u00f3 el representante de Sauber.<\/p>\n\n\n\n<p class=\"wp-block-paragraph\">De cara a 2026, Audi tomar\u00e1 el control total de Sauber tras haber comprado a la escuder\u00eda de <strong>Hinwil <\/strong>y ser\u00e1 equipo de f\u00e1brica, con <strong>Mattia Binotto<\/strong> como cabeza visible del proyecto y con Wheatley como jefe de equipo. <strong>Nico H\u00fclkenberg<\/strong> est\u00e1 firmado como uno de los pilotos, restar\u00e1 saber qui\u00e9n ser\u00e1 el segundo corredor desde el a\u00f1o que viene.<\/p>\n\n\n\n<p class=\"wp-block-paragraph\">\u23e9\u00a0<em><strong>\u00a1Seguinos en redes por\u00a0<\/strong><\/em><a href=\"https:\/\/twitter.com\/grandepremioES\"><em>Twitter\u00a0<\/em><\/a><em><strong>e\u00a0<\/strong><\/em><a href=\"https:\/\/www.instagram.com\/grandepremioes\/\"><em>Instagram!<\/em><\/a><br>\u23e9\u00a0<em><strong>Adem\u00e1s, tenemos nuestro\u00a0<\/strong><\/em><a href=\"https:\/\/whatsapp.com\/channel\/0029VaDZ5zb0gcfDxuwxBM05\"><em>canal de Whatsapp<\/em><\/a><em><strong>\u00a0con toda la informaci\u00f3n al instante<\/strong><\/em>\u00a0\ud83c\udfc1<br><br>La F\u00f3rmula 1 s\u00f3lo regresa ahora entre el 18 y el 20 de octubre para el Gran Premio de Estados Unidos en el Circuito de las Am\u00e9ricas en Austin, Texas.<\/p>\n\n\n\n<figure class=\"wp-block-embed is-type-video is-provider-youtube wp-block-embed-youtube wp-embed-aspect-16-9 wp-has-aspect-ratio\"><div class=\"wp-block-embed__wrapper\">\n<iframe loading=\"lazy\" title=\"FENESTRAZ, SIN F\u00d3RMULA E, DECIDE SU FUTURO ENTRE EE.UU. Y JAP\u00d3N\" width=\"500\" height=\"281\" src=\"https:\/\/www.youtube.com\/embed\/4jeM3ESqhZ0?feature=oembed\" frameborder=\"0\" allow=\"accelerometer; autoplay; clipboard-write; encrypted-media; gyroscope; picture-in-picture; web-share\" referrerpolicy=\"strict-origin-when-cross-origin\" allowfullscreen><\/iframe>\n<\/div><\/figure>\n","protected":false},"excerpt":{"rendered":"<p>Alessandro Alunni Bravi, representante del equipo Sauber de la F\u00f3rmula 1, est\u00e1 encantado con la llegada de Jonathan Wheatley y conf\u00eda en que el futuro jefe har\u00e1 un buen trabajo en la transici\u00f3n de la escuder\u00eda hacia Audi, que llegar\u00e1 en 2026. <\/p>\n","protected":false},"author":0,"featured_media":1010256753,"comment_status":"closed","ping_status":"closed","sticky":false,"template":"","format":"standard","meta":{"42wp_featured_image_caption":"","42wp_featured_image_credits":"","42wp_featured_video":"","42wp_featured_image_hidden":false,"42wp_authors_list":[],"footnotes":""},"categories":[5],"tags":[5303,612,181,179,5483,2173,439,249,486,206,497,208],"42wp_author":[14237],"class_list":["post-11378","post","type-post","status-publish","format-standard","has-post-thumbnail","hentry","category-f1","tag-alessandro-alunni-bravi","tag-audi","tag-f1","tag-formula-1","tag-hinwil","tag-jonathan-wheatley","tag-mattia-binotto","tag-max-verstappen","tag-nico-hulkenberg","tag-red-bull","tag-sauber","tag-sebastian-vettel","42wp_author-gabriel-garcia"],"_links":{"self":[{"href":"https:\/\/grandepremio.com\/es\/wp-json\/wp\/v2\/posts\/11378","targetHints":{"allow":["GET"]}}],"collection":[{"href":"https:\/\/grandepremio.com\/es\/wp-json\/wp\/v2\/posts"}],"about":[{"href":"https:\/\/grandepremio.com\/es\/wp-json\/wp\/v2\/types\/post"}],"replies":[{"embeddable":true,"href":"https:\/\/grandepremio.com\/es\/wp-json\/wp\/v2\/comments?post=11378"}],"version-history":[{"count":0,"href":"https:\/\/grandepremio.com\/es\/wp-json\/wp\/v2\/posts\/11378\/revisions"}],"wp:featuredmedia":[{"embeddable":true,"href":"https:\/\/grandepremio.com\/es\/wp-json\/wp\/v2\/media\/1010256753"}],"wp:attachment":[{"href":"https:\/\/grandepremio.com\/es\/wp-json\/wp\/v2\/media?parent=11378"}],"wp:term":[{"taxonomy":"category","embeddable":true,"href":"https:\/\/grandepremio.com\/es\/wp-json\/wp\/v2\/categories?post=11378"},{"taxonomy":"post_tag","embeddable":true,"href":"https:\/\/grandepremio.com\/es\/wp-json\/wp\/v2\/tags?post=11378"},{"taxonomy":"42wp_author","embeddable":true,"href":"https:\/\/grandepremio.com\/es\/wp-json\/wp\/v2\/42wp_author?post=11378"}],"curies":[{"name":"wp","href":"https:\/\/api.w.org\/{rel}","templated":true}]}}