{"id":11390,"date":"2024-10-05T11:15:48","date_gmt":"2024-10-05T14:15:48","guid":{"rendered":"https:\/\/grandepremio.com\/es\/2024\/10\/05\/fenestraz-sin-formula-e-decide-2025-estados-unidos-japon\/"},"modified":"2024-10-05T11:15:53","modified_gmt":"2024-10-05T14:15:53","slug":"fenestraz-sin-formula-e-decide-2025-estados-unidos-japon","status":"publish","type":"post","link":"https:\/\/grandepremio.com\/es\/formula-e\/fenestraz-sin-formula-e-decide-2025-estados-unidos-japon\/","title":{"rendered":"Fenestraz, sin F\u00f3rmula E, decide su futuro para temporada 2025 entre Estados Unidos y Jap\u00f3n"},"content":{"rendered":"\n<p class=\"wp-block-paragraph\">La noticia de que <strong>Sacha Fenestraz <\/strong>iba a ser despedido por <strong>Nissan<\/strong> sorprendi\u00f3 a much\u00edsima gente, dado que el piloto franco-argentino coment\u00f3 que ten\u00eda contrato con el fabricante japon\u00e9s en la <strong>F\u00f3rmula E <\/strong>hasta la temporada 2026. Sin embargo, y en el medio de los rumores period\u00edsticos que comenzaron a circular hace dos meses, el equipo cambi\u00f3 de planes de manera abrupta.<\/p>\n\n\n\n<p class=\"wp-block-paragraph\">Seg\u00fan la versi\u00f3n de Fenestraz, quien charl\u00f3 con <strong>GRANDE PREMIO<\/strong>, desde la directiva le hab\u00edan afirmado que no habr\u00eda cambios en su estatus como piloto de la categor\u00eda el\u00e9ctrica, pero eso no tuvo su correlaci\u00f3n luego: es que <strong>Tommaso Volpe<\/strong>, jefe de la escuder\u00eda japonesa, se decidi\u00f3 por Norman Nato.<\/p>\n\n\n\n<p class=\"wp-block-paragraph\">Ante el shock que produjo la noticia, se han producido much\u00edsimas muestras de apoyo para con el carism\u00e1tico piloto de 24 a\u00f1os. Pese a la situaci\u00f3n negativa, no se qued\u00f3 sin opciones y r\u00e1pidamente recibi\u00f3 un llamado desde Jap\u00f3n. Para este medio, el corredor criado en C\u00f3rdoba dijo que, en efecto, su ex jefe, <strong>Masahiko Kondo<\/strong>, del Kondo Racing de la <strong>S\u00faper F\u00f3rmula<\/strong>, y el jefe de <strong>Tom&#8217;s Racing<\/strong>, se comunicaron con \u00e9l para saber si quer\u00eda volver a suelo nip\u00f3n.<\/p>\n\n\n\n<figure class=\"wp-block-image size-large\"><img decoding=\"async\" src=\"https:\/\/grandepremio.com\/cdn-cgi\/image\/width=893,height=558,fit=contain,gravity=0.5x0.5,quality=75,format=webp\/es\/wp-content\/uploads\/2024\/10\/Q0_RmVeG2_1290x760__1-1024x603.jpg\" alt=\"\" class=\"wp-image-256660\"\/><figcaption class=\"wp-element-caption\">Sacha Fenestraz, con su casco argentino. (Foto: Nissan)<\/figcaption><\/figure>\n\n\n\n<p class=\"wp-block-paragraph\">Cabe recordar que Fenestraz le dio el triunfo a Kondo en 2022 en la Super F\u00f3rmula y pele\u00f3 el campeonato de GT500 con Tom&#8217;s junto a<strong> Ritomo Miyata<\/strong> ese mismo a\u00f1o. Nissan, por su parte, no se qued\u00f3 atr\u00e1s y le ofreci\u00f3 un importante puesto. <em>\u00bfRojo o azul? <\/em>En relaci\u00f3n a los principales equipos de la marca en<strong> SuperGT<\/strong>. Sacha respondi\u00f3 a <strong>GRANDE PREMIO<\/strong> que el fabricante lo quiere en el auto m\u00e1s relevante. O sea, el cl\u00e1sico #23 con los colores rojo de la marca.<\/p>\n\n\n\n<p class=\"wp-block-paragraph\">Pero no es la \u00fanica opci\u00f3n. Habiendo descartado por completo permanecer en la F\u00f3rmula E, a Fenestraz le lleg\u00f3 una posibilidad de subirse a un <strong>LMDh<\/strong> en Estados Unidos y en el <strong>Mundial de Resistencia<\/strong>, con una marca oficial, sin desvelar cuales. Adem\u00e1s, mantiene su rol de piloto de simulador en la F\u00f3rmula 1 y aguarda por una posibilidad de probar un coche de la categor\u00eda. Su idea es no esperar mucho tiempo m\u00e1s por una chance concreta de llegar a ser piloto de la F1, como lo ha logrado <strong>Franco Colapinto<\/strong>.<\/p>\n\n\n\n<p class=\"wp-block-paragraph\">\u00bfJap\u00f3n o Estados Unidos? Fenestraz sabe que no puede dejar pasar la posibilidad que le brindar\u00eda mostrarse en el <strong>WEC <\/strong>e <strong>IMSA<\/strong>, pero, a su vez, un compromiso con un fabricante le impedir\u00eda perseguir su sue\u00f1o de la F\u00f3rmula 1. Un regreso a Jap\u00f3n podr\u00eda ser visto como un fracaso, pero, como ya ocurri\u00f3 en 2019, ser\u00eda un segundo relanzamiento de su carrera deportiva tras un a\u00f1o muy complicado en la F\u00f3rmula E.<\/p>\n\n\n\n<figure class=\"wp-block-embed is-type-video is-provider-youtube wp-block-embed-youtube wp-embed-aspect-16-9 wp-has-aspect-ratio\"><div class=\"wp-block-embed__wrapper\">\n<iframe loading=\"lazy\" title=\"FENESTRAZ, SIN F\u00d3RMULA E, DECIDE SU FUTURO ENTRE EE.UU. Y JAP\u00d3N\" width=\"500\" height=\"281\" src=\"https:\/\/www.youtube.com\/embed\/4jeM3ESqhZ0?feature=oembed\" frameborder=\"0\" allow=\"accelerometer; autoplay; clipboard-write; encrypted-media; gyroscope; picture-in-picture; web-share\" referrerpolicy=\"strict-origin-when-cross-origin\" allowfullscreen><\/iframe>\n<\/div><\/figure>\n","protected":false},"excerpt":{"rendered":"<p>Sacha Fenestraz fue cesado por Nissan hace unas semanas y ya mira lejos de la F\u00f3rmula E con dos importantes propuestas deportivas, pero bien diferentes: desembarcar en la Resistencia o volver a Jap\u00f3n, donde ha tenido un exitoso paso por el automovilismo de ese pa\u00eds.<\/p>\n","protected":false},"author":0,"featured_media":1010256630,"comment_status":"closed","ping_status":"closed","sticky":false,"template":"","format":"standard","meta":{"42wp_featured_image_caption":"","42wp_featured_image_credits":"","42wp_featured_video":"","42wp_featured_image_hidden":false,"42wp_authors_list":[],"footnotes":""},"categories":[18],"tags":[462,814,1488,322,3097,10911,1830,756,7073,3007,4508,6689,10075,10295,311],"42wp_author":[14237],"class_list":["post-11390","post","type-post","status-publish","format-standard","has-post-thumbnail","hentry","category-formula-e","tag-formula-e","tag-franco-colapinto","tag-grande-premio","tag-imsa","tag-lmdh","tag-masahiko-kondo","tag-mundial-de-resistencia","tag-nissan","tag-ritomo-miyata","tag-sacha-fenestraz","tag-super-formula","tag-supergt","tag-tommaso-volpe","tag-toms-racing","tag-wec","42wp_author-gabriel-garcia"],"_links":{"self":[{"href":"https:\/\/grandepremio.com\/es\/wp-json\/wp\/v2\/posts\/11390","targetHints":{"allow":["GET"]}}],"collection":[{"href":"https:\/\/grandepremio.com\/es\/wp-json\/wp\/v2\/posts"}],"about":[{"href":"https:\/\/grandepremio.com\/es\/wp-json\/wp\/v2\/types\/post"}],"replies":[{"embeddable":true,"href":"https:\/\/grandepremio.com\/es\/wp-json\/wp\/v2\/comments?post=11390"}],"version-history":[{"count":0,"href":"https:\/\/grandepremio.com\/es\/wp-json\/wp\/v2\/posts\/11390\/revisions"}],"wp:featuredmedia":[{"embeddable":true,"href":"https:\/\/grandepremio.com\/es\/wp-json\/wp\/v2\/media\/1010256630"}],"wp:attachment":[{"href":"https:\/\/grandepremio.com\/es\/wp-json\/wp\/v2\/media?parent=11390"}],"wp:term":[{"taxonomy":"category","embeddable":true,"href":"https:\/\/grandepremio.com\/es\/wp-json\/wp\/v2\/categories?post=11390"},{"taxonomy":"post_tag","embeddable":true,"href":"https:\/\/grandepremio.com\/es\/wp-json\/wp\/v2\/tags?post=11390"},{"taxonomy":"42wp_author","embeddable":true,"href":"https:\/\/grandepremio.com\/es\/wp-json\/wp\/v2\/42wp_author?post=11390"}],"curies":[{"name":"wp","href":"https:\/\/api.w.org\/{rel}","templated":true}]}}