{"id":11394,"date":"2024-10-04T16:40:12","date_gmt":"2024-10-04T19:40:12","guid":{"rendered":"https:\/\/grandepremio.com\/es\/2024\/10\/04\/leclerc-critica-fia-polemica-singapur\/"},"modified":"2024-10-04T16:40:19","modified_gmt":"2024-10-04T19:40:19","slug":"leclerc-critica-fia-polemica-singapur","status":"publish","type":"post","link":"https:\/\/grandepremio.com\/es\/f1\/leclerc-critica-fia-polemica-singapur\/","title":{"rendered":"Leclerc critica a la FIA tras pol\u00e9mica en Singapur: &#8220;Deber\u00eda haber otras prioridades&#8221;"},"content":{"rendered":"\n<p class=\"wp-block-paragraph\">Se alz\u00f3 una nueva voz en contra de <strong>Mohamed Ben Sulayem<\/strong>, el presidente de la<strong> FIA<\/strong>, luego de que quisiera prohibir la emisi\u00f3n de malas palabras en las radios de los pilotos de la F\u00f3rmula 1 y que se sancionara por eso a <strong>Max Verstappen<\/strong> en el pasado <strong>GP de Singapur<\/strong>.<\/p>\n\n\n\n<p class=\"wp-block-paragraph\">Hay que recordar que, incluso, Verstappen lleg\u00f3 a dar una conferencia de prensa improvisada afuera de la sala de periodistas en las calles de <strong>Marina Bay<\/strong> debido a la sanci\u00f3n de realizar trabajos comunitarios. Las cr\u00edticas a la FIA no se hicieron esperar y no hubo apoyo al organismo rector porque la adrenalina de la F1 puede llegar a provocar malas palabras de los pilotos.<\/p>\n\n\n\n<p class=\"wp-block-paragraph\">\ud83d\udfe5<em><strong>\u00a1Todas las novedades te esperan en el canal de&nbsp;<\/strong><\/em><a href=\"https:\/\/www.youtube.com\/@GrandePremioES\"><em>YouTube<\/em><\/a><em><strong>&nbsp;de Grande Pr\u00eamio en Espa\u00f1ol!<\/strong><\/em>&nbsp;\ud83d\udfe8<\/p>\n\n\n\n<p class=\"wp-block-paragraph\"><strong>\u201cPor el momento, creo que la FIA deber\u00eda tener otras prioridades. Al fin y al cabo somos adultos. El nuestro es uno de los \u00fanicos deportes en los que escuchamos al piloto hablar durante toda la carrera\u201d<\/strong>, critic\u00f3 <strong>Charles Leclerc<\/strong>.<\/p>\n\n\n\n<figure class=\"wp-block-image size-large\"><img decoding=\"async\" src=\"https:\/\/grandepremio.com\/cdn-cgi\/image\/width=893,height=558,fit=contain,gravity=0.5x0.5,quality=75,format=webp\/es\/wp-content\/uploads\/2024\/10\/singapura-2024-f1-quinta-feira-red-bull-max-verstappen-afp-01-1200x800-2-1024x683.jpg\" alt=\"\" class=\"wp-image-256628\"\/><figcaption class=\"wp-element-caption\">Verstappen se vio envuelto en pol\u00e9mica con la FIA el fin de semana en Singapur (Foto: AFP)<\/figcaption><\/figure>\n\n\n\n<p class=\"wp-block-paragraph\"><strong>\u201cLe pedir\u00eda a la FIA que elimine algunas de nuestras malas palabras y no las difunda tanto. Es algo muy f\u00e1cil de hacer\u201d<\/strong>, enfatiz\u00f3 el piloto de Ferrari sobre la cuesti\u00f3n que levant\u00f3 una fuert\u00edsima pol\u00e9mica.<\/p>\n\n\n\n<p class=\"wp-block-paragraph\"><strong>\u201cPara nosotros controlar nuestras palabras mientras circulamos a 300 km\/h entre las paredes de un circuito urbano es bastante complicado. Somos humanos. No veo esto como una prioridad por ahora\u201d<\/strong>, concluy\u00f3.<\/p>\n\n\n\n<p class=\"wp-block-paragraph\">\u23e9&nbsp;<em><strong>\u00a1Seguinos en redes por&nbsp;<\/strong><\/em><a href=\"https:\/\/twitter.com\/grandepremioES\"><em>Twitter&nbsp;<\/em><\/a><em><strong>e&nbsp;<\/strong><\/em><a href=\"https:\/\/www.instagram.com\/grandepremioes\/\"><em>Instagram!<\/em><\/a><br>\u23e9&nbsp;<em><strong>Adem\u00e1s, tenemos nuestro&nbsp;<\/strong><\/em><a href=\"https:\/\/whatsapp.com\/channel\/0029VaDZ5zb0gcfDxuwxBM05\"><em>canal de Whatsapp<\/em><\/a><em><strong>&nbsp;con toda la informaci\u00f3n al instante<\/strong><\/em>&nbsp;\ud83c\udfc1<\/p>\n\n\n\n<p class=\"wp-block-paragraph\">La F\u00f3rmula 1 ahora s\u00f3lo regresar\u00e1 entre el 18 y el 20 de octubre para el GP de Estados Unidos, en Austin.<\/p>\n\n\n\n<figure class=\"wp-block-embed is-type-video is-provider-youtube wp-block-embed-youtube wp-embed-aspect-16-9 wp-has-aspect-ratio\"><div class=\"wp-block-embed__wrapper\">\n<iframe loading=\"lazy\" title=\"RED BULL SE DESARMA Y ENCARA UNA TRANSICI\u00d3N FORZADA EN F1\" width=\"500\" height=\"281\" src=\"https:\/\/www.youtube.com\/embed\/rU9Pw24AqGM?feature=oembed\" frameborder=\"0\" allow=\"accelerometer; autoplay; clipboard-write; encrypted-media; gyroscope; picture-in-picture; web-share\" referrerpolicy=\"strict-origin-when-cross-origin\" allowfullscreen><\/iframe>\n<\/div><\/figure>\n","protected":false},"excerpt":{"rendered":"<p>Charles Leclerc es otra voz opositora que se alza contra Mohammed Ben Sulayem, presidente de la FIA, quien pidi\u00f3 a los conductores que evitaran decir palabrotas en la radio de F1. &#8220;Es m\u00e1s f\u00e1cil de quitar de la transmisi\u00f3n&#8221;, afirm\u00f3 el monegasco<\/p>\n","protected":false},"author":0,"featured_media":1010256622,"comment_status":"closed","ping_status":"closed","sticky":false,"template":"","format":"standard","meta":{"42wp_featured_image_caption":"","42wp_featured_image_credits":"","42wp_featured_video":"","42wp_featured_image_hidden":false,"42wp_authors_list":[],"footnotes":""},"categories":[5],"tags":[247,181,263,179,493,2128,249,4154],"42wp_author":[14237],"class_list":["post-11394","post","type-post","status-publish","format-standard","has-post-thumbnail","hentry","category-f1","tag-charles-leclerc","tag-f1","tag-fia","tag-formula-1","tag-gp-de-singapur","tag-marina-bay","tag-max-verstappen","tag-mohamed-ben-sulayem","42wp_author-gabriel-garcia"],"_links":{"self":[{"href":"https:\/\/grandepremio.com\/es\/wp-json\/wp\/v2\/posts\/11394","targetHints":{"allow":["GET"]}}],"collection":[{"href":"https:\/\/grandepremio.com\/es\/wp-json\/wp\/v2\/posts"}],"about":[{"href":"https:\/\/grandepremio.com\/es\/wp-json\/wp\/v2\/types\/post"}],"replies":[{"embeddable":true,"href":"https:\/\/grandepremio.com\/es\/wp-json\/wp\/v2\/comments?post=11394"}],"version-history":[{"count":0,"href":"https:\/\/grandepremio.com\/es\/wp-json\/wp\/v2\/posts\/11394\/revisions"}],"wp:featuredmedia":[{"embeddable":true,"href":"https:\/\/grandepremio.com\/es\/wp-json\/wp\/v2\/media\/1010256622"}],"wp:attachment":[{"href":"https:\/\/grandepremio.com\/es\/wp-json\/wp\/v2\/media?parent=11394"}],"wp:term":[{"taxonomy":"category","embeddable":true,"href":"https:\/\/grandepremio.com\/es\/wp-json\/wp\/v2\/categories?post=11394"},{"taxonomy":"post_tag","embeddable":true,"href":"https:\/\/grandepremio.com\/es\/wp-json\/wp\/v2\/tags?post=11394"},{"taxonomy":"42wp_author","embeddable":true,"href":"https:\/\/grandepremio.com\/es\/wp-json\/wp\/v2\/42wp_author?post=11394"}],"curies":[{"name":"wp","href":"https:\/\/api.w.org\/{rel}","templated":true}]}}