{"id":11422,"date":"2024-10-03T08:25:49","date_gmt":"2024-10-03T11:25:49","guid":{"rendered":"https:\/\/grandepremio.com\/es\/2024\/10\/03\/f1-da-marcha-atras-aplaza-carreras-sprint-novatos-2024\/"},"modified":"2024-10-03T08:25:53","modified_gmt":"2024-10-03T11:25:53","slug":"f1-da-marcha-atras-aplaza-carreras-sprint-novatos-2024","status":"publish","type":"post","link":"https:\/\/grandepremio.com\/es\/f1\/f1-da-marcha-atras-aplaza-carreras-sprint-novatos-2024\/","title":{"rendered":"La F1 da marcha atr\u00e1s y aplaza sus planes de celebrar carreras sprint con novatos en 2024"},"content":{"rendered":"\n<p class=\"wp-block-paragraph\">La idea de celebrar una carrera sprint con pilotos debutantes en <strong>2024 <\/strong>se ha venido abajo. En una reuni\u00f3n de la comisi\u00f3n de la <strong>F1 <\/strong>celebrada el mi\u00e9rcoles, los equipos y la categor\u00eda llegaron a la conclusi\u00f3n de que el tiempo para la carrera era corto, ya que tendr\u00eda lugar justo despu\u00e9s de los test de postemporada en <strong>Abu Dhabi<\/strong>, es decir, en apenas dos meses.<\/p>\n\n\n\n<p class=\"wp-block-paragraph\">\u00abSe discuti\u00f3 el concepto de la carrera de novatos despu\u00e9s de los test de post-temporada en Abu Dhabi. El concepto fue ampliamente apoyado pero, por razones organizativas y el tiempo para hacerlo, el evento no tendr\u00e1 lugar en 2024, as\u00ed que las discusiones continuar\u00e1n para un concepto potencial y planes para <strong>2025<\/strong>\u00bb, dijo la <strong>FIA <\/strong>en un comunicado.<\/p>\n\n\n\n<p class=\"wp-block-paragraph\">El plan surgi\u00f3 durante una reuni\u00f3n de la <strong>Comisi\u00f3n de la F1<\/strong> a finales de agosto, en la que se debatieron formas de dar a los j\u00f3venes pilotos m\u00e1s kilometraje que los test celebrados en <strong>Yas Marina<\/strong> una vez finalizada la temporada.<\/p>\n\n\n\n<p class=\"wp-block-paragraph\">\ud83d\udfe5\u00a0<em><strong>\u00a1Todas las novedades te esperan en el canal de\u00a0<\/strong><\/em><a href=\"https:\/\/www.youtube.com\/@GrandePremioES\"><em>YouTube<\/em><\/a><em><strong>\u00a0de Grande Pr\u00eamio en Espa\u00f1ol!<\/strong><\/em>\u00a0\ud83d\udfe8<\/p>\n\n\n\n<figure class=\"wp-block-image size-large\"><img decoding=\"async\" src=\"https:\/\/grandepremio.com\/es\/wp-content\/uploads\/2024\/08\/M440259-1-1024x683.jpg\" alt=\"\" class=\"wp-image-251105\"\/><figcaption class=\"wp-element-caption\">Andrea Kimi Antonelli era uno de los candidatos para disputar la sprint de novatos. (Foto: LAT Images)<\/figcaption><\/figure>\n\n\n\n<p class=\"wp-block-paragraph\">\u23e9\u00a0<em><strong>\u00a1Seguinos en redes por\u00a0<\/strong><\/em><a href=\"https:\/\/twitter.com\/grandepremioES\"><em>Twitter\u00a0<\/em><\/a><em><strong>e\u00a0<\/strong><\/em><a href=\"https:\/\/www.instagram.com\/grandepremioes\/\"><em>Instagram!<\/em><\/a><br>\u23e9\u00a0<em><strong>Adem\u00e1s, tenemos nuestro\u00a0<\/strong><\/em><a href=\"https:\/\/whatsapp.com\/channel\/0029VaDZ5zb0gcfDxuwxBM05\"><em>canal de Whatsapp<\/em><\/a><em><strong>\u00a0con toda la informaci\u00f3n al instante<\/strong><\/em>\u00a0\ud83c\udfc1<\/p>\n\n\n\n<p class=\"wp-block-paragraph\">Una de las sugerencias planteadas por los comisarios fue una carrera sprint para los debutantes el 11 de diciembre, pero esa fecha est\u00e1 reservada en principio para los tests de <strong>F\u00f3rmula 1<\/strong>. As\u00ed que el plan era una sesi\u00f3n clasificatoria de diez coches, seguida de una carrera corta al final del d\u00eda.<\/p>\n\n\n\n<p class=\"wp-block-paragraph\">Aunque la idea ha sido muy bien acogida por los equipos, las ajustadas fechas han jugado en su contra. La prueba ser\u00eda muy \u00fatil para nombres como <strong>Andrea Kimi Antonelli<\/strong>, <strong>Oliver Bearman<\/strong> y <strong>Jack Doohan<\/strong>, que debutar\u00e1n en 2025.<\/p>\n\n\n\n<p class=\"wp-block-paragraph\">Tambi\u00e9n en la reuni\u00f3n se acord\u00f3 que el Consejo de la FIA confirmar\u00e1 los cambios en el reglamento t\u00e9cnico para la <strong>temporada 2026<\/strong> dentro de quince d\u00edas, pero los detalles no se concretar\u00e1n hasta la reuni\u00f3n del 17 de octubre.<\/p>\n\n\n\n<p class=\"wp-block-paragraph\">La&nbsp;<a href=\"https:\/\/es.grandepremio.com\/f1\/\" target=\"_blank\" rel=\"noreferrer noopener\"><\/a><strong><a href=\"https:\/\/es.grandepremio.com\/f1\/\" target=\"_blank\" rel=\"noreferrer noopener\"><\/a><a href=\"https:\/\/es.grandepremio.com\/f1\/\" target=\"_blank\" rel=\"noreferrer noopener\"><\/a><a href=\"https:\/\/es.grandepremio.com\/f1\/\" target=\"_blank\" rel=\"noreferrer noopener\">F\u00f3rmula 1<\/a><\/strong>&nbsp;se toma ahora un descanso de tres semanas, para volver a las pistas entre el 18 y el 20 de octubre con el<strong>&nbsp;GP de Estados Unidos<\/strong>&nbsp;en el&nbsp;<strong>Circuito de las Am\u00e9ricas<\/strong>, en Austin, Texas.<\/p>\n\n\n\n<figure class=\"wp-block-embed is-type-video is-provider-youtube wp-block-embed-youtube wp-embed-aspect-16-9 wp-has-aspect-ratio\"><div class=\"wp-block-embed__wrapper\">\n<iframe loading=\"lazy\" title=\"RED BULL SE DESARMA Y ENCARA UNA TRANSICI\u00d3N FORZADA EN F1\" width=\"500\" height=\"281\" src=\"https:\/\/www.youtube.com\/embed\/rU9Pw24AqGM?feature=oembed\" frameborder=\"0\" allow=\"accelerometer; autoplay; clipboard-write; encrypted-media; gyroscope; picture-in-picture; web-share\" referrerpolicy=\"strict-origin-when-cross-origin\" allowfullscreen><\/iframe>\n<\/div><\/figure>\n","protected":false},"excerpt":{"rendered":"<p>A pesar del apoyo de muchos equipos, la F1 ha puesto en reposo la idea de correr una carrera sprint con pilotos novatos para la temporada 2024. La categor\u00eda, sin embargo, quiere llevar adelante la idea el a\u00f1o que viene.<\/p>\n","protected":false},"author":0,"featured_media":1010256436,"comment_status":"closed","ping_status":"closed","sticky":false,"template":"","format":"standard","meta":{"42wp_featured_image_caption":"","42wp_featured_image_credits":"","42wp_featured_video":"","42wp_featured_image_hidden":false,"42wp_authors_list":[],"footnotes":""},"categories":[5],"tags":[1179,6800,3017,2249,263,179,1011,3129,1184],"42wp_author":[14240],"class_list":["post-11422","post","type-post","status-publish","format-standard","has-post-thumbnail","hentry","category-f1","tag-abu-dhabi","tag-andrea-kimi-antonelli","tag-comision-de-f1","tag-f1-2024","tag-fia","tag-formula-1","tag-jack-doohan","tag-oliver-bearman","tag-yas-marina","42wp_author-ignacio-bogado"],"_links":{"self":[{"href":"https:\/\/grandepremio.com\/es\/wp-json\/wp\/v2\/posts\/11422","targetHints":{"allow":["GET"]}}],"collection":[{"href":"https:\/\/grandepremio.com\/es\/wp-json\/wp\/v2\/posts"}],"about":[{"href":"https:\/\/grandepremio.com\/es\/wp-json\/wp\/v2\/types\/post"}],"replies":[{"embeddable":true,"href":"https:\/\/grandepremio.com\/es\/wp-json\/wp\/v2\/comments?post=11422"}],"version-history":[{"count":0,"href":"https:\/\/grandepremio.com\/es\/wp-json\/wp\/v2\/posts\/11422\/revisions"}],"wp:featuredmedia":[{"embeddable":true,"href":"https:\/\/grandepremio.com\/es\/wp-json\/wp\/v2\/media\/1010256436"}],"wp:attachment":[{"href":"https:\/\/grandepremio.com\/es\/wp-json\/wp\/v2\/media?parent=11422"}],"wp:term":[{"taxonomy":"category","embeddable":true,"href":"https:\/\/grandepremio.com\/es\/wp-json\/wp\/v2\/categories?post=11422"},{"taxonomy":"post_tag","embeddable":true,"href":"https:\/\/grandepremio.com\/es\/wp-json\/wp\/v2\/tags?post=11422"},{"taxonomy":"42wp_author","embeddable":true,"href":"https:\/\/grandepremio.com\/es\/wp-json\/wp\/v2\/42wp_author?post=11422"}],"curies":[{"name":"wp","href":"https:\/\/api.w.org\/{rel}","templated":true}]}}