{"id":11443,"date":"2024-10-01T13:00:40","date_gmt":"2024-10-01T16:00:40","guid":{"rendered":"https:\/\/grandepremio.com\/es\/2024\/10\/01\/formula-3-campos-boya-wurz-ugochukwu\/"},"modified":"2024-10-01T13:00:44","modified_gmt":"2024-10-01T16:00:44","slug":"formula-3-campos-boya-wurz-ugochukwu","status":"publish","type":"post","link":"https:\/\/grandepremio.com\/es\/f3\/formula-3-campos-boya-wurz-ugochukwu\/","title":{"rendered":"Campos mantiene a Boya para la F3 2025; Wurz y Ugochukwu tambi\u00e9n son confirmados"},"content":{"rendered":"\n<p class=\"wp-block-paragraph\">Los equipos de<strong> F\u00f3rmula 3<\/strong> comenzaron a anunciar a sus pilotos para la <strong>temporada 2025<\/strong>. El primero fue <strong>Trident,<\/strong> que incorpor\u00f3 a <strong>Charlie Wurz<\/strong>, de 18 a\u00f1os. El piloto austriaco-brit\u00e1nico debut\u00f3 en la categor\u00eda esta temporada con <strong>Jenzer<\/strong>, donde obtuvo un 5\u00b0 lugar en Melbourne como mejor resultado, y cuenta en su curr\u00edculum con el t\u00edtulo de la F4 saudita en 2022 y el de la F\u00f3rmula Regional de Ocean\u00eda en 2023.<\/p>\n\n\n\n<p class=\"wp-block-paragraph\">\u00abEstoy muy contento de haber firmado con Trident y de correr con el equipo que ha ganado los dos \u00faltimos campeonatos. El palmar\u00e9s del equipo no puede ser m\u00e1s prestigioso. Ya he desarrollado una gran qu\u00edmica con el equipo, ya que compartimos la misma motivaci\u00f3n y el mismo deseo de ganar. S\u00e9 que tengo mucho que aprender de ellos y ya estoy entrenando para el a\u00f1o que viene. Estoy impaciente por empezar\u00bb, declar\u00f3 Wurz.<\/p>\n\n\n\n<p class=\"wp-block-paragraph\">\u00abCharlie es un piloto inteligente y r\u00e1pido. Al embarcarse en su segundo a\u00f1o en la F\u00f3rmula 3, estamos seguros de que rendir\u00e1 excepcionalmente bien con nuestros colores. Estamos deseando trabajar con \u00e9l durante los test de post-temporada\u00bb, elogi\u00f3 el jefe del equipo italiano, Giacomo Ricci.<\/p>\n\n\n\n<figure class=\"wp-block-image size-full\"><img decoding=\"async\" src=\"https:\/\/grandepremio.com\/es\/wp-content\/uploads\/2024\/10\/image-1.png\" alt=\"\" class=\"wp-image-256308\"\/><figcaption class=\"wp-element-caption\">Mari Boya continuar\u00e1 con el equipo Campos. (Foto: F3)<\/figcaption><\/figure>\n\n\n\n<p class=\"wp-block-paragraph\">Campos tambi\u00e9n hizo un anuncio importante este martes y anunci\u00f3 que mantendr\u00e1 a Mari Boya en el equipo para 2025. El espa\u00f1ol permanecer\u00e1 en el equipo y har\u00e1 una temporada m\u00e1s con los colores de Campos. Boya consigui\u00f3 este a\u00f1o su primera victoria en la categor\u00eda, en la carrera al sprint de Barcelona. Termin\u00f3 15\u00ba en el Campeonato de Pilotos, situ\u00e1ndose entre los diez primeros en nueve ocasiones.<\/p>\n\n\n\n<p class=\"wp-block-paragraph\">\u00abEstoy muy contento. Despu\u00e9s de un primer a\u00f1o de aprendizaje y adaptaci\u00f3n, me siento m\u00e1s que preparado y con ganas de aportar todo lo que pueda. Conf\u00edo en que juntos conseguiremos nuestros objetivos, dando siempre lo mejor de nosotros mismos en cada oportunidad que se nos presente\u00bb, expres\u00f3 el espa\u00f1ol, que debut\u00f3 en la F3 en 2023 con el <strong>MP Motorsport.<\/strong><\/p>\n\n\n\n<p class=\"wp-block-paragraph\">\u00abEstamos encantados de contar una temporada m\u00e1s con una piloto como Mari en nuestro equipo. El a\u00f1o que viene ser\u00e1 un reto dif\u00edcil para todos, teniendo en cuenta la introducci\u00f3n del nuevo coche de F3. Por lo tanto, ser\u00e1 crucial contar con pilotos con talento y experiencia que puedan ayudar a entender y desarrollar el coche para conseguir resultados lo antes posible. Confiamos en que ser\u00e1 una gran temporada juntos y trabajaremos para lograr muchas m\u00e1s victorias con el nuevo coche de carreras\u00bb, concluy\u00f3 el jefe del equipo, <strong>Adri\u00e1n Campos Jr.<\/strong><\/p>\n\n\n\n<figure class=\"wp-block-image size-large\"><img decoding=\"async\" src=\"https:\/\/grandepremio.com\/cdn-cgi\/image\/width=893,height=558,fit=contain,gravity=0.5x0.5,quality=75,format=webp\/es\/wp-content\/uploads\/2024\/10\/image-1024x683.png\" alt=\"\" class=\"wp-image-256307\"\/><figcaption class=\"wp-element-caption\">Ugo Ugochukwu competir\u00e1 en F\u00f3rmula 3 en 2025. (Foto: Dutch Photo Agency)<\/figcaption><\/figure>\n\n\n\n<p class=\"wp-block-paragraph\">Finalmente, Prema confirm\u00f3 tambi\u00e9n este martes el ascenso de Ugo Ugochukwu a la F\u00f3rmula 3 a partir de la pr\u00f3xima temporada. El estadounidense de 17 a\u00f1os es el primer piloto confirmado del equipo italiano para 2025. Ugochukwu se uni\u00f3 al equipo en 2022 y tuvo un paso destacado por la F\u00f3rmula 4 italiana, donde fue subcampe\u00f3n en 2023.<\/p>\n\n\n\n<p class=\"wp-block-paragraph\">En 2024, Ugochukwu, que tambi\u00e9n es piloto de desarrollo de McLaren desde los 13 a\u00f1os, compiti\u00f3 con Prema en la FRECA. El piloto termin\u00f3 la temporada en 14\u00aa posici\u00f3n, pero luch\u00f3 por el podio en algunas carreras y satisfizo al equipo italiano. Ahora tiene la oportunidad de seguir escalando posiciones en la F3.<\/p>\n\n\n\n<p class=\"wp-block-paragraph\">\u00abEstoy muy contento de anunciar que correr\u00e9 con Prema en F\u00f3rmula 3 en 2025. Trabajar con todo el mundo aqu\u00ed es especial, la qu\u00edmica es genial y hace que el trabajo sea muy agradable dentro y fuera de la pista. Hemos tenido dos temporadas positivas juntos y estoy deseando continuar as\u00ed y estoy seguro de que tendremos un buen a\u00f1o\u00bb, manifest\u00f3 Ugochukwu.<\/p>\n","protected":false},"excerpt":{"rendered":"<p>El espa\u00f1ol Mari Boya, el austr\u00edaco Charlie Wurz y el estadounidense Ugo Ugochukwu fueron confirmados este martes para la pr\u00f3xima temporada de la F\u00f3rmula 3.<\/p>\n","protected":false},"author":0,"featured_media":1010256309,"comment_status":"closed","ping_status":"closed","sticky":false,"template":"","format":"standard","meta":{"42wp_featured_image_caption":"","42wp_featured_image_credits":"","42wp_featured_video":"","42wp_featured_image_hidden":false,"42wp_authors_list":[],"footnotes":""},"categories":[4],"tags":[10893,277,1128,476,6789],"42wp_author":[14223],"class_list":["post-11443","post","type-post","status-publish","format-standard","has-post-thumbnail","hentry","category-f3","tag-charle-wurz","tag-f3","tag-formula-3","tag-mari-boya","tag-ugo-ugochukwu","42wp_author-esteban-nieto"],"_links":{"self":[{"href":"https:\/\/grandepremio.com\/es\/wp-json\/wp\/v2\/posts\/11443","targetHints":{"allow":["GET"]}}],"collection":[{"href":"https:\/\/grandepremio.com\/es\/wp-json\/wp\/v2\/posts"}],"about":[{"href":"https:\/\/grandepremio.com\/es\/wp-json\/wp\/v2\/types\/post"}],"replies":[{"embeddable":true,"href":"https:\/\/grandepremio.com\/es\/wp-json\/wp\/v2\/comments?post=11443"}],"version-history":[{"count":0,"href":"https:\/\/grandepremio.com\/es\/wp-json\/wp\/v2\/posts\/11443\/revisions"}],"wp:featuredmedia":[{"embeddable":true,"href":"https:\/\/grandepremio.com\/es\/wp-json\/wp\/v2\/media\/1010256309"}],"wp:attachment":[{"href":"https:\/\/grandepremio.com\/es\/wp-json\/wp\/v2\/media?parent=11443"}],"wp:term":[{"taxonomy":"category","embeddable":true,"href":"https:\/\/grandepremio.com\/es\/wp-json\/wp\/v2\/categories?post=11443"},{"taxonomy":"post_tag","embeddable":true,"href":"https:\/\/grandepremio.com\/es\/wp-json\/wp\/v2\/tags?post=11443"},{"taxonomy":"42wp_author","embeddable":true,"href":"https:\/\/grandepremio.com\/es\/wp-json\/wp\/v2\/42wp_author?post=11443"}],"curies":[{"name":"wp","href":"https:\/\/api.w.org\/{rel}","templated":true}]}}