{"id":11449,"date":"2024-10-01T11:03:38","date_gmt":"2024-10-01T14:03:38","guid":{"rendered":"https:\/\/grandepremio.com\/es\/2024\/10\/01\/red-bull-amenaza-retirada-verstappen-en-serio\/"},"modified":"2024-10-01T11:03:43","modified_gmt":"2024-10-01T14:03:43","slug":"red-bull-amenaza-retirada-verstappen-en-serio","status":"publish","type":"post","link":"https:\/\/grandepremio.com\/es\/f1\/red-bull-amenaza-retirada-verstappen-en-serio\/","title":{"rendered":"Red Bull dice que la amenaza de retirada de Verstappen &#8220;hay que tomarla en serio&#8221;"},"content":{"rendered":"\n<p class=\"wp-block-paragraph\"><strong>Max Verstappen <\/strong>estuvo en el centro de la pol\u00e9mica del <strong>GP de Singapur <\/strong>por haber sido sancionado por la <strong>FIA <\/strong>con la realizaci\u00f3n de trabajos comunitarios, luego de que dijera malas palabras por el flojo rendimiento del <strong>Red Bull<\/strong> en las \u00faltimas carreras de la F1 2024.<\/p>\n\n\n\n<p class=\"wp-block-paragraph\">De acuerdo con <strong>Helmut Marko<\/strong>, el asesor deportivo del equipo de las bebidas energizantes, hay que tomarse enserio las palabras del campe\u00f3n del mundo, y l\u00edder del actual campeonato de la <strong>F\u00f3rmula 1<\/strong>.<\/p>\n\n\n\n<p class=\"wp-block-paragraph\">\ud83d\udfe5<em><strong>\u00a1Todas las novedades te esperan en el canal de&nbsp;<\/strong><\/em><a href=\"https:\/\/www.youtube.com\/@GrandePremioES\"><em>YouTube<\/em><\/a><em><strong>&nbsp;de Grande Pr\u00eamio en Espa\u00f1ol!<\/strong><\/em>&nbsp;\ud83d\udfe8<\/p>\n\n\n\n<p class=\"wp-block-paragraph\">Para el austr\u00edaco, su piloto disfruta de las carreras, pero no le interesan las pol\u00e9micas en las que se ha visto envuelto: <strong>\u201cHay que tomarse en serio a Max [Verstappen]\u201d,<\/strong> dijo Marko al portal alem\u00e1n Motorsport-Total. <strong>\u201cHa logrado mucho, pero es importante para \u00e9l que tambi\u00e9n disfrute del deporte. Si empieza a estropearse cada vez m\u00e1s para \u00e9l, es el tipo de persona que dir\u00eda: &#8216;Vale, se acab\u00f3&#8217;\u201d,<\/strong> a\u00f1adi\u00f3.<\/p>\n\n\n\n<figure class=\"wp-block-image size-large\"><img decoding=\"async\" src=\"https:\/\/grandepremio.com\/cdn-cgi\/image\/width=893,height=558,fit=contain,gravity=0.5x0.5,quality=75,format=webp\/es\/wp-content\/uploads\/2024\/10\/singapura-2024-f1-quinta-feira-red-bull-max-verstappen-afp-02-1200x800-1-1024x683.jpg\" alt=\"\" class=\"wp-image-256275\"\/><figcaption class=\"wp-element-caption\">Verstappen se mostr\u00f3 enfadado y protest\u00f3 por la sanci\u00f3n de la FIA (Foto: AFP)<\/figcaption><\/figure>\n\n\n\n<p class=\"wp-block-paragraph\"><strong>\u201cVa en serio, pero espero que la situaci\u00f3n actual no le haga realmente retirarse antes de tiempo<\/strong>\u201d, declar\u00f3 el ex piloto, al recordar que Max ya lleva m\u00e1s de una d\u00e9cada corriendo en la categor\u00eda.<\/p>\n\n\n\n<p class=\"wp-block-paragraph\">Una de las cr\u00edticas de Marko es la diferencia de trato con otros personajes del paddock, como <strong>G\u00fcnther Steiner<\/strong>, ex jefe de Haas, al que se lo ve\u00eda insultar en la serie de Netflix, <strong>Drive To Survive<\/strong>: <strong>\u201cEs dif\u00edcil de entender y hay diferentes raseros. Adem\u00e1s, Max no estaba hablando de una persona. Hablaba de un coche, de un objeto, y no de forma irrespetuosa. En una rueda de prensa por la tarde, si las cosas se hacen con tanta estrechez de miras, es posible que se vea un enfoque diferente en el futuro. Pero est\u00e1 claro que se ha pasado de la raya\u201d.<\/strong><\/p>\n\n\n\n<p class=\"wp-block-paragraph\">\u23e9\u00a0<em><strong>\u00a1Seguinos en redes por\u00a0<\/strong><\/em><a href=\"https:\/\/twitter.com\/grandepremioES\"><em>Twitter\u00a0<\/em><\/a><em><strong>e\u00a0<\/strong><\/em><a href=\"https:\/\/www.instagram.com\/grandepremioes\/\"><em>Instagram!<\/em><\/a><br>\u23e9\u00a0<em><strong>Adem\u00e1s, tenemos nuestro\u00a0<\/strong><\/em><a href=\"https:\/\/whatsapp.com\/channel\/0029VaDZ5zb0gcfDxuwxBM05\"><em>canal de Whatsapp<\/em><\/a><em><strong>\u00a0con toda la informaci\u00f3n al instante<\/strong><\/em>\u00a0\ud83c\udfc1<br><br>La F\u00f3rmula 1 se toma ahora un largo descanso y regresa del 18 al 20 de octubre en Austin (Estados Unidos), inicio de la etapa americana de la temporada 2024.<\/p>\n\n\n\n<figure class=\"wp-block-embed is-type-video is-provider-youtube wp-block-embed-youtube wp-embed-aspect-16-9 wp-has-aspect-ratio\"><div class=\"wp-block-embed__wrapper\">\n<iframe loading=\"lazy\" title=\"RICCIARDO INCUMPLE EXPECTATIVAS DE RB Y ES REEMPLAZADO POR LAWSON\" width=\"500\" height=\"281\" src=\"https:\/\/www.youtube.com\/embed\/tUC4XJqomK0?feature=oembed\" frameborder=\"0\" allow=\"accelerometer; autoplay; clipboard-write; encrypted-media; gyroscope; picture-in-picture; web-share\" referrerpolicy=\"strict-origin-when-cross-origin\" allowfullscreen><\/iframe>\n<\/div><\/figure>\n","protected":false},"excerpt":{"rendered":"<p>Helmut Marko, asesor de Red Bull, ha asegurado que hay que tomarse en serio a Max Verstappen cuando dice que pol\u00e9micas como las palabrotas podr\u00edan provocar su retirada de la F\u00f3rmula 1.<\/p>\n","protected":false},"author":0,"featured_media":1010256269,"comment_status":"closed","ping_status":"closed","sticky":false,"template":"","format":"standard","meta":{"42wp_featured_image_caption":"","42wp_featured_image_credits":"","42wp_featured_video":"","42wp_featured_image_hidden":false,"42wp_authors_list":[],"footnotes":""},"categories":[5],"tags":[1646,181,2249,263,179,493,8237,1358,249,206],"42wp_author":[14237],"class_list":["post-11449","post","type-post","status-publish","format-standard","has-post-thumbnail","hentry","category-f1","tag-drive-to-survive","tag-f1","tag-f1-2024","tag-fia","tag-formula-1","tag-gp-de-singapur","tag-gunther-steiner-2","tag-helmut-marko","tag-max-verstappen","tag-red-bull","42wp_author-gabriel-garcia"],"_links":{"self":[{"href":"https:\/\/grandepremio.com\/es\/wp-json\/wp\/v2\/posts\/11449","targetHints":{"allow":["GET"]}}],"collection":[{"href":"https:\/\/grandepremio.com\/es\/wp-json\/wp\/v2\/posts"}],"about":[{"href":"https:\/\/grandepremio.com\/es\/wp-json\/wp\/v2\/types\/post"}],"replies":[{"embeddable":true,"href":"https:\/\/grandepremio.com\/es\/wp-json\/wp\/v2\/comments?post=11449"}],"version-history":[{"count":0,"href":"https:\/\/grandepremio.com\/es\/wp-json\/wp\/v2\/posts\/11449\/revisions"}],"wp:featuredmedia":[{"embeddable":true,"href":"https:\/\/grandepremio.com\/es\/wp-json\/wp\/v2\/media\/1010256269"}],"wp:attachment":[{"href":"https:\/\/grandepremio.com\/es\/wp-json\/wp\/v2\/media?parent=11449"}],"wp:term":[{"taxonomy":"category","embeddable":true,"href":"https:\/\/grandepremio.com\/es\/wp-json\/wp\/v2\/categories?post=11449"},{"taxonomy":"post_tag","embeddable":true,"href":"https:\/\/grandepremio.com\/es\/wp-json\/wp\/v2\/tags?post=11449"},{"taxonomy":"42wp_author","embeddable":true,"href":"https:\/\/grandepremio.com\/es\/wp-json\/wp\/v2\/42wp_author?post=11449"}],"curies":[{"name":"wp","href":"https:\/\/api.w.org\/{rel}","templated":true}]}}