{"id":1146,"date":"2026-05-21T10:13:55","date_gmt":"2026-05-21T13:13:55","guid":{"rendered":"https:\/\/grandepremio.com\/es\/2026\/05\/21\/ktm-finaliza-inversores-financiar-proyecto-deportivo\/"},"modified":"2026-05-21T16:04:49","modified_gmt":"2026-05-21T19:04:49","slug":"ktm-finaliza-inversores-financiar-proyecto-deportivo","status":"publish","type":"post","link":"https:\/\/grandepremio.com\/es\/motogp\/ktm-finaliza-inversores-financiar-proyecto-deportivo\/","title":{"rendered":"KTM finaliza la b\u00fasqueda de inversores y decide financiar su proyecto deportivo"},"content":{"rendered":"\n<p class=\"wp-block-paragraph\">Despu\u00e9s de atravesar una profunda crisis econ\u00f3mica que dej\u00f3 a <strong>KTM <\/strong>al borde de abandonar todos sus programas deportivos, incluido el de <strong>MotoGP<\/strong>, finalmente se acab\u00f3 la b\u00fasqueda de inversores por su cuenta propia, seg\u00fan lo coment\u00f3 el CEO de la compa\u00f1\u00eda, <strong>Gottfried Neumeister<\/strong>.<\/p>\n\n\n\n<p class=\"wp-block-paragraph\">\ud83d\udfe5&nbsp;<strong><em>\u00a1Todas las novedades te esperan en el canal de&nbsp;<\/em><\/strong><a href=\"https:\/\/www.youtube.com\/@GrandePremioES\"><em>YouTube<\/em><\/a><strong><em>&nbsp;de Grande Pr\u00eamio en Espa\u00f1ol!<\/em><\/strong>&nbsp;\ud83d\udfe8<\/p>\n\n\n\n<p class=\"wp-block-paragraph\">Seg\u00fan el directivo, se decidi\u00f3 no vender las acciones de <strong>KTM Factory Racing<\/strong> en conjunto con el <strong>Grupo Bajaj,<\/strong> que evit\u00f3 la insolvencia econ\u00f3mica del fabricante austr\u00edaco con una inversi\u00f3n millonaria. El ejecutivo reconoci\u00f3 que ahora quieren seguir adelante y tomar el mando de todas las actividades.<\/p>\n\n\n\n<p class=\"wp-block-paragraph\"><strong>&#8220;Junto con la direcci\u00f3n de Bajaj, decidimos continuar gestionando el automovilismo deportivo oficial con una estrategia completamente independiente, sin inversores externos&#8221;<\/strong>, declar\u00f3 Neumeister en una entrevista con la publicaci\u00f3n alemana <em>Speedweek<\/em>.<\/p>\n\n\n\n<figure class=\"wp-block-embed is-type-video is-provider-youtube wp-block-embed-youtube wp-embed-aspect-16-9 wp-has-aspect-ratio\"><div class=\"wp-block-embed__wrapper\">\n<iframe loading=\"lazy\" title=\"GP DE CANAD\u00c1 2026 - LA PREVIA\" width=\"500\" height=\"281\" src=\"https:\/\/www.youtube.com\/embed\/ZU6f65xLO4M?feature=oembed\" frameborder=\"0\" allow=\"accelerometer; autoplay; clipboard-write; encrypted-media; gyroscope; picture-in-picture; web-share\" referrerpolicy=\"strict-origin-when-cross-origin\" allowfullscreen><\/iframe>\n<\/div><\/figure>\n\n\n\n<p class=\"wp-block-paragraph\"><strong>\u201cTen\u00edamos un enorme inter\u00e9s en participar en el proyecto de MotoGP. En ocasiones, recib\u00edamos nuevas solicitudes casi a diario. El automovilismo no funciona con el freno de mano puesto. Tenemos que tener la capacidad de invertir cuando sea necesario. La disciplina en el gasto es fundamental, pero tambi\u00e9n cierta generosidad\u201d<\/strong>, reflexion\u00f3 Neumeister.<\/p>\n\n\n\n<p class=\"wp-block-paragraph\">Finalmente, el CEO confirm\u00f3 que KTM ha logrado la estabilidad econ\u00f3mica, lo que los deja en una mejor posici\u00f3n y sin necesidad de vender el equipo oficial en el Mundial de Motociclismo: <strong>\u201cTenemos la capacidad financiera para financiar el programa oficial de automovilismo. Y no solo para financiarlo, sino tambi\u00e9n para invertir en \u00e9l\u201d.<\/strong><\/p>\n\n\n\n<p class=\"wp-block-paragraph\">\u23e9&nbsp;<strong><em>\u00a1Seguinos en redes por&nbsp;<\/em><\/strong><a href=\"https:\/\/twitter.com\/grandepremioES\"><em>Twitter&nbsp;<\/em><\/a><strong><em>e&nbsp;<\/em><\/strong><a href=\"https:\/\/www.instagram.com\/grandepremioes\/\"><em>Instagram!<br><\/em><\/a>\u23e9&nbsp;<strong><em>Adem\u00e1s, tenemos nuestro&nbsp;<\/em><\/strong><a href=\"https:\/\/whatsapp.com\/channel\/0029VaDZ5zb0gcfDxuwxBM05\"><em>canal de Whatsapp<\/em><\/a><strong><em>&nbsp;con toda la informaci\u00f3n al instante<\/em><\/strong>&nbsp;\ud83c\udfc1<\/p>\n\n\n\n<p class=\"wp-block-paragraph\">MotoGP regresar\u00e1 entre el 29 y el 31 de mayo con el Gran Premio de Italia en Mugello para la s\u00e9ptima prueba de la temporada 2026. GRANDE PR\u00caMIO en espa\u00f1ol ofrecer\u00e1 una cobertura completa del evento.<\/p>\n\n\n\n<figure class=\"wp-block-image size-large\"><img decoding=\"async\" src=\"https:\/\/grandepremio.com\/cdn-cgi\/image\/width=893,height=558,fit=contain,gravity=0.5x0.5,quality=75,format=webp\/es\/wp-content\/uploads\/2026\/05\/Horarios-Canada-Grande-Premio-WEB-7-1024x576.jpg\" alt=\"\" class=\"wp-image-401831\"\/><\/figure>\n","protected":false},"excerpt":{"rendered":"<p>El CEO de KTM, Gottfried Neumeister, explic\u00f3 que, junto con ejecutivos del grupo Bajaj, se decidi\u00f3 mantener la gesti\u00f3n del motociclismo de forma totalmente independiente.<\/p>\n","protected":false},"author":0,"featured_media":1010401768,"comment_status":"closed","ping_status":"closed","sticky":false,"template":"","format":"standard","meta":{"42wp_featured_image_caption":"","42wp_featured_image_credits":"","42wp_featured_video":"","42wp_featured_image_hidden":false,"42wp_authors_list":[],"footnotes":""},"categories":[8],"tags":[11572,14149,1381,14148,1293,1764],"42wp_author":[14237],"class_list":["post-1146","post","type-post","status-publish","format-standard","has-post-thumbnail","hentry","category-motogp","tag-gottfried-neumeister","tag-grupo-bajaj","tag-ktm","tag-ktm-factory-racing","tag-motogp","tag-mundial-de-motociclismo","42wp_author-gabriel-garcia"],"_links":{"self":[{"href":"https:\/\/grandepremio.com\/es\/wp-json\/wp\/v2\/posts\/1146","targetHints":{"allow":["GET"]}}],"collection":[{"href":"https:\/\/grandepremio.com\/es\/wp-json\/wp\/v2\/posts"}],"about":[{"href":"https:\/\/grandepremio.com\/es\/wp-json\/wp\/v2\/types\/post"}],"replies":[{"embeddable":true,"href":"https:\/\/grandepremio.com\/es\/wp-json\/wp\/v2\/comments?post=1146"}],"version-history":[{"count":0,"href":"https:\/\/grandepremio.com\/es\/wp-json\/wp\/v2\/posts\/1146\/revisions"}],"wp:featuredmedia":[{"embeddable":true,"href":"https:\/\/grandepremio.com\/es\/wp-json\/wp\/v2\/media\/1010401768"}],"wp:attachment":[{"href":"https:\/\/grandepremio.com\/es\/wp-json\/wp\/v2\/media?parent=1146"}],"wp:term":[{"taxonomy":"category","embeddable":true,"href":"https:\/\/grandepremio.com\/es\/wp-json\/wp\/v2\/categories?post=1146"},{"taxonomy":"post_tag","embeddable":true,"href":"https:\/\/grandepremio.com\/es\/wp-json\/wp\/v2\/tags?post=1146"},{"taxonomy":"42wp_author","embeddable":true,"href":"https:\/\/grandepremio.com\/es\/wp-json\/wp\/v2\/42wp_author?post=1146"}],"curies":[{"name":"wp","href":"https:\/\/api.w.org\/{rel}","templated":true}]}}