{"id":11460,"date":"2024-09-30T14:39:50","date_gmt":"2024-09-30T17:39:50","guid":{"rendered":"https:\/\/grandepremio.com\/es\/2024\/09\/30\/jos-verstappen-exabrupto-fia-formula-1\/"},"modified":"2024-09-30T14:49:51","modified_gmt":"2024-09-30T17:49:51","slug":"jos-verstappen-exabrupto-fia-formula-1","status":"publish","type":"post","link":"https:\/\/grandepremio.com\/es\/f1\/jos-verstappen-exabrupto-fia-formula-1\/","title":{"rendered":"Jos Verstappen critica a la FIA y opina que la pol\u00e9mica sobre los exabruptos es &#8220;rid\u00edcula&#8221;"},"content":{"rendered":"\n<p class=\"wp-block-paragraph\"><strong>Jos Verstappen<\/strong> dio su opini\u00f3n sobre la pol\u00e9mica en torno al castigo de la <strong>FIA (Federaci\u00f3n Internacional del Autom\u00f3vil) <\/strong>a <strong>Max Verstappen<\/strong> por expresar exabruptos durante la rueda de prensa en <strong>Marina Bay<\/strong>, y que deriv\u00f3 en que tenga que hacer horas de servicio comunitario. Como respuesta, el padre de Verstappen se burl\u00f3 de la decisi\u00f3n de la FIA y calific\u00f3 el castigo de \u00abrid\u00edculo\u00bb.<\/p>\n\n\n\n<p class=\"wp-block-paragraph\">Max fue sancionado por los comisarios por utilizar malas palabras durante la rueda de prensa del jueves antes del <strong>Gran Premio de Singapur,<\/strong> al describir el ritmo del monoplaza <strong>RB20<\/strong> de <strong>Red Bull<\/strong> durante el <strong>Gran Premio de Azerbaiy\u00e1n<\/strong>. La decisi\u00f3n de la organizaci\u00f3n, dirigida por <strong>Mohammed Ben Sulayem<\/strong>, provoc\u00f3 una avalancha de cr\u00edticas de pilotos, jefes de equipo, comentaristas y otros miembros del mundo de la F1.<\/p>\n\n\n\n<p class=\"wp-block-paragraph\"><strong><em>\u00a1Todas las novedades te esperan en el canal de\u00a0<a href=\"https:\/\/www.youtube.com\/@GrandePremioES\" target=\"_blank\" rel=\"noreferrer noopener\">YouTube<\/a>\u00a0de Grande Pr\u00eamio en Espa\u00f1ol!<\/em><\/strong><\/p>\n\n\n\n<figure class=\"wp-block-image size-large\"><img decoding=\"async\" src=\"https:\/\/grandepremio.com\/es\/wp-content\/uploads\/2024\/09\/singapura-2024-f1-quinta-feira-red-bull-max-verstappen-afp-01-1200x800-2-1024x683.jpg\" alt=\"\" class=\"wp-image-256025\"\/><figcaption class=\"wp-element-caption\">Max Verstappen fue sancionado por FIA tras insultar en la conferencia de prensa del GP de Singapur (Foto: AFP)<\/figcaption><\/figure>\n\n\n\n<p class=\"wp-block-paragraph\">Cuando se enter\u00f3 del castigo, el tricampe\u00f3n protest\u00f3 contra la FIA y respondi\u00f3 monosil\u00e1bicamente en las ruedas de prensa. Despu\u00e9s se reuni\u00f3 con los periodistas para una entrevista fuera del espacio organizado por la federaci\u00f3n. Verstappen recibi\u00f3 el apoyo p\u00fablico de<strong> Lando Norris, Lewis Hamilton<\/strong> y otros pilotos de la categor\u00eda.<\/p>\n\n\n\n<p class=\"wp-block-paragraph\">\u00abCreo que es lo m\u00e1s rid\u00edculo. Pero tambi\u00e9n lo vemos en el rally\u00bb, declar\u00f3 el ex piloto de F1 a la revista brit\u00e1nica Autosport, en referencia a la multa de 30.000 euros impuesta al ocho veces campe\u00f3n del <strong>Campeonato del Mundo de Rally (WRC) S\u00e9bastien Ogier <\/strong>por los comentarios que hizo a los comisarios tras el final de la etapa, que tambi\u00e9n provocaron las protestas del piloto.<\/p>\n\n\n\n<p class=\"wp-block-paragraph\"><strong><em>\u00a1Seguinos en redes por\u00a0<a href=\"https:\/\/twitter.com\/grandepremioES\" target=\"_blank\" rel=\"noreferrer noopener\">Twitter\u00a0<\/a>e\u00a0<a href=\"https:\/\/www.instagram.com\/grandepremioes\/\" target=\"_blank\" rel=\"noreferrer noopener\">Instagram!<\/a><\/em><\/strong><br><strong><em>Adem\u00e1s, tenemos nuestro\u00a0<a href=\"https:\/\/whatsapp.com\/channel\/0029VaDZ5zb0gcfDxuwxBM05\" target=\"_blank\" rel=\"noreferrer noopener\">canal de Whatsapp<\/a>\u00a0con toda la informaci\u00f3n al instante<\/em><\/strong><\/p>\n\n\n\n<figure class=\"wp-block-image size-full\"><img decoding=\"async\" src=\"https:\/\/grandepremio.com\/es\/wp-content\/uploads\/2024\/08\/Ogier-toyota.jpg\" alt=\"\" class=\"wp-image-250323\"\/><figcaption class=\"wp-element-caption\">S\u00e9bastien Ogier tambi\u00e9n recibi\u00f3 una sanci\u00f3n similar a Max Verstappen en el rally. (Foto: Red Bull Content Pool)<\/figcaption><\/figure>\n\n\n\n<p class=\"wp-block-paragraph\">\u00abNo creo que la FIA est\u00e9 haciendo un buen trabajo, pero no quiero hablar demasiado de ello\u00bb, a\u00f1adi\u00f3 Jos Verstappen.<\/p>\n\n\n\n<p class=\"wp-block-paragraph\">En la pista, Verstappen termin\u00f3 la carrera en segunda posici\u00f3n, por detr\u00e1s de Lando Norris. De esta forma, el neerland\u00e9s sigue ocupando el primer puesto del Mundial de Pilotos, con 331 puntos, seguido del brit\u00e1nico de <strong>McLaren<\/strong>, que suma 279.<\/p>\n\n\n\n<p class=\"wp-block-paragraph\"><strong>La F\u00f3rmula 1 2024 regresa entre el 18 y el 20 de octubre para el Gran Premio de Estados Unidos en Austin.<\/strong><\/p>\n","protected":false},"excerpt":{"rendered":"<p>Jos Verstappen respondi\u00f3 con dureza a la sanci\u00f3n que recibi\u00f3 Max Verstappen en el GP de Singapur, debido a un exceso verbal durante la conferencia de prensa.<\/p>\n","protected":false},"author":0,"featured_media":1010252048,"comment_status":"closed","ping_status":"closed","sticky":false,"template":"","format":"standard","meta":{"42wp_featured_image_caption":"","42wp_featured_image_credits":"","42wp_featured_video":"","42wp_featured_image_hidden":false,"42wp_authors_list":[],"footnotes":""},"categories":[5],"tags":[181,2249,179,2259,823,249,206],"42wp_author":[14223],"class_list":["post-11460","post","type-post","status-publish","format-standard","has-post-thumbnail","hentry","category-f1","tag-f1","tag-f1-2024","tag-formula-1","tag-formula-1-2024","tag-jos-verstappen","tag-max-verstappen","tag-red-bull","42wp_author-esteban-nieto"],"_links":{"self":[{"href":"https:\/\/grandepremio.com\/es\/wp-json\/wp\/v2\/posts\/11460","targetHints":{"allow":["GET"]}}],"collection":[{"href":"https:\/\/grandepremio.com\/es\/wp-json\/wp\/v2\/posts"}],"about":[{"href":"https:\/\/grandepremio.com\/es\/wp-json\/wp\/v2\/types\/post"}],"replies":[{"embeddable":true,"href":"https:\/\/grandepremio.com\/es\/wp-json\/wp\/v2\/comments?post=11460"}],"version-history":[{"count":0,"href":"https:\/\/grandepremio.com\/es\/wp-json\/wp\/v2\/posts\/11460\/revisions"}],"wp:featuredmedia":[{"embeddable":true,"href":"https:\/\/grandepremio.com\/es\/wp-json\/wp\/v2\/media\/1010252048"}],"wp:attachment":[{"href":"https:\/\/grandepremio.com\/es\/wp-json\/wp\/v2\/media?parent=11460"}],"wp:term":[{"taxonomy":"category","embeddable":true,"href":"https:\/\/grandepremio.com\/es\/wp-json\/wp\/v2\/categories?post=11460"},{"taxonomy":"post_tag","embeddable":true,"href":"https:\/\/grandepremio.com\/es\/wp-json\/wp\/v2\/tags?post=11460"},{"taxonomy":"42wp_author","embeddable":true,"href":"https:\/\/grandepremio.com\/es\/wp-json\/wp\/v2\/42wp_author?post=11460"}],"curies":[{"name":"wp","href":"https:\/\/api.w.org\/{rel}","templated":true}]}}