{"id":11490,"date":"2024-09-28T15:23:52","date_gmt":"2024-09-28T18:23:52","guid":{"rendered":"https:\/\/grandepremio.com\/es\/2024\/09\/28\/elfyn-evans-lidera-primer-dia-rally-chile-toyota-wrc-2024\/"},"modified":"2024-09-28T15:23:55","modified_gmt":"2024-09-28T18:23:55","slug":"elfyn-evans-lidera-primer-dia-rally-chile-toyota-wrc-2024","status":"publish","type":"post","link":"https:\/\/grandepremio.com\/es\/rally\/elfyn-evans-lidera-primer-dia-rally-chile-toyota-wrc-2024\/","title":{"rendered":"Evans lidera primera jornada del Rally de Chile tras cancelaci\u00f3n de tramos y confusi\u00f3n horaria"},"content":{"rendered":"\n<p class=\"wp-block-paragraph\">El <strong>Rally de Chile<\/strong>, \u00fanica fecha sudamericana del <strong>WRC <\/strong>en 2024, se puso en marcha el viernes y se encontr\u00f3 con la confusi\u00f3n desde el principio. La cancelaci\u00f3n de la primera de las seis etapas del d\u00eda provoc\u00f3 una disputa tras el final de la carrera, lo que a su vez llev\u00f3 a que el liderato del d\u00eda cambiara de manos. <strong>Elfyn Evans<\/strong> se puso en cabeza despu\u00e9s de que <strong>Ott T\u00e4nak<\/strong> lo celebrara inicialmente.<\/p>\n\n\n\n<p class=\"wp-block-paragraph\">\ud83d\udfe5<em><strong>\u00a1Todas las novedades te esperan en el canal de&nbsp;<\/strong><\/em><a href=\"https:\/\/www.youtube.com\/@GrandePremioES\"><em>YouTube<\/em><\/a><em><strong>&nbsp;de Grande Pr\u00eamio en Espa\u00f1ol!<\/strong><\/em>&nbsp;\ud83d\udfe8<\/p>\n\n\n\n<p class=\"wp-block-paragraph\">Todo ocurri\u00f3 debido a los problemas de la primera etapa. Tras comenzar con normalidad, tuvo que interrumpirse por la invasi\u00f3n de espectadores en el tramo. Esto signific\u00f3 que pocos pilotos compitieron y el resto recibi\u00f3 tiempos de referencia para el resto del d\u00eda. El tiempo de <strong>Thierry Neuville<\/strong> se utiliz\u00f3 como referencia.<\/p>\n\n\n\n<p class=\"wp-block-paragraph\">Sin embargo, por la tarde se volvi\u00f3 a visitar el mismo tramo, ahora sin problemas de seguridad. Con sus propias actuaciones en mente, algunos pilotos impugnaron el tiempo recibido para la etapa inicial. El reclamo prosper\u00f3 para <strong>Evans, Adrien Fourmaux<\/strong> y <strong>Sami Pajari.<\/strong> A pesar de la reanudaci\u00f3n nocturna, <strong>Evans <\/strong>fue contundente en la primera parte del viernes.<\/p>\n\n\n\n<p class=\"wp-block-paragraph\">\u00abLa tarde podr\u00eda haber sido mejor, pero la ma\u00f1ana fue bastante buena. No encontr\u00e9 la confianza que buscaba, pero creo que se debi\u00f3 un poco a las condiciones y a c\u00f3mo se comport\u00f3 el coche en ellas. Sigue siendo el inicio del rally, y sabemos lo importante que es el s\u00e1bado del a\u00f1o que viene. Va a ser un d\u00eda enorme\u00bb, dijo <strong>Evans<\/strong>.<\/p>\n\n\n\n<p class=\"wp-block-paragraph\">\u23e9\u00a0<em><strong>\u00a1Seguinos en redes por\u00a0<\/strong><\/em><a href=\"https:\/\/twitter.com\/grandepremioES\"><em>Twitter\u00a0<\/em><\/a><em><strong>e\u00a0<\/strong><\/em><a href=\"https:\/\/www.instagram.com\/grandepremioes\/\"><em>Instagram!<\/em><\/a><br>\u23e9\u00a0<em><strong>Adem\u00e1s, tenemos nuestro\u00a0<\/strong><\/em><a href=\"https:\/\/whatsapp.com\/channel\/0029VaDZ5zb0gcfDxuwxBM05\"><em>canal de Whatsapp<\/em><\/a><em><strong>\u00a0con toda la informaci\u00f3n al instante<\/strong><\/em>\u00a0\ud83c\udfc1<\/p>\n\n\n\n<figure class=\"wp-block-image size-large\"><img decoding=\"async\" src=\"https:\/\/grandepremio.com\/es\/wp-content\/uploads\/2024\/09\/GPF2-1200x675-1-1024x576.jpg\" alt=\"\" class=\"wp-image-256043\"\/><figcaption class=\"wp-element-caption\">Ott T\u00e4nak finaliz\u00f3 segundo en la actividad del viernes del WRC en Chile (Foto: WRC)<\/figcaption><\/figure>\n\n\n\n<p class=\"wp-block-paragraph\"><strong>T\u00e4nak <\/strong>se qued\u00f3 con el segundo puesto tras una tarde en la que domin\u00f3 las actividades. <strong>Kalle Rovanper\u00e4<\/strong> fue tercero, mientras que Pajari fue cuarto. <strong>Gr\u00e9goire Munster, Neuville, Esapekka Lappi, Fourmaux, S\u00e9bastien Ogier<\/strong> y <strong>Nikolay Gryazin<\/strong> completaron el top-10.<\/p>\n\n\n\n<p class=\"wp-block-paragraph\">El <strong>Rally de Chile<\/strong> contin\u00faa con seis etapas m\u00e1s el s\u00e1bado y otras cuatro el domingo. Despu\u00e9s de eso, la temporada 2024 del <strong>WRC <\/strong>disputar\u00e1 el<strong> Rally de Europa Central<\/strong> y el <strong>Rally de Jap\u00f3n<\/strong> para cerrar el a\u00f1o.<\/p>\n\n\n\n<figure class=\"wp-block-embed is-type-video is-provider-youtube wp-block-embed-youtube wp-embed-aspect-16-9 wp-has-aspect-ratio\"><div class=\"wp-block-embed__wrapper\">\n<iframe loading=\"lazy\" title=\"RICCIARDO INCUMPLE EXPECTATIVAS DE RB Y ES REEMPLAZADO POR LAWSON\" width=\"500\" height=\"281\" src=\"https:\/\/www.youtube.com\/embed\/tUC4XJqomK0?feature=oembed\" frameborder=\"0\" allow=\"accelerometer; autoplay; clipboard-write; encrypted-media; gyroscope; picture-in-picture; web-share\" referrerpolicy=\"strict-origin-when-cross-origin\" allowfullscreen><\/iframe>\n<\/div><\/figure>\n","protected":false},"excerpt":{"rendered":"<p>La primera jornada del Rally de Chile termin\u00f3 con una confusi\u00f3n. Ott T\u00e4nak hab\u00eda terminado en cabeza en un principio, pero Elfyn Evans pas\u00f3 a liderar la competencia tras el reclamo de Toyota<\/p>\n","protected":false},"author":0,"featured_media":1010256044,"comment_status":"closed","ping_status":"closed","sticky":false,"template":"","format":"standard","meta":{"42wp_featured_image_caption":"","42wp_featured_image_credits":"","42wp_featured_video":"","42wp_featured_image_hidden":false,"42wp_authors_list":[],"footnotes":""},"categories":[9],"tags":[2575,1688,1488,9476,312,1226,8372],"42wp_author":[14239],"class_list":["post-11490","post","type-post","status-publish","format-standard","has-post-thumbnail","hentry","category-rally","tag-campeonato-mundial-de-rally","tag-elfyn-evans","tag-grande-premio","tag-temporada-2024-wrc","tag-toyota","tag-wrc","tag-wrc-2024","42wp_author-jp-otrosky"],"_links":{"self":[{"href":"https:\/\/grandepremio.com\/es\/wp-json\/wp\/v2\/posts\/11490","targetHints":{"allow":["GET"]}}],"collection":[{"href":"https:\/\/grandepremio.com\/es\/wp-json\/wp\/v2\/posts"}],"about":[{"href":"https:\/\/grandepremio.com\/es\/wp-json\/wp\/v2\/types\/post"}],"replies":[{"embeddable":true,"href":"https:\/\/grandepremio.com\/es\/wp-json\/wp\/v2\/comments?post=11490"}],"version-history":[{"count":0,"href":"https:\/\/grandepremio.com\/es\/wp-json\/wp\/v2\/posts\/11490\/revisions"}],"wp:featuredmedia":[{"embeddable":true,"href":"https:\/\/grandepremio.com\/es\/wp-json\/wp\/v2\/media\/1010256044"}],"wp:attachment":[{"href":"https:\/\/grandepremio.com\/es\/wp-json\/wp\/v2\/media?parent=11490"}],"wp:term":[{"taxonomy":"category","embeddable":true,"href":"https:\/\/grandepremio.com\/es\/wp-json\/wp\/v2\/categories?post=11490"},{"taxonomy":"post_tag","embeddable":true,"href":"https:\/\/grandepremio.com\/es\/wp-json\/wp\/v2\/tags?post=11490"},{"taxonomy":"42wp_author","embeddable":true,"href":"https:\/\/grandepremio.com\/es\/wp-json\/wp\/v2\/42wp_author?post=11490"}],"curies":[{"name":"wp","href":"https:\/\/api.w.org\/{rel}","templated":true}]}}