{"id":11517,"date":"2024-09-27T09:37:52","date_gmt":"2024-09-27T12:37:52","guid":{"rendered":"https:\/\/grandepremio.com\/es\/2024\/09\/27\/liam-lawson-oportunidad-visa-cashapp-rb-elogios-daniel-ricciardo-f1-2024\/"},"modified":"2024-09-27T09:39:25","modified_gmt":"2024-09-27T12:39:25","slug":"liam-lawson-oportunidad-visa-cashapp-rb-elogios-daniel-ricciardo-f1-2024","status":"publish","type":"post","link":"https:\/\/grandepremio.com\/es\/f1\/liam-lawson-oportunidad-visa-cashapp-rb-elogios-daniel-ricciardo-f1-2024\/","title":{"rendered":"Lawson revela anuncio anticipado de RB y elogia a Ricciardo"},"content":{"rendered":"\n<p class=\"wp-block-paragraph\">La <strong>F\u00f3rmula 1<\/strong> tiene nuevo piloto.<a href=\"https:\/\/grandepremio.com\/es\/f1\/rb-confirma-lawson-ricciardo-hasta-final-f1-2024\/\"> <strong>Liam Lawson<\/strong> fue confirmado por <strong>RB <\/strong>el pasado jueves y ocupa el asiento que perteneci\u00f3 a Daniel Ricciardo hasta el Gran Premio de Singapur.<\/a> Pero quien crea que la carrera urbana fue clave para el cambio se equivoca: <strong>Lawson <\/strong>dijo que conoc\u00eda el movimiento desde hac\u00eda unas dos semanas.<\/p>\n\n\n\n<p class=\"wp-block-paragraph\">\ud83d\udfe5<em><strong>\u00a1Todas las novedades te esperan en el canal de&nbsp;<\/strong><\/em><a href=\"https:\/\/www.youtube.com\/@GrandePremioES\"><em>YouTube<\/em><\/a><em><strong>&nbsp;de Grande Pr\u00eamio en Espa\u00f1ol!<\/strong><\/em>&nbsp;\ud83d\udfe8<\/p>\n\n\n\n<p class=\"wp-block-paragraph\">Lawson confirm\u00f3, en cierto modo, la sospecha de que su contrato con <strong>Red Bull<\/strong> dictaba que se convertir\u00eda en piloto libre en el mercado a finales de septiembre si no ten\u00eda un asiento en la <strong>F1<\/strong>. As\u00ed que <strong>Red Bull<\/strong> no dej\u00f3 lugar a dudas y le comunic\u00f3 a mediados de mes que se har\u00edan cargo de su asiento para las seis \u00faltimas carreras de 2024, con vistas a 2025.<\/p>\n\n\n\n<p class=\"wp-block-paragraph\">\u00abAhora por fin parece real. Por supuesto que lo sab\u00eda desde hace un par de semanas, pero hasta que no se oficializa al mundo no se siente como si estuviera confirmado\u00bb, dijo en una entrevista con el New Zealand Herald.<\/p>\n\n\n\n<p class=\"wp-block-paragraph\">\u00abHa sido el plan durante mucho tiempo y as\u00ed es como iba. Ten\u00eda una fecha en mi contrato que deb\u00eda respetarse, as\u00ed que b\u00e1sicamente tendr\u00eda que ser as\u00ed. Hace unas semanas me informaron de que iba a suceder y poco despu\u00e9s se hizo oficial\u00bb, declar\u00f3.<\/p>\n\n\n\n<p class=\"wp-block-paragraph\">\u23e9&nbsp;<em><strong>\u00a1Seguinos en redes por&nbsp;<\/strong><\/em><a href=\"https:\/\/twitter.com\/grandepremioES\"><em>Twitter&nbsp;<\/em><\/a><em><strong>e&nbsp;<\/strong><\/em><a href=\"https:\/\/www.instagram.com\/grandepremioes\/\"><em>Instagram!<\/em><\/a><br>\u23e9&nbsp;<em><strong>Adem\u00e1s, tenemos nuestro&nbsp;<\/strong><\/em><a href=\"https:\/\/whatsapp.com\/channel\/0029VaDZ5zb0gcfDxuwxBM05\"><em>canal de Whatsapp<\/em><\/a><em><strong>&nbsp;con toda la informaci\u00f3n al instante<\/strong><\/em>&nbsp;\ud83c\udfc1<\/p>\n\n\n\n<figure class=\"wp-block-image size-large\"><img decoding=\"async\" src=\"https:\/\/grandepremio.com\/es\/wp-content\/uploads\/2024\/09\/SI202409220490-1024x658.jpg\" alt=\"\" class=\"wp-image-255395\"\/><figcaption class=\"wp-element-caption\">Liam Lawson elogi\u00f3 el comportamiento de Daniel Ricciardo en su salida de RB (Foto: Getty Images \/ Red Bull Content Pool)<\/figcaption><\/figure>\n\n\n\n<p class=\"wp-block-paragraph\">Lawson estuvo presente en el garaje de <strong>RB <\/strong>en varias carreras de este a\u00f1o como piloto reserva, como ocurri\u00f3 en <strong>Singapur<\/strong>. Sin embargo, seg\u00fan el piloto, el ambiente era inc\u00f3modo, ya que todo el mundo conoc\u00eda el cambio. Por ello, decidi\u00f3 elogiar a <strong>Ricciardo<\/strong>, que manej\u00f3 la situaci\u00f3n con dignidad.<\/p>\n\n\n\n<p class=\"wp-block-paragraph\">\u00ab<strong>Singapur <\/strong>no fue un fin de semana divertido para m\u00ed, porque todos sab\u00edamos lo que iba a pasar. Al mismo tiempo, Daniel siempre fue muy amable conmigo en muchos aspectos cuando pilot\u00e9 el a\u00f1o pasado. Incluso esta temporada, siempre ha sido alguien contra quien nunca he sentido competencia ni nada parecido. Nunca me hizo sentir as\u00ed\u00bb, exalt\u00f3.<\/p>\n\n\n\n<p class=\"wp-block-paragraph\">\u00abNo fue una sensaci\u00f3n agradable, pero est\u00e1 claro que, para m\u00ed, tengo una oportunidad en la <strong>F1 <\/strong>y estoy agradecido por ello. Ahora tengo que capturar la oportunidad que tengo en mis manos. El propio <strong>Daniel <\/strong>me dijo &#8216;sabes lo que tienes que hacer y tienes que aprovecharlo al m\u00e1ximo&#8217;\u00bb, dijo.<\/p>\n\n\n\n<p class=\"wp-block-paragraph\">\u00abSiento un enorme respeto por c\u00f3mo Daniel manej\u00f3 toda la situaci\u00f3n, porque no me imagino algo as\u00ed. Es una posici\u00f3n similar a la que yo tuve el a\u00f1o pasado, pero obviamente \u00e9l es mucho m\u00e1s famoso que yo, as\u00ed que recibi\u00f3 muchas preguntas y supo salir muy bien parado\u00bb, concluy\u00f3.<\/p>\n\n\n\n<p class=\"wp-block-paragraph\">La&nbsp;<a href=\"https:\/\/es.grandepremio.com\/f1\/\" target=\"_blank\" rel=\"noreferrer noopener\"><\/a><strong><a href=\"https:\/\/es.grandepremio.com\/f1\/\" target=\"_blank\" rel=\"noreferrer noopener\"><\/a><a href=\"https:\/\/es.grandepremio.com\/f1\/\" target=\"_blank\" rel=\"noreferrer noopener\"><\/a><a href=\"https:\/\/es.grandepremio.com\/f1\/\" target=\"_blank\" rel=\"noreferrer noopener\"><\/a><a href=\"https:\/\/es.grandepremio.com\/f1\/\" target=\"_blank\" rel=\"noreferrer noopener\"><\/a><a href=\"https:\/\/es.grandepremio.com\/f1\/\" target=\"_blank\" rel=\"noreferrer noopener\"><\/a><a href=\"https:\/\/es.grandepremio.com\/f1\/\" target=\"_blank\" rel=\"noreferrer noopener\"><\/a><a href=\"https:\/\/es.grandepremio.com\/f1\/\" target=\"_blank\" rel=\"noreferrer noopener\"><\/a><a href=\"https:\/\/es.grandepremio.com\/f1\/\" target=\"_blank\" rel=\"noreferrer noopener\"><\/a><a href=\"https:\/\/es.grandepremio.com\/f1\/\" target=\"_blank\" rel=\"noreferrer noopener\">F\u00f3rmula 1<\/a><\/strong>&nbsp;se toma ahora un descanso de tres semanas, para volver a las pistas entre el 18 y el 20 de octubre con el<strong>&nbsp;GP de Estados Unidos<\/strong>&nbsp;en el&nbsp;<strong>Circuito de las Am\u00e9ricas<\/strong>&nbsp;de Austin, Texas.<\/p>\n\n\n\n<figure class=\"wp-block-embed is-type-video is-provider-youtube wp-block-embed-youtube wp-embed-aspect-16-9 wp-has-aspect-ratio\"><div class=\"wp-block-embed__wrapper\">\n<iframe loading=\"lazy\" title=\"McLAREN VS RED BULL: RECTA FINAL DE UNA LUCHA CON DOS FRENTES\" width=\"500\" height=\"281\" src=\"https:\/\/www.youtube.com\/embed\/9Ihah2NrRM8?feature=oembed\" frameborder=\"0\" allow=\"accelerometer; autoplay; clipboard-write; encrypted-media; gyroscope; picture-in-picture; web-share\" referrerpolicy=\"strict-origin-when-cross-origin\" allowfullscreen><\/iframe>\n<\/div><\/figure>\n","protected":false},"excerpt":{"rendered":"<p>Liam Lawson declar\u00f3 que la decisi\u00f3n de sustituir a Daniel Ricciardo en RB se hab\u00eda tomado hace unas semanas y que s\u00f3lo se materializ\u00f3 en Singapur.<\/p>\n","protected":false},"author":0,"featured_media":1010251158,"comment_status":"closed","ping_status":"closed","sticky":false,"template":"","format":"standard","meta":{"42wp_featured_image_caption":"","42wp_featured_image_credits":"","42wp_featured_video":"","42wp_featured_image_hidden":false,"42wp_authors_list":[],"footnotes":""},"categories":[5],"tags":[365,181,2249,179,2259,1488,279,9881,4540,9810],"42wp_author":[14239],"class_list":["post-11517","post","type-post","status-publish","format-standard","has-post-thumbnail","hentry","category-f1","tag-daniel-ricciardo","tag-f1","tag-f1-2024","tag-formula-1","tag-formula-1-2024","tag-grande-premio","tag-liam-lawson","tag-rb","tag-temporada-2024-f1","tag-visa-cashapp-rb","42wp_author-jp-otrosky"],"_links":{"self":[{"href":"https:\/\/grandepremio.com\/es\/wp-json\/wp\/v2\/posts\/11517","targetHints":{"allow":["GET"]}}],"collection":[{"href":"https:\/\/grandepremio.com\/es\/wp-json\/wp\/v2\/posts"}],"about":[{"href":"https:\/\/grandepremio.com\/es\/wp-json\/wp\/v2\/types\/post"}],"replies":[{"embeddable":true,"href":"https:\/\/grandepremio.com\/es\/wp-json\/wp\/v2\/comments?post=11517"}],"version-history":[{"count":0,"href":"https:\/\/grandepremio.com\/es\/wp-json\/wp\/v2\/posts\/11517\/revisions"}],"wp:featuredmedia":[{"embeddable":true,"href":"https:\/\/grandepremio.com\/es\/wp-json\/wp\/v2\/media\/1010251158"}],"wp:attachment":[{"href":"https:\/\/grandepremio.com\/es\/wp-json\/wp\/v2\/media?parent=11517"}],"wp:term":[{"taxonomy":"category","embeddable":true,"href":"https:\/\/grandepremio.com\/es\/wp-json\/wp\/v2\/categories?post=11517"},{"taxonomy":"post_tag","embeddable":true,"href":"https:\/\/grandepremio.com\/es\/wp-json\/wp\/v2\/tags?post=11517"},{"taxonomy":"42wp_author","embeddable":true,"href":"https:\/\/grandepremio.com\/es\/wp-json\/wp\/v2\/42wp_author?post=11517"}],"curies":[{"name":"wp","href":"https:\/\/api.w.org\/{rel}","templated":true}]}}