{"id":11520,"date":"2024-09-26T16:19:17","date_gmt":"2024-09-26T19:19:17","guid":{"rendered":"https:\/\/grandepremio.com\/es\/2024\/09\/26\/mclaren-asciende-kanaan-subjefe-equipo-brown\/"},"modified":"2024-09-26T16:19:21","modified_gmt":"2024-09-26T19:19:21","slug":"mclaren-asciende-kanaan-subjefe-equipo-brown","status":"publish","type":"post","link":"https:\/\/grandepremio.com\/es\/indy\/mclaren-asciende-kanaan-subjefe-equipo-brown\/","title":{"rendered":"McLaren se reorganiza y asciende a Kanaan a subjefe de equipo y mano derecha de Brown"},"content":{"rendered":"\n<p class=\"wp-block-paragraph\">No han pasado dos semanas del final de la temporada 2024 de la <strong>IndyCar<\/strong> que ya hay muchos cambios de pilotos y, en este caso, dentro de los equipos. Y es que <strong>McLaren<\/strong> ha decidido ascender a <strong>Tony Kanaan<\/strong> como jefe adjunto de la escuder\u00eda, con lo que trabajar\u00e1 codo a codo con <strong>Zak Brown<\/strong>, el due\u00f1o, seg\u00fan ha podido saber <strong>GRANDE PR\u00caMIO<\/strong>.<\/p>\n\n\n\n<p class=\"wp-block-paragraph\">Tras haber sido nombrado como asesor especial y director deportivo, el ex piloto brasile\u00f1o, que se despidi\u00f3 este a\u00f1o en las<strong> 500 Millas de Indian\u00e1polis<\/strong>. Con este ascenso, Kanaan estar\u00e1 a la par del jefe de equipo, <strong>Gavin Ward<\/strong>. De acuerdo con lo que este medio pudo saber, dentro de la escuder\u00eda hay una gran reorganizaci\u00f3n para mejorar el rendimiento en las pistas y fuera de ellas.<\/p>\n\n\n\n<p class=\"wp-block-paragraph\">\ud83d\udfe5<em><strong>\u00a1Todas las novedades te esperan en el canal de&nbsp;<\/strong><\/em><a href=\"https:\/\/www.youtube.com\/@GrandePremioES\"><em>YouTube<\/em><\/a><em><strong>&nbsp;de Grande Pr\u00eamio en Espa\u00f1ol!<\/strong><\/em>&nbsp;\ud83d\udfe8<\/p>\n\n\n\n<p class=\"wp-block-paragraph\"><strong>GRANDE PR\u00caMIO<\/strong> tambi\u00e9n puede confirmar que la promoci\u00f3n de Kanaan <strong>\u201creflejar\u00e1 un amplio alcance en todos los aspectos del equipo\u201d<\/strong>, ya que el ex piloto continuar\u00e1 con el trabajo en t\u00e9rminos de decisiones de personal, pilotos y relaciones con los socios. Tambi\u00e9n en su nuevo papel, el brasile\u00f1o compartir\u00e1 funciones con Ward. Ingeniero de formaci\u00f3n, el canadiense se centrar\u00e1 espec\u00edficamente en lo que tiene que ver con el rendimiento en pista y los proyectos especiales.<\/p>\n\n\n\n<figure class=\"wp-block-image size-large\"><img decoding=\"async\" src=\"https:\/\/grandepremio.com\/cdn-cgi\/image\/width=893,height=558,fit=contain,gravity=0.5x0.5,quality=75,format=webp\/es\/wp-content\/uploads\/2024\/09\/Tony-Kanaan-Indianapolis-500-Qualifying-By_-James-Black_Large-Image-Without-Watermark_m104973-1200x800-1-1024x683.jpg\" alt=\"\" class=\"wp-image-255888\"\/><figcaption class=\"wp-element-caption\">Tony Kanaan ser\u00e1 la mano derecha de Zak Brown en Indy (Foto: Indycar)<\/figcaption><\/figure>\n\n\n\n<p class=\"wp-block-paragraph\">Como director deportivo este a\u00f1o, Kanaan fue quien tom\u00f3 la decisi\u00f3n de despedir a <strong>Th\u00e9o Pourchaire<\/strong>, reci\u00e9n llegado a McLaren, y traer a <strong>Nolan Siegel <\/strong>al equipo durante la temporada -el brasile\u00f1o asumi\u00f3 la responsabilidad de la resoluci\u00f3n p\u00fablica m\u00e1s pol\u00e9mica del equipo-. Todo ello despu\u00e9s de otro despido anterior, el de <strong>David Malukas<\/strong>, puesto que se lesion\u00f3 antes de empezar antes de comenzar la temporada, y el equipo cumpli\u00f3 con una cl\u00e1sula para cortar el contrato.<\/p>\n\n\n\n<p class=\"wp-block-paragraph\">Para 2025, el ascenso de Kanaan no ser\u00e1 el \u00fanico cambio en McLaren. Es que el organigrama quedar\u00e1 conformado con el brasile\u00f1o y Ward a cargo del equipo, Sophie Markakis-Smith ser\u00e1 jefa de personal, mientras que Brad O&#8217;Brien asumir\u00e1 el cargo de vicepresidente de finanzas y operaciones comerciales. Lauren Gaudion ser\u00e1 vicepresidenta de marketing y comunicaciones, Scott Harner director de operaciones de carrera y Nick Snyde director t\u00e9cnico. <strong>Brian Barnhart<\/strong> pasar\u00e1 a ser director general.<\/p>\n\n\n\n<p class=\"wp-block-paragraph\">\u23e9\u00a0<em><strong>\u00a1Seguinos en redes por\u00a0<\/strong><\/em><a href=\"https:\/\/twitter.com\/grandepremioES\"><em>Twitter\u00a0<\/em><\/a><em><strong>e\u00a0<\/strong><\/em><a href=\"https:\/\/www.instagram.com\/grandepremioes\/\"><em>Instagram!<\/em><\/a><br>\u23e9\u00a0<em><strong>Adem\u00e1s, tenemos nuestro\u00a0<\/strong><\/em><a href=\"https:\/\/whatsapp.com\/channel\/0029VaDZ5zb0gcfDxuwxBM05\"><em>canal de Whatsapp<\/em><\/a><em><strong>\u00a0con toda la informaci\u00f3n al instante<\/strong><\/em>\u00a0\ud83c\udfc1<\/p>\n\n\n\n<p class=\"wp-block-paragraph\">La IndyCar Series no volver\u00e1 hasta el 2 de marzo de 2025, con la primera carrera de la temporada en las calles de St. Petersburg, en el estado de la Florida.<\/p>\n\n\n\n<figure class=\"wp-block-embed is-type-video is-provider-youtube wp-block-embed-youtube wp-embed-aspect-16-9 wp-has-aspect-ratio\"><div class=\"wp-block-embed__wrapper\">\n<iframe loading=\"lazy\" title=\"McLAREN VS RED BULL: RECTA FINAL DE UNA LUCHA CON DOS FRENTES\" width=\"500\" height=\"281\" src=\"https:\/\/www.youtube.com\/embed\/9Ihah2NrRM8?feature=oembed\" frameborder=\"0\" allow=\"accelerometer; autoplay; clipboard-write; encrypted-media; gyroscope; picture-in-picture; web-share\" referrerpolicy=\"strict-origin-when-cross-origin\" allowfullscreen><\/iframe>\n<\/div><\/figure>\n","protected":false},"excerpt":{"rendered":"<p>McLaren ha decidido reorganizar los puestos de direcci\u00f3n en Indy. Como resultado, Tony Kanaan es ahora subdirector del equipo y ser\u00e1 la mano derecha de Zak Brown en la nueva estructura del equipo.<\/p>\n","protected":false},"author":0,"featured_media":1010255886,"comment_status":"closed","ping_status":"closed","sticky":false,"template":"","format":"standard","meta":{"42wp_featured_image_caption":"","42wp_featured_image_credits":"","42wp_featured_video":"","42wp_featured_image_hidden":false,"42wp_authors_list":[],"footnotes":""},"categories":[7],"tags":[598,5296,2829,4526,1488,310,269,7503,382,1326,328],"42wp_author":[14237],"class_list":["post-11520","post","type-post","status-publish","format-standard","has-post-thumbnail","hentry","category-indy","tag-500-millas-de-indianapolis","tag-brian-barnhart","tag-david-malukas","tag-gavin-ward","tag-grande-premio","tag-indycar","tag-mclaren","tag-nolan-siegel","tag-theo-pourchaire","tag-tony-kanaan","tag-zak-brown","42wp_author-gabriel-garcia"],"_links":{"self":[{"href":"https:\/\/grandepremio.com\/es\/wp-json\/wp\/v2\/posts\/11520","targetHints":{"allow":["GET"]}}],"collection":[{"href":"https:\/\/grandepremio.com\/es\/wp-json\/wp\/v2\/posts"}],"about":[{"href":"https:\/\/grandepremio.com\/es\/wp-json\/wp\/v2\/types\/post"}],"replies":[{"embeddable":true,"href":"https:\/\/grandepremio.com\/es\/wp-json\/wp\/v2\/comments?post=11520"}],"version-history":[{"count":0,"href":"https:\/\/grandepremio.com\/es\/wp-json\/wp\/v2\/posts\/11520\/revisions"}],"wp:featuredmedia":[{"embeddable":true,"href":"https:\/\/grandepremio.com\/es\/wp-json\/wp\/v2\/media\/1010255886"}],"wp:attachment":[{"href":"https:\/\/grandepremio.com\/es\/wp-json\/wp\/v2\/media?parent=11520"}],"wp:term":[{"taxonomy":"category","embeddable":true,"href":"https:\/\/grandepremio.com\/es\/wp-json\/wp\/v2\/categories?post=11520"},{"taxonomy":"post_tag","embeddable":true,"href":"https:\/\/grandepremio.com\/es\/wp-json\/wp\/v2\/tags?post=11520"},{"taxonomy":"42wp_author","embeddable":true,"href":"https:\/\/grandepremio.com\/es\/wp-json\/wp\/v2\/42wp_author?post=11520"}],"curies":[{"name":"wp","href":"https:\/\/api.w.org\/{rel}","templated":true}]}}