{"id":11539,"date":"2024-09-26T08:38:55","date_gmt":"2024-09-26T11:38:55","guid":{"rendered":"https:\/\/grandepremio.com\/es\/2024\/09\/26\/adrian-newey-desvinculacion-red-bull-aston-martin-f1-2024\/"},"modified":"2024-09-26T08:38:59","modified_gmt":"2024-09-26T11:38:59","slug":"adrian-newey-desvinculacion-red-bull-aston-martin-f1-2024","status":"publish","type":"post","link":"https:\/\/grandepremio.com\/es\/f1\/adrian-newey-desvinculacion-red-bull-aston-martin-f1-2024\/","title":{"rendered":"Newey comienza la transici\u00f3n hacia Aston Martin y rompe definitivamente con Red Bull"},"content":{"rendered":"\n<p class=\"wp-block-paragraph\"><strong>Adrian Newey<\/strong> ya no tiene ninguna relaci\u00f3n con <strong>Red Bull,<\/strong> la escuder\u00eda de la que ha formado parte durante las dos \u00faltimas d\u00e9cadas. El emblem\u00e1tico dise\u00f1ador ha entrado en el periodo de gracia, conocido popularmente como \u00abpermiso de jardiner\u00eda\u00bb, y se prepara para incorporarse a <strong>Aston Martin<\/strong> a partir del 1 de marzo de la temporada 2025 de <strong>F\u00f3rmula 1<\/strong>.<\/p>\n\n\n\n<p class=\"wp-block-paragraph\">\ud83d\udfe5&nbsp;<em><strong>\u00a1Todas las novedades te esperan en el canal de&nbsp;<\/strong><\/em><a href=\"https:\/\/www.youtube.com\/@GrandePremioES\"><em>YouTube<\/em><\/a><em><strong>&nbsp;de Grande Pr\u00eamio en Espa\u00f1ol!<\/strong><\/em>&nbsp;\ud83d\udfe8<\/p>\n\n\n\n<p class=\"wp-block-paragraph\">La confirmaci\u00f3n fue hecha por <strong>Eddie Jordan<\/strong>, antiguo propietario del equipo que llevaba su nombre en la F1. El irland\u00e9s ayud\u00f3 a negociar la salida de <strong>Newey <\/strong>de <strong>Red Bull<\/strong> y revel\u00f3 en un reciente episodio del podcast Formula For Success, que comparte con <strong>David Coulthard<\/strong>, que la ruptura definitiva se produjo el 6 de septiembre, es decir, despu\u00e9s del <strong>Gran Premio de Italia.<\/strong><\/p>\n\n\n\n<p class=\"wp-block-paragraph\">\u00abNo dije ni una palabra hasta el 6 de septiembre. Esa fue la fecha dada por <strong>Red Bull<\/strong> para que dij\u00e9ramos algo o no\u00bb, comenz\u00f3 Jordan. \u00abNo tengo m\u00e1s que admiraci\u00f3n por Adrian, porque nunca dijo nada hasta la fecha fijada por el equipo\u00bb.<\/p>\n\n\n\n<p class=\"wp-block-paragraph\">\u00ab<strong>Adrian <\/strong>ya no est\u00e1 all\u00ed. Ten\u00eda una fecha en su contrato, el 6 de septiembre. Esto se cumpli\u00f3 en todos los aspectos. Puedo asegurar que no conozco a nadie que lo haya incumplido. As\u00ed que se puso el m\u00e1ximo cuidado en que se respetara, y fue meticuloso al respecto\u00bb, prosigui\u00f3.<\/p>\n\n\n\n<p class=\"wp-block-paragraph\">\u23e9\u00a0<em><strong>\u00a1Seguinos en redes por\u00a0<\/strong><\/em><a href=\"https:\/\/twitter.com\/grandepremioES\"><em>Twitter\u00a0<\/em><\/a><em><strong>e\u00a0<\/strong><\/em><a href=\"https:\/\/www.instagram.com\/grandepremioes\/\"><em>Instagram!<\/em><\/a><br>\u23e9\u00a0<em><strong>Adem\u00e1s, tenemos nuestro\u00a0<\/strong><\/em><a href=\"https:\/\/whatsapp.com\/channel\/0029VaDZ5zb0gcfDxuwxBM05\"><em>canal de Whatsapp<\/em><\/a><em><strong>\u00a0con toda la informaci\u00f3n al instante<\/strong><\/em>\u00a0\ud83c\udfc1<\/p>\n\n\n\n<figure class=\"wp-block-image size-full\"><img decoding=\"async\" src=\"https:\/\/grandepremio.com\/es\/wp-content\/uploads\/2024\/06\/Newey-1.jpg\" alt=\"\" class=\"wp-image-244126\"\/><figcaption class=\"wp-element-caption\">Adrian Newey integr\u00f3 el equipo Red Bull por casi dos d\u00e9cadas (Foto: Red Bull Content Pool)<\/figcaption><\/figure>\n\n\n\n<p class=\"wp-block-paragraph\">A continuaci\u00f3n, <strong>Jordan <\/strong>dio algunos detalles m\u00e1s sobre la marcha del dise\u00f1ador brit\u00e1nico, de 65 a\u00f1os, y alab\u00f3 la profesionalidad y la organizaci\u00f3n de la base de Milton Keynes.<\/p>\n\n\n\n<p class=\"wp-block-paragraph\">\u00abCreo, y tengo que decirlo sin dudar, pero dir\u00eda que la organizaci\u00f3n de la salida de <strong>Adrian Newey <\/strong>de <strong>Red Bull<\/strong> fue, para m\u00ed, probablemente una de las cosas profesionales m\u00e1s geniales que he hecho\u00bb, dijo.<\/p>\n\n\n\n<p class=\"wp-block-paragraph\">\u00abPosiblemente sea lo mejor que he hecho nunca. Y lo digo porque todo se organiz\u00f3 y coordin\u00f3 de una manera tan elegante que me siento muy orgulloso. Me siento muy orgulloso de <strong>Red Bull<\/strong>. Estoy muy orgulloso de m\u00ed mismo y de mis acciones all\u00ed e incre\u00edblemente orgulloso de Adrian y de c\u00f3mo gestion\u00f3 la situaci\u00f3n\u00bb, concluy\u00f3 <strong>Jordan<\/strong>.<\/p>\n\n\n\n<p class=\"wp-block-paragraph\">La\u00a0<a href=\"https:\/\/es.grandepremio.com\/f1\/\" target=\"_blank\" rel=\"noreferrer noopener\"><\/a><strong><a href=\"https:\/\/es.grandepremio.com\/f1\/\" target=\"_blank\" rel=\"noreferrer noopener\"><\/a><a href=\"https:\/\/es.grandepremio.com\/f1\/\" target=\"_blank\" rel=\"noreferrer noopener\"><\/a><a href=\"https:\/\/es.grandepremio.com\/f1\/\" target=\"_blank\" rel=\"noreferrer noopener\"><\/a><a href=\"https:\/\/es.grandepremio.com\/f1\/\" target=\"_blank\" rel=\"noreferrer noopener\"><\/a><a href=\"https:\/\/es.grandepremio.com\/f1\/\" target=\"_blank\" rel=\"noreferrer noopener\"><\/a><a href=\"https:\/\/es.grandepremio.com\/f1\/\" target=\"_blank\" rel=\"noreferrer noopener\"><\/a><a href=\"https:\/\/es.grandepremio.com\/f1\/\" target=\"_blank\" rel=\"noreferrer noopener\"><\/a><a href=\"https:\/\/es.grandepremio.com\/f1\/\" target=\"_blank\" rel=\"noreferrer noopener\"><\/a><a href=\"https:\/\/es.grandepremio.com\/f1\/\" target=\"_blank\" rel=\"noreferrer noopener\">F\u00f3rmula 1<\/a><\/strong>\u00a0se toma ahora un descanso de tres semanas, para volver a las pistas entre el 18 y el 20 de octubre con el<strong>\u00a0GP de Estados Unidos<\/strong>\u00a0en el\u00a0<strong>Circuito de las Am\u00e9ricas<\/strong>\u00a0de Austin, Texas.<\/p>\n\n\n\n<figure class=\"wp-block-embed is-type-video is-provider-youtube wp-block-embed-youtube wp-embed-aspect-16-9 wp-has-aspect-ratio\"><div class=\"wp-block-embed__wrapper\">\n<iframe loading=\"lazy\" title=\"McLAREN VS RED BULL: RECTA FINAL DE UNA LUCHA CON DOS FRENTES\" width=\"500\" height=\"281\" src=\"https:\/\/www.youtube.com\/embed\/9Ihah2NrRM8?feature=oembed\" frameborder=\"0\" allow=\"accelerometer; autoplay; clipboard-write; encrypted-media; gyroscope; picture-in-picture; web-share\" referrerpolicy=\"strict-origin-when-cross-origin\" allowfullscreen><\/iframe>\n<\/div><\/figure>\n","protected":false},"excerpt":{"rendered":"<p>Eddie Jordan revel\u00f3 que el ingeniero se desvincul\u00f3 definitivamente de Red Bulll el 6 de septiembre, justo despu\u00e9s del Gran Premio de Italia.<\/p>\n","protected":false},"author":0,"featured_media":1010254759,"comment_status":"closed","ping_status":"closed","sticky":false,"template":"","format":"standard","meta":{"42wp_featured_image_caption":"","42wp_featured_image_credits":"","42wp_featured_video":"","42wp_featured_image_hidden":false,"42wp_authors_list":[],"footnotes":""},"categories":[5],"tags":[742,209,3271,181,2249,179,2259,1488,206,4540],"42wp_author":[14239],"class_list":["post-11539","post","type-post","status-publish","format-standard","has-post-thumbnail","hentry","category-f1","tag-adrian-newey","tag-aston-martin","tag-eddie-jordan","tag-f1","tag-f1-2024","tag-formula-1","tag-formula-1-2024","tag-grande-premio","tag-red-bull","tag-temporada-2024-f1","42wp_author-jp-otrosky"],"_links":{"self":[{"href":"https:\/\/grandepremio.com\/es\/wp-json\/wp\/v2\/posts\/11539","targetHints":{"allow":["GET"]}}],"collection":[{"href":"https:\/\/grandepremio.com\/es\/wp-json\/wp\/v2\/posts"}],"about":[{"href":"https:\/\/grandepremio.com\/es\/wp-json\/wp\/v2\/types\/post"}],"replies":[{"embeddable":true,"href":"https:\/\/grandepremio.com\/es\/wp-json\/wp\/v2\/comments?post=11539"}],"version-history":[{"count":0,"href":"https:\/\/grandepremio.com\/es\/wp-json\/wp\/v2\/posts\/11539\/revisions"}],"wp:featuredmedia":[{"embeddable":true,"href":"https:\/\/grandepremio.com\/es\/wp-json\/wp\/v2\/media\/1010254759"}],"wp:attachment":[{"href":"https:\/\/grandepremio.com\/es\/wp-json\/wp\/v2\/media?parent=11539"}],"wp:term":[{"taxonomy":"category","embeddable":true,"href":"https:\/\/grandepremio.com\/es\/wp-json\/wp\/v2\/categories?post=11539"},{"taxonomy":"post_tag","embeddable":true,"href":"https:\/\/grandepremio.com\/es\/wp-json\/wp\/v2\/tags?post=11539"},{"taxonomy":"42wp_author","embeddable":true,"href":"https:\/\/grandepremio.com\/es\/wp-json\/wp\/v2\/42wp_author?post=11539"}],"curies":[{"name":"wp","href":"https:\/\/api.w.org\/{rel}","templated":true}]}}