{"id":1154,"date":"2026-05-20T15:43:10","date_gmt":"2026-05-20T18:43:10","guid":{"rendered":"https:\/\/grandepremio.com\/es\/2026\/05\/20\/historia-gp-de-canada-formula-1-2026\/"},"modified":"2026-05-20T15:43:13","modified_gmt":"2026-05-20T18:43:13","slug":"historia-gp-de-canada-formula-1-2026","status":"publish","type":"post","link":"https:\/\/grandepremio.com\/es\/f1\/historia-gp-de-canada-formula-1-2026\/","title":{"rendered":"De Mosport al Muro de los Campeones: la historia del GP de Canad\u00e1 de F1"},"content":{"rendered":"\n<p class=\"wp-block-paragraph\">A diferencia del vecino <strong>Estados Unidos, <\/strong>que a lo largo de los a\u00f1os tuvo una mirada esquiva hacia la <strong>F\u00f3rmula 1<\/strong> hasta la reciente llegada de <strong>Liberty Media,<\/strong> el v\u00ednculo de <strong>Canad\u00e1<\/strong> con la m\u00e1xima categor\u00eda siempre fue fuerte a lo largo de d\u00e9cadas. Tradicional por sus lluvias y sus marmotas, este fin de semana se reeditar\u00e1 un nuevo <strong>Gran Premio <\/strong>en el circuito <strong>Gilles Villeneuve,<\/strong> el nombre que mejor representa estos lazos a lo largo de la historia.<\/p>\n\n\n\n<figure class=\"wp-block-embed is-type-video is-provider-youtube wp-block-embed-youtube wp-embed-aspect-16-9 wp-has-aspect-ratio\"><div class=\"wp-block-embed__wrapper\">\n<iframe loading=\"lazy\" title=\"\u00bfRUSSELL EN CRISIS? ANTONELLI SE AFIANZA COMO L\u00cdDER EN MERCEDES\" width=\"500\" height=\"281\" src=\"https:\/\/www.youtube.com\/embed\/gfE1joF6GRo?feature=oembed\" frameborder=\"0\" allow=\"accelerometer; autoplay; clipboard-write; encrypted-media; gyroscope; picture-in-picture; web-share\" referrerpolicy=\"strict-origin-when-cross-origin\" allowfullscreen><\/iframe>\n<\/div><\/figure>\n\n\n\n<p class=\"wp-block-paragraph\">El puntapi\u00e9 inicial para el GP de Canad\u00e1 se dio el 27 de agosto de 1967, una \u00e9poca de dominio para el naciente equipo Brabham, que por aquellos a\u00f1os a\u00fan ten\u00eda como propietarios al tricampe\u00f3n <strong>Jack Brabham<\/strong> como piloto y al dise\u00f1ador <strong>Ron Tauranac<\/strong>. En el circuito de Mosport, y bajo la lluvia, aquella primera edici\u00f3n termin\u00f3 con victoria del propio <strong>Brabham<\/strong>, en un 1-2 de su escuder\u00eda y escoltado por <strong>Denny Hulme, <\/strong>que a la postre ser\u00eda campe\u00f3n. Aquella competencia tambi\u00e9n signific\u00f3 el debut de uno de los peores pilotos de la historia de la categor\u00eda, el local <strong>Al Pease,<\/strong> que termin\u00f3 con 43 vueltas menos.<\/p>\n\n\n\n<p class=\"wp-block-paragraph\">Tras dos competencias en Mont-Tremblant, en 1968 y 1970, Mosport continu\u00f3 como sede del GP de Canad\u00e1 hasta 1977, cuando por motivos de seguridad, la categor\u00eda decidi\u00f3 instalarse en un circuito callejero en la Isla de Notre Dame, en Montreal, para correr a partir de 1978. Esta carrera ser\u00eda especial para el p\u00fablico local, ante la primera victoria en la categor\u00eda de <strong>Gilles Villeneuve<\/strong>, por aquellos a\u00f1os piloto #2 de Ferrari y compa\u00f1ero del argentino<strong> Carlos Reutemann<\/strong>, que termin\u00f3 tercero.<\/p>\n\n\n\n<p class=\"wp-block-paragraph\"><strong><em>\u00a1Todas las novedades te esperan en el canal de&nbsp;<a href=\"https:\/\/www.youtube.com\/@GrandePremioES\" target=\"_blank\" rel=\"noreferrer noopener\">YouTube<\/a>&nbsp;de Grande Pr\u00eamio en Espa\u00f1ol!<\/em><\/strong><\/p>\n\n\n\n<figure class=\"wp-block-image size-full is-resized\"><img decoding=\"async\" src=\"https:\/\/grandepremio.com\/cdn-cgi\/image\/width=893,height=558,fit=contain,gravity=0.5x0.5,quality=75,format=webp\/es\/wp-content\/uploads\/2025\/06\/image-13.png\" alt=\"\" class=\"wp-image-343711\" style=\"aspect-ratio:1;width:840px;height:auto\"\/><figcaption class=\"wp-element-caption\">Jack Brabham gan\u00f3 el primer GP de Canad\u00e1, en 1967. (Foto: Reproducci\u00f3n)<\/figcaption><\/figure>\n\n\n\n<p class=\"wp-block-paragraph\">La prematura muerte de Villeneuve durante la clasificaci\u00f3n del GP de B\u00e9lgica, en el circuito de Zolder en 1982, llev\u00f3 a que los organizadores rebautizaran el circuito de Notre Dame como Gilles Villeneuve. Y en aquel a\u00f1o, la pista de Montreal tampoco escap\u00f3 a la tragedia, ante el accidente mortal de Riccardo Palletti, que se estrell\u00f3 con su Osella contra la parte trasera de la Ferrari de Didier Pironi durante la largada. Esta fue el \u00faltimo fallecimiento en un fin de semana de F\u00f3rmula 1 hasta el <strong>GP de San Marino de 1994<\/strong>, cuando perecieron <strong>Ronald Ratzenberger y Ayrton Senna.<\/strong><\/p>\n\n\n\n<p class=\"wp-block-paragraph\">Este accidente, incluso, llev\u00f3 a que los organizadores hicieran reformas en el circuito, con la instalaci\u00f3n de una chicana en reemplazo de la veloz curva Casino. No obstante, pocos a\u00f1os despu\u00e9s, este sector se transform\u00f3 como una extensa recta que termina en la chicana que sale a la recta principal.<\/p>\n\n\n\n<p class=\"wp-block-paragraph\">Para la edici\u00f3n de 1999, el sector que desemboca en la recta principal pas\u00f3 a cobrar notoriedad como el <strong>Muro de los Campeone<\/strong>s, despu\u00e9s de una competencia en que Michael Schumacher (campe\u00f3n en ese entonces de las temporadas 1994 y 1995), Damon Hill (campe\u00f3n en 1996), Jacques Villeneuve (campe\u00f3n de 1997) terminaran contra el muro en diferentes accidentes a lo largo de la carrera. M\u00e1s adelante en el tiempo, otra de las v\u00edctimas de este sector fue Sebastian Vettel, otro monarca de la categor\u00eda, aunque durante una sesi\u00f3n de entrenamientos.<\/p>\n\n\n\n<p class=\"wp-block-paragraph\"><strong><em>\u00a1Seguinos en redes por&nbsp;<a href=\"https:\/\/twitter.com\/grandepremioES\" target=\"_blank\" rel=\"noreferrer noopener\">Twitter&nbsp;<\/a>e&nbsp;<a href=\"https:\/\/www.instagram.com\/grandepremioes\/\" target=\"_blank\" rel=\"noreferrer noopener\">Instagram!<\/a><\/em><\/strong><br><strong><em>Adem\u00e1s, tenemos nuestro&nbsp;<a href=\"https:\/\/whatsapp.com\/channel\/0029VaDZ5zb0gcfDxuwxBM05\" target=\"_blank\" rel=\"noreferrer noopener\">canal de Whatsapp<\/a>&nbsp;con toda la informaci\u00f3n al instante<\/em><\/strong><\/p>\n\n\n\n<figure class=\"wp-block-image size-full\"><img decoding=\"async\" src=\"https:\/\/grandepremio.com\/cdn-cgi\/image\/width=893,height=558,fit=contain,gravity=0.5x0.5,quality=75,format=webp\/es\/wp-content\/uploads\/2025\/06\/image-14.png\" alt=\"\" class=\"wp-image-343712\"\/><figcaption class=\"wp-element-caption\">Robert Kubica, ganador en 2008 despu\u00e9s de un accidente grav\u00edsimo en 2007. (Foto: F1)<\/figcaption><\/figure>\n\n\n\n<p class=\"wp-block-paragraph\">El siglo XXI tambi\u00e9n trajo el drama y el gloria para Robert Kubica, despu\u00e9s de un accidente grav\u00edsimo en 2007 y una victoria en 2008, as\u00ed como tambi\u00e9n la carrera m\u00e1s larga de la historia, con cuatro horas de duraci\u00f3n en 2011. Lewis Hamilton, que gan\u00f3 por primera vez en F\u00f3rmula 1 en este circuito, se convirti\u00f3 en el m\u00e1ximo ganador junto a Michael Schumacher con siete conquistas. Sin embargo, tras una pausa de dos a\u00f1os producto del Covid-19, Max Verstappen gan\u00f3 con Red Bull las ediciones en 2022, 2023 y 2024, y George Russell conquist\u00f3 la carrera de 2025 con Mercedes.\u00a0<\/p>\n\n\n\n<p class=\"wp-block-paragraph\">Con 4361 metros, 14 curvas y lugares tradicionales como la horquilla, que se complementan al famoso Muro de los Campeones, el circuito de Montreal forma parte de la tradici\u00f3n de la F\u00f3rmula 1. De cara a este fin de semana, la inc\u00f3gnita ser\u00e1 si la dominante dupla de Mercedes podr\u00e1 alcanzar su quinta victoria  en la temporada, o si McLaren, Ferrari o Red Bull podr\u00e1n alcanzar su primera conquista. Un duelo caracter\u00edstico del presente campeonato de la m\u00e1xima categor\u00eda, esta vez, con la rojiza hoja de arce como testigo.<\/p>\n\n\n\n<p class=\"wp-block-paragraph\"><\/p>\n","protected":false},"excerpt":{"rendered":"<p>La F\u00f3rmula 1 se presentar\u00e1 este fin de semana en el GP de Canad\u00e1, una competencia que tuvo su primera edici\u00f3n en 1967 y que se torn\u00f3 en una de las m\u00e1s tradicionales del calendario de la m\u00e1xima categor\u00eda.<\/p>\n","protected":false},"author":0,"featured_media":1010401726,"comment_status":"closed","ping_status":"closed","sticky":false,"template":"","format":"standard","meta":{"42wp_featured_image_caption":"","42wp_featured_image_credits":"","42wp_featured_video":"","42wp_featured_image_hidden":false,"42wp_authors_list":[],"footnotes":""},"categories":[5],"tags":[181,1680,179,985,1298,1299,12478],"42wp_author":[14223],"class_list":["post-1154","post","type-post","status-publish","format-standard","has-post-thumbnail","hentry","category-f1","tag-f1","tag-f1-2026","tag-formula-1","tag-gilles-villeneuve","tag-gp-de-canada","tag-montreal","tag-mosport","42wp_author-esteban-nieto"],"_links":{"self":[{"href":"https:\/\/grandepremio.com\/es\/wp-json\/wp\/v2\/posts\/1154","targetHints":{"allow":["GET"]}}],"collection":[{"href":"https:\/\/grandepremio.com\/es\/wp-json\/wp\/v2\/posts"}],"about":[{"href":"https:\/\/grandepremio.com\/es\/wp-json\/wp\/v2\/types\/post"}],"replies":[{"embeddable":true,"href":"https:\/\/grandepremio.com\/es\/wp-json\/wp\/v2\/comments?post=1154"}],"version-history":[{"count":0,"href":"https:\/\/grandepremio.com\/es\/wp-json\/wp\/v2\/posts\/1154\/revisions"}],"wp:featuredmedia":[{"embeddable":true,"href":"https:\/\/grandepremio.com\/es\/wp-json\/wp\/v2\/media\/1010401726"}],"wp:attachment":[{"href":"https:\/\/grandepremio.com\/es\/wp-json\/wp\/v2\/media?parent=1154"}],"wp:term":[{"taxonomy":"category","embeddable":true,"href":"https:\/\/grandepremio.com\/es\/wp-json\/wp\/v2\/categories?post=1154"},{"taxonomy":"post_tag","embeddable":true,"href":"https:\/\/grandepremio.com\/es\/wp-json\/wp\/v2\/tags?post=1154"},{"taxonomy":"42wp_author","embeddable":true,"href":"https:\/\/grandepremio.com\/es\/wp-json\/wp\/v2\/42wp_author?post=1154"}],"curies":[{"name":"wp","href":"https:\/\/api.w.org\/{rel}","templated":true}]}}