{"id":11556,"date":"2024-09-25T09:44:22","date_gmt":"2024-09-25T12:44:22","guid":{"rendered":"https:\/\/grandepremio.com\/es\/2024\/09\/25\/zane-maloney-fichaje-abt-yamaha-temporada-2025-formula-e\/"},"modified":"2024-09-25T09:44:25","modified_gmt":"2024-09-25T12:44:25","slug":"zane-maloney-fichaje-abt-yamaha-temporada-2025-formula-e","status":"publish","type":"post","link":"https:\/\/grandepremio.com\/es\/formula-e\/zane-maloney-fichaje-abt-yamaha-temporada-2025-formula-e\/","title":{"rendered":"ABT pone fin al misterio y anuncia a Maloney como piloto de F\u00f3rmula E en 2025"},"content":{"rendered":"\n<p class=\"wp-block-paragraph\"><strong>Lucas Di Grassi<\/strong> tiene oficialmente un nuevo compa\u00f1ero de equipo en la <strong>F\u00f3rmula E. <\/strong>A partir de la pr\u00f3xima temporada, cuyo inicio est\u00e1 previsto para el 7 de diciembre en Brasil, <strong>ABT <\/strong>promover\u00e1 el debut de <strong>Zane Maloney<\/strong> como titular. El piloto de <strong>Barbados <\/strong>dejar\u00e1 su asiento de reserva en <strong>Andretti <\/strong>para unirse al equipo alem\u00e1n durante el primer a\u00f1o de la nueva cadena cinem\u00e1tica <strong>Lola-Yamaha.<\/strong><\/p>\n\n\n\n<p class=\"wp-block-paragraph\">\ud83d\udfe5<em><strong>\u00a1Todas las novedades te esperan en el canal de&nbsp;<\/strong><\/em><a href=\"https:\/\/www.youtube.com\/@GrandePremioES\"><em>YouTube<\/em><\/a><em><strong>&nbsp;de Grande Pr\u00eamio en Espa\u00f1ol!<\/strong><\/em>&nbsp;\ud83d\udfe8<\/p>\n\n\n\n<p class=\"wp-block-paragraph\">A sus 20 a\u00f1os, <strong>Maloney <\/strong>es el segundo piloto confirmado para la pr\u00f3xima temporada de <strong>F\u00f3rmula E<\/strong> mientras a\u00fan compite en <strong>F\u00f3rmula 2<\/strong>. Sin embargo, a diferencia de<strong> Taylor Barnard<\/strong>, el piloto de <strong>Rodin <\/strong>lider\u00f3 el campeonato y actualmente ocupa la tercera posici\u00f3n con dos victorias en su haber.<\/p>\n\n\n\n<p class=\"wp-block-paragraph\">\u00abEstoy muy contento de formar parte del equipo <strong>ABT <\/strong>y estoy deseando afrontar este nuevo reto\u00bb, dijo Maloney. \u00abAunque conozco bien el campeonato, \u00e9ste es un cap\u00edtulo completamente nuevo para m\u00ed. As\u00ed que trabajar con un equipo tan experimentado y junto a un piloto de tanto \u00e9xito es el siguiente paso perfecto\u00bb, subray\u00f3.<\/p>\n\n\n\n<p class=\"wp-block-paragraph\">\u00abHe seguido y admirado las batallas de <strong>Lucas <\/strong>[<strong>Di Grassi<\/strong>] en las \u00faltimas temporadas, incluso cuando fue campe\u00f3n. Estoy seguro de que aprender\u00e9 mucho de \u00e9l. Juntos nos ayudaremos mutuamente, adem\u00e1s de evolucionar en el desarrollo del coche\u00bb, finaliz\u00f3.<\/p>\n\n\n\n<p class=\"wp-block-paragraph\">\u23e9\u00a0<em><strong>\u00a1Seguinos en redes por\u00a0<\/strong><\/em><a href=\"https:\/\/twitter.com\/grandepremioES\"><em>Twitter\u00a0<\/em><\/a><em><strong>e\u00a0<\/strong><\/em><a href=\"https:\/\/www.instagram.com\/grandepremioes\/\"><em>Instagram!<\/em><\/a><br>\u23e9\u00a0<em><strong>Adem\u00e1s, tenemos nuestro\u00a0<\/strong><\/em><a href=\"https:\/\/whatsapp.com\/channel\/0029VaDZ5zb0gcfDxuwxBM05\"><em>canal de Whatsapp<\/em><\/a><em><strong>\u00a0con toda la informaci\u00f3n al instante<\/strong><\/em>\u00a0\ud83c\udfc1<\/p>\n\n\n\n<figure class=\"wp-block-image size-large\"><img decoding=\"async\" src=\"https:\/\/grandepremio.com\/es\/wp-content\/uploads\/2024\/09\/ZM-1200x800-1-1024x683.jpg\" alt=\"\" class=\"wp-image-255687\"\/><figcaption class=\"wp-element-caption\">Zane Maloney fue piloto de pruebas de Andretti en F\u00f3rmula E (Foto: ABT)<\/figcaption><\/figure>\n\n\n\n<p class=\"wp-block-paragraph\">A <strong>Maloney <\/strong>a\u00fan le quedan dos rondas por disputar en su segunda temporada completa en la <strong>F\u00f3rmula 2<\/strong>. El piloto, que tambi\u00e9n es reserva de <strong>Sauber <\/strong>en la <strong>F1<\/strong>, termin\u00f3 segundo en la edici\u00f3n de 2022 de la F3, antes de debutar en la <strong>F2 <\/strong>con un d\u00e9cimo puesto. En 2024, sue\u00f1a con el t\u00edtulo por primera vez. El a\u00f1o pasado tambi\u00e9n compiti\u00f3 en el <strong>GP de Macao<\/strong>, en el que termin\u00f3 octavo.<\/p>\n\n\n\n<p class=\"wp-block-paragraph\">Como <strong>Barnard <\/strong>disput\u00f3 tres carreras en la \u00faltima edici\u00f3n de la <strong>F\u00f3rmula E<\/strong> tras la lesi\u00f3n de <strong>Sam Bird,<\/strong> en <strong>M\u00f3naco <\/strong>y <strong>Berl\u00edn<\/strong>, <strong>Maloney <\/strong>es el \u00fanico debutante confirmado en la parrilla para la pr\u00f3xima temporada.<\/p>\n\n\n\n<p class=\"wp-block-paragraph\">Ahora, el \u00fanico anuncio pendiente para completar la parrilla de la <strong>F\u00f3rmula E<\/strong> para la pr\u00f3xima temporada es <strong>ERT<\/strong>, que a\u00fan tiene que confirmar los destinos de <strong>S\u00e9rgio Sette C\u00e2mara<\/strong> y <strong>Dan Ticktum<\/strong>. Todos los dem\u00e1s equipos ya confirmaron sus alineaciones para el pr\u00f3ximo a\u00f1o.<\/p>\n\n\n\n<p class=\"wp-block-paragraph\">La <strong>F\u00f3rmula E<\/strong> volver\u00e1 a la actividad en pista entre el 4 y el 7 de noviembre, con los test colectivos de pretemporada en el circuito espa\u00f1ol de <strong>Valencia<\/strong>. La temporada 2024\/25 arranca con el\u00a0<strong>ePrix de S\u00e3o Paulo<\/strong>, previsto para el fin de semana del 7 de diciembre.<\/p>\n\n\n\n<figure class=\"wp-block-embed is-type-video is-provider-youtube wp-block-embed-youtube wp-embed-aspect-16-9 wp-has-aspect-ratio\"><div class=\"wp-block-embed__wrapper\">\n<iframe loading=\"lazy\" title=\"GP DE SINGAPUR - EL RESUMEN\" width=\"500\" height=\"281\" src=\"https:\/\/www.youtube.com\/embed\/FcZ_rfovhXg?feature=oembed\" frameborder=\"0\" allow=\"accelerometer; autoplay; clipboard-write; encrypted-media; gyroscope; picture-in-picture; web-share\" referrerpolicy=\"strict-origin-when-cross-origin\" allowfullscreen><\/iframe>\n<\/div><\/figure>\n","protected":false},"excerpt":{"rendered":"<p>ABT anuncia el fichaje del barbadense Zane Maloney, piloto de F\u00f3rmula 2 y antiguo reserva de Andretti, para la pr\u00f3xima temporada de F\u00f3rmula E. Ser\u00e1 compa\u00f1ero de equipo del brasile\u00f1o Lucas di Grassi<\/p>\n","protected":false},"author":0,"featured_media":1010255688,"comment_status":"closed","ping_status":"closed","sticky":false,"template":"","format":"standard","meta":{"42wp_featured_image_caption":"","42wp_featured_image_credits":"","42wp_featured_video":"","42wp_featured_image_hidden":false,"42wp_authors_list":[],"footnotes":""},"categories":[18],"tags":[462,10877,10643,1488,10644,2286],"42wp_author":[14239],"class_list":["post-11556","post","type-post","status-publish","format-standard","has-post-thumbnail","hentry","category-formula-e","tag-formula-e","tag-formula-e-2024-25","tag-formula-e-2025","tag-grande-premio","tag-temporada-2025-formula-e","tag-zane-maloney","42wp_author-jp-otrosky"],"_links":{"self":[{"href":"https:\/\/grandepremio.com\/es\/wp-json\/wp\/v2\/posts\/11556","targetHints":{"allow":["GET"]}}],"collection":[{"href":"https:\/\/grandepremio.com\/es\/wp-json\/wp\/v2\/posts"}],"about":[{"href":"https:\/\/grandepremio.com\/es\/wp-json\/wp\/v2\/types\/post"}],"replies":[{"embeddable":true,"href":"https:\/\/grandepremio.com\/es\/wp-json\/wp\/v2\/comments?post=11556"}],"version-history":[{"count":0,"href":"https:\/\/grandepremio.com\/es\/wp-json\/wp\/v2\/posts\/11556\/revisions"}],"wp:featuredmedia":[{"embeddable":true,"href":"https:\/\/grandepremio.com\/es\/wp-json\/wp\/v2\/media\/1010255688"}],"wp:attachment":[{"href":"https:\/\/grandepremio.com\/es\/wp-json\/wp\/v2\/media?parent=11556"}],"wp:term":[{"taxonomy":"category","embeddable":true,"href":"https:\/\/grandepremio.com\/es\/wp-json\/wp\/v2\/categories?post=11556"},{"taxonomy":"post_tag","embeddable":true,"href":"https:\/\/grandepremio.com\/es\/wp-json\/wp\/v2\/tags?post=11556"},{"taxonomy":"42wp_author","embeddable":true,"href":"https:\/\/grandepremio.com\/es\/wp-json\/wp\/v2\/42wp_author?post=11556"}],"curies":[{"name":"wp","href":"https:\/\/api.w.org\/{rel}","templated":true}]}}