{"id":11583,"date":"2024-09-23T11:26:38","date_gmt":"2024-09-23T14:26:38","guid":{"rendered":"https:\/\/grandepremio.com\/es\/2024\/09\/23\/michelin-cita-agujero-rendimiento-bagnaia-misano\/"},"modified":"2024-09-23T13:25:32","modified_gmt":"2024-09-23T16:25:32","slug":"michelin-cita-agujero-rendimiento-bagnaia-misano","status":"publish","type":"post","link":"https:\/\/grandepremio.com\/es\/motogp\/michelin-cita-agujero-rendimiento-bagnaia-misano\/","title":{"rendered":"Michelin cita un \u201cagujero\u201d en el rendimiento de Bagnaia en Misano y asume: \u201cNo es com\u00fan\u201d"},"content":{"rendered":"\n<p class=\"wp-block-paragraph\">El jefe de <strong>Michelin<\/strong>, <strong>Piero Taramasso<\/strong>, reconoci\u00f3 el domingo la extra\u00f1eza de la actuaci\u00f3n de <strong>Francesco Bagnaia<\/strong> en el <strong>GP de Emilia-Roma\u00f1a<\/strong>. El directivo reconoci\u00f3 que \u201cno es muy com\u00fan\u201d ver lo que catalog\u00f3 como un \u201cagujero\u201d en el rendimiento del italiano.<\/p>\n\n\n\n<p class=\"wp-block-paragraph\"><a href=\"https:\/\/grandepremio.com\/es\/motogp\/bagnaia-cita-problema-neumaticos-caida-misano\/\">Bagnaia apunt\u00f3 a los neum\u00e1ticos tras abandonar la carrera en <\/a><strong><a href=\"https:\/\/grandepremio.com\/es\/motogp\/bagnaia-cita-problema-neumaticos-caida-misano\/\">Misano<\/a> <\/strong>por una ca\u00edda. El italiano explic\u00f3 que la parte trasera s\u00f3lo funcion\u00f3 a partir de la vuelta 15, pero que nunca tuvo buenas sensaciones con la parte delantera. Pecco tambi\u00e9n dijo que se cay\u00f3, lo que no es com\u00fan en carreras en seco.<\/p>\n\n\n\n<p class=\"wp-block-paragraph\">Michelin destac\u00f3 que Pecco fue el \u00fanico que hizo varias vueltas por debajo de 1min31s, pero Taramasso admiti\u00f3 que la actuaci\u00f3n irregular del italiano fue \u201cbastante extra\u00f1a\u201d.<\/p>\n\n\n\n<p class=\"wp-block-paragraph\">\ud83d\udfe5&nbsp;<em><strong>\u00a1Todas las novedades te esperan en el canal de&nbsp;<\/strong><\/em><a href=\"https:\/\/www.youtube.com\/@GrandePremioES\"><em>YouTube<\/em><\/a><em><strong>&nbsp;de Grande Pr\u00eamio en Espa\u00f1ol!<\/strong><\/em>&nbsp;\ud83d\udfe8<\/p>\n\n\n\n<figure class=\"wp-block-video\"><video class=\"video-js vjs-big-play-centered\" data-gp-vjs=\"1\" controls src=\"https:\/\/grandepremio.com\/es\/wp-content\/uploads\/2024\/09\/motogp-emilia-romanha-bagnaia-queda.mp4\"><\/video><figcaption class=\"wp-element-caption\">Bagnaia apunt\u00f3 a los neum\u00e1ticos como la causa de su ca\u00edda en Misano. (Video: Reproducci\u00f3n\/MotoGP)<\/figcaption><\/figure>\n\n\n\n<p class=\"wp-block-paragraph\">\u23e9&nbsp;<em><strong>\u00a1Seguinos en redes por&nbsp;<\/strong><\/em><a href=\"https:\/\/twitter.com\/grandepremioES\"><em>Twitter&nbsp;<\/em><\/a><em><strong>e&nbsp;<\/strong><\/em><a href=\"https:\/\/www.instagram.com\/grandepremioes\/\"><em>Instagram!<\/em><\/a><br>\u23e9&nbsp;<em><strong>Adem\u00e1s, tenemos nuestro&nbsp;<\/strong><\/em><a href=\"https:\/\/whatsapp.com\/channel\/0029VaDZ5zb0gcfDxuwxBM05\"><em>canal de Whatsapp<\/em><\/a><em><strong>&nbsp;con toda la informaci\u00f3n al instante<\/strong><\/em>&nbsp;\ud83c\udfc1<\/p>\n\n\n\n<p class=\"wp-block-paragraph\">\u201cNo es muy com\u00fan ver una buena actuaci\u00f3n al principio, luego un &#8216;hueco&#8217; y luego otra vez una buena actuaci\u00f3n\u201d, coment\u00f3. \u201cCon respecto a los comentarios de Pecco, hablamos con \u00e9l. Actualmente estamos esperando analizar los datos para comprender qu\u00e9 sucedi\u00f3. Es bastante extra\u00f1o, porque hizo una muy buena salida, lider\u00f3 la carrera durante cuatro vueltas, por lo que iba al mismo nivel que Jorge y Bastia\u201d, continu\u00f3.<\/p>\n\n\n\n<p class=\"wp-block-paragraph\">\u201cY luego, durante cinco o seis giros, fue 0s2 o 0s3 m\u00e1s lento, y luego, a partir de la ronda 12, logr\u00f3 recuperarse nuevamente. Su tiempo de vuelta fue muy r\u00e1pido. En el giro 16 marc\u00f3 el mejor tiempo de la carrera, ven\u00eda volviendo muy, muy fuerte, atacando para llegar a los dos\u201d, inform\u00f3. \u201cAs\u00ed que ahora necesitamos entender qu\u00e9 pas\u00f3. Cuando tengamos los datos, definitivamente lo sabremos. Pero no es muy com\u00fan ver una buena actuaci\u00f3n, un \u2018hueco\u2019 y luego otra vez una buena actuaci\u00f3n\u201d, concluy\u00f3.<\/p>\n\n\n\n<p class=\"wp-block-paragraph\"><strong>MotoGP&nbsp;<\/strong>regresa la pr\u00f3xima semana con el&nbsp;<strong>GP de Indonesia<\/strong>, en&nbsp;<strong>Mandalika<\/strong>, para la 15\u00aa etapa de la&nbsp;<strong>temporada 2024<\/strong>.<\/p>\n","protected":false},"excerpt":{"rendered":"<p>El jefe de Michelin, Piero Taramasso, reconoci\u00f3 la extra\u00f1eza de la actuaci\u00f3n de Francesco Bagnaia en el GP de Emilia-Roma\u00f1a y prometi\u00f3 analizar los datos en busca de respuestas.<\/p>\n","protected":false},"author":0,"featured_media":1010255501,"comment_status":"closed","ping_status":"closed","sticky":false,"template":"","format":"standard","meta":{"42wp_featured_image_caption":"","42wp_featured_image_credits":"","42wp_featured_video":"","42wp_featured_image_hidden":false,"42wp_authors_list":[],"footnotes":""},"categories":[8],"tags":[1340,1376,2527,10872,1549,1293,2254,9560],"42wp_author":[14240],"class_list":["post-11583","post","type-post","status-publish","format-standard","has-post-thumbnail","hentry","category-motogp","tag-ducati","tag-francesco-bagnaia","tag-gp-de-emilia-romana","tag-micheiln","tag-misano","tag-motogp","tag-motogp-2024","tag-piero-taramasso","42wp_author-ignacio-bogado"],"_links":{"self":[{"href":"https:\/\/grandepremio.com\/es\/wp-json\/wp\/v2\/posts\/11583","targetHints":{"allow":["GET"]}}],"collection":[{"href":"https:\/\/grandepremio.com\/es\/wp-json\/wp\/v2\/posts"}],"about":[{"href":"https:\/\/grandepremio.com\/es\/wp-json\/wp\/v2\/types\/post"}],"replies":[{"embeddable":true,"href":"https:\/\/grandepremio.com\/es\/wp-json\/wp\/v2\/comments?post=11583"}],"version-history":[{"count":0,"href":"https:\/\/grandepremio.com\/es\/wp-json\/wp\/v2\/posts\/11583\/revisions"}],"wp:featuredmedia":[{"embeddable":true,"href":"https:\/\/grandepremio.com\/es\/wp-json\/wp\/v2\/media\/1010255501"}],"wp:attachment":[{"href":"https:\/\/grandepremio.com\/es\/wp-json\/wp\/v2\/media?parent=11583"}],"wp:term":[{"taxonomy":"category","embeddable":true,"href":"https:\/\/grandepremio.com\/es\/wp-json\/wp\/v2\/categories?post=11583"},{"taxonomy":"post_tag","embeddable":true,"href":"https:\/\/grandepremio.com\/es\/wp-json\/wp\/v2\/tags?post=11583"},{"taxonomy":"42wp_author","embeddable":true,"href":"https:\/\/grandepremio.com\/es\/wp-json\/wp\/v2\/42wp_author?post=11583"}],"curies":[{"name":"wp","href":"https:\/\/api.w.org\/{rel}","templated":true}]}}