{"id":11593,"date":"2024-09-22T16:49:41","date_gmt":"2024-09-22T19:49:41","guid":{"rendered":"https:\/\/grandepremio.com\/es\/2024\/09\/22\/verstappen-pone-jaque-permanencia-f1-tras-sancion-fia\/"},"modified":"2024-09-22T17:34:24","modified_gmt":"2024-09-22T20:34:24","slug":"verstappen-pone-jaque-permanencia-f1-tras-sancion-fia","status":"publish","type":"post","link":"https:\/\/grandepremio.com\/es\/f1\/verstappen-pone-jaque-permanencia-f1-tras-sancion-fia\/","title":{"rendered":"Verstappen pone en jaque la permanencia en la F1 tras la sanci\u00f3n de la FIA: &#8220;Cansa&#8221;"},"content":{"rendered":"\n<p class=\"wp-block-paragraph\">Ha sido un fin de semana pol\u00e9mico para la <strong>Federaci\u00f3n Internacional del Autom\u00f3vil <\/strong>(FIA) y la <strong>F\u00f3rmula 1<\/strong>, ya que <strong>Mohamed Ben Sulayem<\/strong>, presidente de la entidad rectora del deporte, dijo que no quiere m\u00e1s insultos de los pilotos por la radio. Ante unas palabras que us\u00f3 <strong>Max Verstappen<\/strong> durante el <strong>GP de Singapur<\/strong>, fue sancionado con tareas comunitarias y el neerland\u00e9s estall\u00f3.<\/p>\n\n\n\n<p class=\"wp-block-paragraph\">Cabe se\u00f1alar que, despu\u00e9s de la clasificaci\u00f3n, el piloto de <strong>Red Bull <\/strong>no quiso responder a las preguntas de la conferencia de prensa oficial y recibi\u00f3 a los periodistas afuera de la sala de prensa, congregando a todos a su alrededor. Para Ben Sulayem, los pilotos no deber\u00edan insultar porque hay ni\u00f1os viendo la transmisi\u00f3n.<\/p>\n\n\n\n<figure class=\"wp-block-embed is-type-video is-provider-youtube wp-block-embed-youtube wp-embed-aspect-16-9 wp-has-aspect-ratio\"><div class=\"wp-block-embed__wrapper\">\n<iframe loading=\"lazy\" title=\"GP DE SINGAPUR - EL RESUMEN\" width=\"500\" height=\"281\" src=\"https:\/\/www.youtube.com\/embed\/FcZ_rfovhXg?feature=oembed\" frameborder=\"0\" allow=\"accelerometer; autoplay; clipboard-write; encrypted-media; gyroscope; picture-in-picture; web-share\" referrerpolicy=\"strict-origin-when-cross-origin\" allowfullscreen><\/iframe>\n<\/div><\/figure>\n\n\n\n<p class=\"wp-block-paragraph\">\ud83d\udfe5&nbsp;<em><strong>\u00a1Todas las novedades te esperan en el canal de&nbsp;<\/strong><\/em><a href=\"https:\/\/www.youtube.com\/@GrandePremioES\"><em>YouTube<\/em><\/a><em><strong>&nbsp;de Grande Pr\u00eamio en Espa\u00f1ol!<\/strong><\/em>&nbsp;\ud83d\udfe8<\/p>\n\n\n\n<p class=\"wp-block-paragraph\">Tampoco es la primera vez en la que Verstappen se expresa sobre dejar la F1: ya lo hizo hace varias semanas en el <strong>GP de Pa\u00edses Bajos<\/strong>, al reconocer que le quedan \u201csolo\u201d otras 200 carreras en la categor\u00eda. Preguntado este domingo por si la postura de la FIA podr\u00eda influir en sus planes de retirada, el holand\u00e9s fue directo: \u00abAbsolutamente\u00bb.<\/p>\n\n\n\n<figure class=\"wp-block-image size-large\"><img decoding=\"async\" src=\"https:\/\/grandepremio.com\/cdn-cgi\/image\/width=893,height=558,fit=contain,gravity=0.5x0.5,quality=75,format=webp\/es\/wp-content\/uploads\/2024\/09\/image-104-1024x683.png\" alt=\"\" class=\"wp-image-255411\"\/><figcaption class=\"wp-element-caption\">Max Verstappen ofrece una rueda de prensa frente a la oficina oficial de la FIA en Singapur (Foto: F1)<\/figcaption><\/figure>\n\n\n\n<p class=\"wp-block-paragraph\"><strong>\u201cQuiero decir, ese tipo de cosas definitivamente tambi\u00e9n definen mi futuro. Cuando no puedes ser t\u00fa mismo, tienes que lidiar con ese tipo de tonter\u00edas. Creo que ahora estoy en una etapa de mi carrera en la que no quiero lidiar con ello todo el tiempo. Es demasiado agotador. Por supuesto que es estupendo tener \u00e9xito y ganar carreras, pero una vez que has conseguido todo eso, tambi\u00e9n quieres disfrutar. Todo el mundo se esfuerza al m\u00e1ximo. Todo el mundo en esta batalla, incluso al final de la parrilla<\/strong>\u201d, dijo el tricampe\u00f3n.<\/p>\n\n\n\n<p class=\"wp-block-paragraph\"><strong>\u201cPero si tienes que lidiar con todo este tipo de tonter\u00edas, para m\u00ed, no es una forma de seguir en este deporte. No s\u00e9 hasta qu\u00e9 punto se lo tomar\u00e1n en serio [dejar la F1]. Pero, para m\u00ed, llegar\u00e1 un momento en que habr\u00e1 sido el l\u00edmite. Y veremos c\u00f3mo va, pero no tengo ninguna duda de que todo continuar\u00e1. No es un problema para la F1 continuar sin m\u00ed, pero tampoco es mi problema. As\u00ed que es lo que hay\u201d<\/strong>, concluy\u00f3 Verstappen.<\/p>\n\n\n\n<p class=\"wp-block-paragraph\">\u23e9&nbsp;<em><strong>\u00a1Seguinos en redes por&nbsp;<\/strong><\/em><a href=\"https:\/\/twitter.com\/grandepremioES\"><em>Twitter&nbsp;<\/em><\/a><em><strong>e&nbsp;<\/strong><\/em><a href=\"https:\/\/www.instagram.com\/grandepremioes\/\"><em>Instagram!<\/em><\/a><br>\u23e9&nbsp;<em><strong>Adem\u00e1s, tenemos nuestro&nbsp;<\/strong><\/em><a href=\"https:\/\/whatsapp.com\/channel\/0029VaDZ5zb0gcfDxuwxBM05\"><em>canal de Whatsapp<\/em><\/a><em><strong>&nbsp;con toda la informaci\u00f3n al instante<\/strong><\/em>&nbsp;\ud83c\udfc1<\/p>\n\n\n\n<p class=\"wp-block-paragraph\">La F\u00f3rmula 1 se toma ahora un descanso de tres semanas, para volver a las pistas entre el 18 y el 20 de octubre con el GP de Estados Unidos en el Circuito de las Am\u00e9ricas (COTA), en Austin, Texas.<\/p>\n","protected":false},"excerpt":{"rendered":"<p>Max Verstappen admiti\u00f3 que se cansa de las normativas de la Federaci\u00f3n Internacional del Autom\u00f3vil (FIA) y que se ir\u00eda de la F\u00f3rmula 1 debido al trato que tiene el ente rector del deporte para con los pilotos de la categor\u00eda.<\/p>\n","protected":false},"author":0,"featured_media":1010255409,"comment_status":"closed","ping_status":"closed","sticky":false,"template":"","format":"standard","meta":{"42wp_featured_image_caption":"","42wp_featured_image_credits":"","42wp_featured_video":"","42wp_featured_image_hidden":false,"42wp_authors_list":[],"footnotes":""},"categories":[5],"tags":[181,2537,179,1574,493,249,4154,206],"42wp_author":[14237],"class_list":["post-11593","post","type-post","status-publish","format-standard","has-post-thumbnail","hentry","category-f1","tag-f1","tag-federacion-internacional-del-automovil","tag-formula-1","tag-gp-de-paises-bajos","tag-gp-de-singapur","tag-max-verstappen","tag-mohamed-ben-sulayem","tag-red-bull","42wp_author-gabriel-garcia"],"_links":{"self":[{"href":"https:\/\/grandepremio.com\/es\/wp-json\/wp\/v2\/posts\/11593","targetHints":{"allow":["GET"]}}],"collection":[{"href":"https:\/\/grandepremio.com\/es\/wp-json\/wp\/v2\/posts"}],"about":[{"href":"https:\/\/grandepremio.com\/es\/wp-json\/wp\/v2\/types\/post"}],"replies":[{"embeddable":true,"href":"https:\/\/grandepremio.com\/es\/wp-json\/wp\/v2\/comments?post=11593"}],"version-history":[{"count":0,"href":"https:\/\/grandepremio.com\/es\/wp-json\/wp\/v2\/posts\/11593\/revisions"}],"wp:featuredmedia":[{"embeddable":true,"href":"https:\/\/grandepremio.com\/es\/wp-json\/wp\/v2\/media\/1010255409"}],"wp:attachment":[{"href":"https:\/\/grandepremio.com\/es\/wp-json\/wp\/v2\/media?parent=11593"}],"wp:term":[{"taxonomy":"category","embeddable":true,"href":"https:\/\/grandepremio.com\/es\/wp-json\/wp\/v2\/categories?post=11593"},{"taxonomy":"post_tag","embeddable":true,"href":"https:\/\/grandepremio.com\/es\/wp-json\/wp\/v2\/tags?post=11593"},{"taxonomy":"42wp_author","embeddable":true,"href":"https:\/\/grandepremio.com\/es\/wp-json\/wp\/v2\/42wp_author?post=11593"}],"curies":[{"name":"wp","href":"https:\/\/api.w.org\/{rel}","templated":true}]}}