{"id":11672,"date":"2024-09-19T11:23:37","date_gmt":"2024-09-19T14:23:37","guid":{"rendered":"https:\/\/grandepremio.com\/es\/2024\/09\/19\/motogp-anuncia-regreso-hungria-2025-en-balaton-park\/"},"modified":"2024-09-19T11:24:41","modified_gmt":"2024-09-19T14:24:41","slug":"motogp-anuncia-regreso-hungria-2025-en-balaton-park","status":"publish","type":"post","link":"https:\/\/grandepremio.com\/es\/motogp\/motogp-anuncia-regreso-hungria-2025-en-balaton-park\/","title":{"rendered":"MotoGP anuncia su regreso a Hungr\u00eda en 2025 con una carrera en Balaton Park"},"content":{"rendered":"\n<p class=\"wp-block-paragraph\"><strong>MotoGP <\/strong>ha dado otro adelanto del calendario de <strong>2025<\/strong>. Aunque no ha hecho p\u00fablico el programa completo, el <strong>Campeonato del Mundo<\/strong> anunci\u00f3 este jueves que volver\u00e1 a <strong>Hungr\u00eda <\/strong>para la temporada 2025. El circuito de <strong>Balaton Park<\/strong>, que tambi\u00e9n participa en el <strong>Campeonato Mundial de Superbikes<\/strong>, necesita mejoras.<\/p>\n\n\n\n<p class=\"wp-block-paragraph\">Hungr\u00eda acogi\u00f3 el <strong>Campeonato Mundial de Motociclismo<\/strong> por primera vez en <strong>1990<\/strong>, y la segunda carrera tuvo lugar en <strong>1992<\/strong>. En aquella \u00e9poca, sin embargo, era el <strong>Hungaroring <\/strong>el que acog\u00eda las carreras.<\/p>\n\n\n\n<p class=\"wp-block-paragraph\">El campeonato se trasladar\u00e1 ahora al oeste de Hungr\u00eda, cerca del lago Balat\u00f3n, el mayor de Europa central y occidental e importante atracci\u00f3n tur\u00edstica de la regi\u00f3n. La competici\u00f3n est\u00e1 prevista provisionalmente para los d\u00edas 22 a 24 de agosto.<\/p>\n\n\n\n<p class=\"wp-block-paragraph\">\ud83d\udfe5\u00a0<strong><em>\u00a1Todas las novedades te esperan en el canal de\u00a0<\/em><\/strong><a href=\"https:\/\/www.youtube.com\/@GrandePremioES\" target=\"_blank\" rel=\"noreferrer noopener\"><em>YouTube<\/em><\/a><strong><em>\u00a0de Grande Pr\u00eamio en Espa\u00f1ol!<\/em><\/strong>\u00a0\ud83d\udfe8<\/p>\n\n\n\n<figure class=\"wp-block-image size-large\"><img decoding=\"async\" src=\"https:\/\/grandepremio.com\/cdn-cgi\/image\/width=893,height=558,fit=contain,gravity=0.5x0.5,quality=75,format=webp\/es\/wp-content\/uploads\/2024\/09\/balaton-hungria-1024x576.jpeg\" alt=\"\" class=\"wp-image-254858\"\/><figcaption class=\"wp-element-caption\">El circuito de Balaton Park acoger\u00e1 el Gran Premio de Hungr\u00eda en 2025. (Foto: Reproducci\u00f3n\/X)<\/figcaption><\/figure>\n\n\n\n<p class=\"wp-block-paragraph\">El Presidente del Consejo de Administraci\u00f3n de <strong>HUMDA Zrt<\/strong>, la Agencia H\u00fangara de Desarrollo de la Movilidad, <strong>Bal\u00e1zs Weingartner<\/strong>, subray\u00f3 que el trabajo de muchos a\u00f1os est\u00e1 empezando a dar sus frutos.<\/p>\n\n\n\n<p class=\"wp-block-paragraph\">\u00abMe gustar\u00eda agradecer a <strong>Carmelo Ezpeleta<\/strong> la confianza que ha depositado en nosotros a lo largo de los a\u00f1os y, por supuesto, el apoyo del Gobierno h\u00fangaro\u00bb, declar\u00f3 Weingartner. \u00abEl duro trabajo de muchos a\u00f1os por fin est\u00e1 dando sus frutos y, gracias a ello, por fin hemos sido incluidos en el calendario de los deportes m\u00e1s vistos del mundo\u00bb, prosigui\u00f3.<\/p>\n\n\n\n<p class=\"wp-block-paragraph\">\u00abDemuestra la fuerza de nuestro pa\u00eds. A pesar de las dificultades, hoy estamos aqu\u00ed y podemos emprender este camino de \u00e9xito compartido. El deporte motor es emoci\u00f3n y pasi\u00f3n, pero hay mucho m\u00e1s. Creemos que estos deportes promocionar\u00e1n los conocimientos y la experiencia en ingenier\u00eda de nuestro pa\u00eds, la excelencia de nuestros pilotos, la complejidad tur\u00edstica de nuestro pa\u00eds y, por supuesto, la fant\u00e1stica hospitalidad y apoyo\u00bb, subray\u00f3. \u00abY hablando de animar, el coraz\u00f3n h\u00fangaro late m\u00e1s fuerte por el \u00e9xito h\u00fangaro, as\u00ed que asegur\u00e9monos de que nuestros talentos puedan mostrar sus habilidades en las carreras de casa el a\u00f1o que viene y los animemos juntos\u00bb, a\u00f1adi\u00f3.<\/p>\n\n\n\n<p class=\"wp-block-paragraph\">No obstante, la organizaci\u00f3n de la carrera sigue dependiendo de las obras en el circuito. Se remodelar\u00e1n las infraestructuras y los servicios para los espectadores.<\/p>\n\n\n\n<p class=\"wp-block-paragraph\">\u00abCuando vas camino de la meta, cada hito en el camino es una confirmaci\u00f3n importante de que es la direcci\u00f3n correcta\u00bb, dijo <strong>Henrik Hermann<\/strong>, Presidente de la Asociaci\u00f3n H\u00fangara de Automovilismo. \u00abYa en <strong>2004<\/strong>, como presidente de la Asociaci\u00f3n H\u00fangara de Automovilismo, tuve la oportunidad de reunirme con <strong>Dorna <\/strong>y so\u00f1ar con el regreso del Campeonato del Mundo de Motociclismo a Hungr\u00eda, que m\u00e1s tarde se convertir\u00eda en MotoGP, el evento de motociclismo m\u00e1s emocionante del mundo\u00bb, continu\u00f3.<\/p>\n\n\n\n<p class=\"wp-block-paragraph\">\u00abEste objetivo ha estado en el horizonte varias veces. Por desgracia, cada vez hemos tenido m\u00e1s obst\u00e1culos en el horizonte, pero una cosa es cierta: nunca hemos estado tan cerca y bajo cielos despejados\u00bb, dijo. \u00abNuestros ojos sonr\u00eden bajo los cascos en la \u00faltima curva antes de la l\u00ednea de meta y estamos concentrando toda nuestra energ\u00eda en ondear la bandera a cuadros ante un p\u00fablico entusiasta para que los h\u00fangaros tambi\u00e9n puedan disfrutar de esta sensaci\u00f3n en nuestra carrera de casa\u00bb, concluy\u00f3.<\/p>\n\n\n\n<figure class=\"wp-block-image size-large\"><img decoding=\"async\" src=\"https:\/\/grandepremio.com\/cdn-cgi\/image\/width=893,height=558,fit=contain,gravity=0.5x0.5,quality=75,format=webp\/es\/wp-content\/uploads\/2024\/09\/balaton-1024x683.jpg\" alt=\"\" class=\"wp-image-254859\"\/><figcaption class=\"wp-element-caption\">El trazado h\u00fangaro ingresar\u00e1 en 2025 a los calendarios de MotoGP y World Superbike. (Foto: MotoGP)<\/figcaption><\/figure>\n\n\n\n<p class=\"wp-block-paragraph\">\u23e9\u00a0<em><strong>\u00a1Seguinos en redes por\u00a0<\/strong><\/em><a href=\"https:\/\/twitter.com\/grandepremioES\"><em>Twitter\u00a0<\/em><\/a><em><strong>e\u00a0<\/strong><\/em><a href=\"https:\/\/www.instagram.com\/grandepremioes\/\"><em>Instagram!<\/em><\/a><br>\u23e9\u00a0<em><strong>Adem\u00e1s, tenemos nuestro\u00a0<\/strong><\/em><a href=\"https:\/\/whatsapp.com\/channel\/0029VaDZ5zb0gcfDxuwxBM05\"><em>canal de Whatsapp<\/em><\/a><em><strong>\u00a0con toda la informaci\u00f3n al instante<\/strong><\/em>\u00a0\ud83c\udfc1<\/p>\n\n\n\n<p class=\"wp-block-paragraph\"><strong>Carmelo Ezpeleta<\/strong>, CEO de <strong>Dorna Sports<\/strong>, celebr\u00f3 la inclusi\u00f3n de Balaton Park en el calendario de 2025 y destac\u00f3 que ya se est\u00e1 trabajando en el circuito.<\/p>\n\n\n\n<p class=\"wp-block-paragraph\">\u00abEstamos encantados de anunciar que Balaton Park estar\u00e1 en el calendario de MotoGP y del Mundial de Superbikes de 2025\u00bb, dijo Carmelo. \u00abEl circuito se encuentra en una ubicaci\u00f3n espectacular y ser\u00e1 un destino fant\u00e1stico para que los aficionados vengan a ver en acci\u00f3n el deporte m\u00e1s emocionante del mundo\u00bb, a\u00f1adi\u00f3.<\/p>\n\n\n\n<p class=\"wp-block-paragraph\">\u00abYa se est\u00e1 trabajando para que la sede est\u00e9 lista para debutar en el calendario, a\u00f1adiendo otro cap\u00edtulo para Hungr\u00eda en la historia del Campeonato del Mundo de Motociclismo. Tenemos muchas ganas de volver a un mercado clave en Europa Central\u00bb, dijo.<\/p>\n\n\n\n<p class=\"wp-block-paragraph\">La carrera del Mundial de Superbike est\u00e1 programada provisionalmente entre el 25 y el 27 de julio.<\/p>\n\n\n\n<p class=\"wp-block-paragraph\"><strong>MotoGP <\/strong>vuelve a la acci\u00f3n entre el 20 y el 22 de septiembre, con el <strong>GP de Emilia Roma\u00f1a<\/strong>, de nuevo en <strong>Misano<\/strong>, para la 14\u00aa prueba de la <strong>temporada 2024<\/strong>.<\/p>\n","protected":false},"excerpt":{"rendered":"<p>MotoGP anunci\u00f3 este jueves que regresar\u00e1 a Hungr\u00eda para la temporada 2025. El circuito de Balaton Park, que tambi\u00e9n se incluir\u00e1 en el calendario del Mundial de Superbikes, se someter\u00e1 a reformas para acoger el campeonato.<\/p>\n","protected":false},"author":0,"featured_media":1010254860,"comment_status":"closed","ping_status":"closed","sticky":false,"template":"","format":"standard","meta":{"42wp_featured_image_caption":"","42wp_featured_image_credits":"","42wp_featured_video":"","42wp_featured_image_hidden":false,"42wp_authors_list":[],"footnotes":""},"categories":[8],"tags":[10860,10861,2425,7927,1448,10862,378,380,1293,2254,8492],"42wp_author":[14240],"class_list":["post-11672","post","type-post","status-publish","format-standard","has-post-thumbnail","hentry","category-motogp","tag-balaton-park","tag-balazs-weingartner","tag-carmelo-ezpeleta","tag-dorna-sports","tag-fim","tag-henrik-hermann","tag-hungaroring","tag-hungria","tag-motogp","tag-motogp-2024","tag-mundial-de-superbikes","42wp_author-ignacio-bogado"],"_links":{"self":[{"href":"https:\/\/grandepremio.com\/es\/wp-json\/wp\/v2\/posts\/11672","targetHints":{"allow":["GET"]}}],"collection":[{"href":"https:\/\/grandepremio.com\/es\/wp-json\/wp\/v2\/posts"}],"about":[{"href":"https:\/\/grandepremio.com\/es\/wp-json\/wp\/v2\/types\/post"}],"replies":[{"embeddable":true,"href":"https:\/\/grandepremio.com\/es\/wp-json\/wp\/v2\/comments?post=11672"}],"version-history":[{"count":0,"href":"https:\/\/grandepremio.com\/es\/wp-json\/wp\/v2\/posts\/11672\/revisions"}],"wp:featuredmedia":[{"embeddable":true,"href":"https:\/\/grandepremio.com\/es\/wp-json\/wp\/v2\/media\/1010254860"}],"wp:attachment":[{"href":"https:\/\/grandepremio.com\/es\/wp-json\/wp\/v2\/media?parent=11672"}],"wp:term":[{"taxonomy":"category","embeddable":true,"href":"https:\/\/grandepremio.com\/es\/wp-json\/wp\/v2\/categories?post=11672"},{"taxonomy":"post_tag","embeddable":true,"href":"https:\/\/grandepremio.com\/es\/wp-json\/wp\/v2\/tags?post=11672"},{"taxonomy":"42wp_author","embeddable":true,"href":"https:\/\/grandepremio.com\/es\/wp-json\/wp\/v2\/42wp_author?post=11672"}],"curies":[{"name":"wp","href":"https:\/\/api.w.org\/{rel}","templated":true}]}}