{"id":11684,"date":"2024-09-18T12:02:28","date_gmt":"2024-09-18T15:02:28","guid":{"rendered":"https:\/\/grandepremio.com\/es\/2024\/09\/18\/tc2000-confirma-fecha-junto-stock-car-tcr-sudamericano-buenos-aires\/"},"modified":"2024-09-18T12:03:39","modified_gmt":"2024-09-18T15:03:39","slug":"tc2000-confirma-fecha-junto-stock-car-tcr-sudamericano-buenos-aires","status":"publish","type":"post","link":"https:\/\/grandepremio.com\/es\/turismo\/tc2000-confirma-fecha-junto-stock-car-tcr-sudamericano-buenos-aires\/","title":{"rendered":"TC2000 confirma fecha junto con Stock Car Brasil y TCR Sudamericano en Buenos Aires"},"content":{"rendered":"\n<p class=\"wp-block-paragraph\">El <strong>TC2000 <\/strong>hizo oficial la fecha de la edici\u00f3n <strong>2024 <\/strong>de los <strong>200 Kil\u00f3metros de Buenos Aires <\/strong>en el <strong>Aut\u00f3dromo Oscar y Juan G\u00e1lvez<\/strong>. La categor\u00eda argentina adelant\u00f3 una semana la fecha que se hab\u00eda presentado inicialmente y de esta manera, coincidir\u00e1 con las competencias del <strong>Stock Car Brasil<\/strong> y <strong>TCR Sudamericano<\/strong>, adem\u00e1s de otras categor\u00edas de soporte, el pr\u00f3ximo 5 y 6 de octubre.<\/p>\n\n\n\n<p class=\"wp-block-paragraph\">En <strong>2004<\/strong>, el TC2000 dio inicio a una competencia que pas\u00f3 a ser una de las m\u00e1s importantes del calendario. Los 200 Kil\u00f3metros de Buenos Aires es una carrera en la que los equipos forman duplas entre pilotos titulares e invitados, en donde la estrategia y la resistencia son fundamentales para luchar por la victoria. En <strong>2023<\/strong>, el evento fue realizado una vez m\u00e1s en el aut\u00f3dromo porte\u00f1o, pero con la particularidad de que fue acompa\u00f1ado con una fecha del <strong>Stock Car<\/strong> brasile\u00f1o. <\/p>\n\n\n\n<p class=\"wp-block-paragraph\">\ud83d\udfe5\u00a0<strong><em>\u00a1Todas las novedades te esperan en el canal de\u00a0<\/em><\/strong><a href=\"https:\/\/www.youtube.com\/@GrandePremioES\" target=\"_blank\" rel=\"noreferrer noopener\"><em>YouTube<\/em><\/a><strong><em>\u00a0de Grande Pr\u00eamio en Espa\u00f1ol!<\/em><\/strong>\u00a0\ud83d\udfe8<\/p>\n\n\n\n<figure class=\"wp-block-image size-large\"><img decoding=\"async\" src=\"https:\/\/grandepremio.com\/cdn-cgi\/image\/width=893,height=558,fit=contain,gravity=0.5x0.5,quality=75,format=webp\/es\/wp-content\/uploads\/2024\/09\/200-kilometros-tc2000-1024x683.jpeg\" alt=\"\" class=\"wp-image-254783\"\/><figcaption class=\"wp-element-caption\">Los 200 Kil\u00f3metros de Buenos Aires regresan con una fecha compartida con el Stock Car Brasil. (Foto: TC2000)<\/figcaption><\/figure>\n\n\n\n<p class=\"wp-block-paragraph\">\u23e9\u00a0<em><strong>\u00a1Seguinos en redes por\u00a0<\/strong><\/em><a href=\"https:\/\/twitter.com\/grandepremioES\"><em>Twitter\u00a0<\/em><\/a><em><strong>e\u00a0<\/strong><\/em><a href=\"https:\/\/www.instagram.com\/grandepremioes\/\"><em>Instagram!<\/em><\/a><br>\u23e9\u00a0<em><strong>Adem\u00e1s, tenemos nuestro\u00a0<\/strong><\/em><a href=\"https:\/\/whatsapp.com\/channel\/0029VaDZ5zb0gcfDxuwxBM05\"><em>canal de Whatsapp<\/em><\/a><em><strong>\u00a0con toda la informaci\u00f3n al instante<\/strong><\/em>\u00a0\ud83c\udfc1<\/p>\n\n\n\n<p class=\"wp-block-paragraph\">La edici\u00f3n del Stock Car del a\u00f1o pasado signific\u00f3 el regreso de la categor\u00eda brasile\u00f1a en 6 a\u00f1os, la cual hab\u00eda competido por primera vez en la capital argentina en <strong>2005<\/strong>. En <strong>2024<\/strong>, el TC2000 volver\u00e1 a compartir el evento de los 200 Kil\u00f3metros junto a una fecha de Stock Car.<\/p>\n\n\n\n<p class=\"wp-block-paragraph\">Adem\u00e1s, a la prueba de este a\u00f1o se suma la presencia del TCR Sudamericano, que el pasado fin de semana inici\u00f3 su gira por <strong>Argentina <\/strong>con <a href=\"https:\/\/grandepremio.com\/es\/turismo\/rossi-logra-doblete-tcr-sudamericano-san-juan-villicum\/\">dos victorias de Mat\u00edas Rossi en El Villicum, San Juan<\/a>. Justamente Rossi, logr\u00f3 vencer en Stock Car en su pa\u00eds, cuando gan\u00f3 en la segunda final de Buenos Aires en 2023. <\/p>\n\n\n\n<p class=\"wp-block-paragraph\">A estas categor\u00eda se suman las series de soporte como el <strong>TCR Brasil<\/strong>, la <strong>Fiat Competizione<\/strong> y las categor\u00edas de monoplazas para j\u00f3venes talentos, como son la <strong>F\u00f3rmula 4 Brasil<\/strong> y la <strong>F\u00f3rmula Nacional <\/strong>de Argentina.<\/p>\n\n\n\n<p class=\"wp-block-paragraph\">Con esta fecha conjunta, la empresa propietaria del TC2000, <strong>Tango Motorsports<\/strong> y <strong>VICAR<\/strong>, quien comanda al Stock Car, refuerzan su alianza estrat\u00e9gica para continuar organizando eventos compartidos entre dos de las categor\u00edas con m\u00e1s historia de Argentina y Brasil.<\/p>\n\n\n\n<figure class=\"wp-block-embed is-type-video is-provider-youtube wp-block-embed-youtube wp-embed-aspect-16-9 wp-has-aspect-ratio\"><div class=\"wp-block-embed__wrapper\">\n<iframe loading=\"lazy\" title=\"PALOU DOMINA EN INDYCAR Y LOGRA UN TRICAMPEONATO EN CUATRO A\u00d1OS\" width=\"500\" height=\"281\" src=\"https:\/\/www.youtube.com\/embed\/WiiaFecawuY?feature=oembed\" frameborder=\"0\" allow=\"accelerometer; autoplay; clipboard-write; encrypted-media; gyroscope; picture-in-picture; web-share\" referrerpolicy=\"strict-origin-when-cross-origin\" allowfullscreen><\/iframe>\n<\/div><\/figure>\n","protected":false},"excerpt":{"rendered":"<p>El aut\u00f3dromo de Bueno Aires volver\u00e1 a ser escenario de los 200 Kil\u00f3metros junto al Stock Car. Adem\u00e1s, se suman otras categor\u00edas soporte junto al TCR Sudamericano.<\/p>\n","protected":false},"author":0,"featured_media":1010254784,"comment_status":"closed","ping_status":"closed","sticky":false,"template":"","format":"standard","meta":{"42wp_featured_image_caption":"","42wp_featured_image_credits":"","42wp_featured_video":"","42wp_featured_image_hidden":false,"42wp_authors_list":[],"footnotes":""},"categories":[11],"tags":[10855,7735,10858,4371,2522,1316,1317,3211,10857,1320,4248],"42wp_author":[14240],"class_list":["post-11684","post","type-post","status-publish","format-standard","has-post-thumbnail","hentry","category-turismo","tag-200km-de-buenos-aires","tag-autodromo-oscar-y-juan-galvez","tag-fiat-competizione","tag-formula-4-brasil","tag-formula-nacional","tag-matias-rossi","tag-stock-car","tag-tc2000","tag-tcr-brasil","tag-tcr-sudamericano","tag-vicar","42wp_author-ignacio-bogado"],"_links":{"self":[{"href":"https:\/\/grandepremio.com\/es\/wp-json\/wp\/v2\/posts\/11684","targetHints":{"allow":["GET"]}}],"collection":[{"href":"https:\/\/grandepremio.com\/es\/wp-json\/wp\/v2\/posts"}],"about":[{"href":"https:\/\/grandepremio.com\/es\/wp-json\/wp\/v2\/types\/post"}],"replies":[{"embeddable":true,"href":"https:\/\/grandepremio.com\/es\/wp-json\/wp\/v2\/comments?post=11684"}],"version-history":[{"count":0,"href":"https:\/\/grandepremio.com\/es\/wp-json\/wp\/v2\/posts\/11684\/revisions"}],"wp:featuredmedia":[{"embeddable":true,"href":"https:\/\/grandepremio.com\/es\/wp-json\/wp\/v2\/media\/1010254784"}],"wp:attachment":[{"href":"https:\/\/grandepremio.com\/es\/wp-json\/wp\/v2\/media?parent=11684"}],"wp:term":[{"taxonomy":"category","embeddable":true,"href":"https:\/\/grandepremio.com\/es\/wp-json\/wp\/v2\/categories?post=11684"},{"taxonomy":"post_tag","embeddable":true,"href":"https:\/\/grandepremio.com\/es\/wp-json\/wp\/v2\/tags?post=11684"},{"taxonomy":"42wp_author","embeddable":true,"href":"https:\/\/grandepremio.com\/es\/wp-json\/wp\/v2\/42wp_author?post=11684"}],"curies":[{"name":"wp","href":"https:\/\/api.w.org\/{rel}","templated":true}]}}