{"id":11720,"date":"2024-09-16T12:30:23","date_gmt":"2024-09-16T15:30:23","guid":{"rendered":"https:\/\/grandepremio.com\/es\/2024\/09\/16\/power-ve-fallo-muy-extrano-cinturon-nashville\/"},"modified":"2024-09-16T12:30:32","modified_gmt":"2024-09-16T15:30:32","slug":"power-ve-fallo-muy-extrano-cinturon-nashville","status":"publish","type":"post","link":"https:\/\/grandepremio.com\/es\/indy\/power-ve-fallo-muy-extrano-cinturon-nashville\/","title":{"rendered":"Power ve un \u00abfallo muy extra\u00f1o\u00bb con el cintur\u00f3n en Nashville: \u00abNunca hab\u00eda ocurrido antes\u00bb"},"content":{"rendered":"\n<p class=\"wp-block-paragraph\"><strong>Will Power<\/strong> lament\u00f3 los problemas con su cintur\u00f3n de seguridad durante el <strong>GP de Nashville<\/strong>, que puso fin a la <strong>temporada 2024<\/strong> de la <strong>IndyCar<\/strong>. El australiano vio c\u00f3mo sus opciones al t\u00edtulo se esfumaban en la duod\u00e9cima de las 206 vueltas de la carrera, cuando se produjo por primera vez el \u00abextra\u00f1o fallo\u00bb que le oblig\u00f3 a entrar en boxes, dejando el camino libre para que<strong> <\/strong><a href=\"https:\/\/grandepremio.com\/es\/indy\/herta-bate-oward-vence-cierre-indycar-nashville-palou-campeon\/\"><strong>\u00c1lex Palou<\/strong> se proclamara tricampe\u00f3n el domingo<\/a>.<\/p>\n\n\n\n<p class=\"wp-block-paragraph\">A sus 43 a\u00f1os y con una larga carrera en el automovilismo, Power admiti\u00f3 que era la primera vez que le ocurr\u00eda algo as\u00ed. El piloto tambi\u00e9n revel\u00f3 que la situaci\u00f3n se repiti\u00f3 a lo largo de la carrera y sugiri\u00f3 que <strong>Penske<\/strong> a\u00fan no entend\u00eda c\u00f3mo hab\u00eda sucedido el problema, se\u00f1alando que la pieza deber\u00eda ser enviada al fabricante para una investigaci\u00f3n m\u00e1s profunda.<\/p>\n\n\n\n<p class=\"wp-block-paragraph\">\u00abEstaba en la recta principal y sent\u00ed un crujido en el cintur\u00f3n de seguridad, y fue extra\u00f1o. Era como si saliera del coche y del asiento. En la curva 2, me estaba moviendo y sent\u00ed el final del cintur\u00f3n. Dije: &#8216;Se me acaba de salir el cintur\u00f3n. Tengo que ir a boxes&#8217;. As\u00ed que tard\u00e9 cinco vueltas [en arreglarlo]\u00bb, confes\u00f3.<\/p>\n\n\n\n<p class=\"wp-block-paragraph\">\ud83d\udfe5\u00a0<em><strong>\u00a1Todas las novedades te esperan en el canal de\u00a0<\/strong><\/em><a href=\"https:\/\/www.youtube.com\/@GrandePremioES\"><em>YouTube<\/em><\/a><em><strong>\u00a0de Grande Pr\u00eamio en Espa\u00f1ol!<\/strong><\/em>\u00a0\ud83d\udfe8<\/p>\n\n\n\n<figure class=\"wp-block-video\"><video class=\"video-js vjs-big-play-centered\" data-gp-vjs=\"1\" controls src=\"https:\/\/grandepremio.com\/es\/wp-content\/uploads\/2024\/09\/power_cinto_nashville-1.mp4\"><\/video><figcaption class=\"wp-element-caption\">Power perdi\u00f3 sus chances de pelear el campeonato por un problema con los cinturones de seguridad en Nashville. (Video: Indycar)<\/figcaption><\/figure>\n\n\n\n<p class=\"wp-block-paragraph\">\u23e9\u00a0<em><strong>\u00a1Seguinos en redes por\u00a0<\/strong><\/em><a href=\"https:\/\/twitter.com\/grandepremioES\"><em>Twitter\u00a0<\/em><\/a><em><strong>e\u00a0<\/strong><\/em><a href=\"https:\/\/www.instagram.com\/grandepremioes\/\"><em>Instagram!<\/em><\/a><br>\u23e9\u00a0<em><strong>Adem\u00e1s, tenemos nuestro\u00a0<\/strong><\/em><a href=\"https:\/\/whatsapp.com\/channel\/0029VaDZ5zb0gcfDxuwxBM05\"><em>canal de Whatsapp<\/em><\/a><em><strong>\u00a0con toda la informaci\u00f3n al instante<\/strong><\/em>\u00a0\ud83c\udfc1<\/p>\n\n\n\n<p class=\"wp-block-paragraph\">\u00abAprendimos porque ocurri\u00f3 por segunda vez durante la carrera. Aprendimos a solucionarlo r\u00e1pidamente. No s\u00e9 qu\u00e9 ha fallado, tendremos que enviarlo al fabricante. Un fallo muy extra\u00f1o. Me preguntaba si hab\u00eda golpeado el muro, si se hab\u00eda roto, habr\u00eda sido una situaci\u00f3n muy mala. Nunca me hab\u00eda pasado antes\u00bb, continu\u00f3.<\/p>\n\n\n\n<p class=\"wp-block-paragraph\">Power lleg\u00f3 a <strong>Nashville <\/strong>en segunda posici\u00f3n del campeonato, a 33 puntos de Palou, y tras la carrera cay\u00f3 a la cuarta ubicaci\u00f3n del campeonato, a 46 puntos del tricampe\u00f3n y fue superado por <strong>Colton Herta<\/strong>, ganador de la carrera, y <strong>Scott McLaughlin<\/strong>. El australiano, sin embargo, asegur\u00f3 que el balance de la temporada es positivo y felicit\u00f3 al \u00abduro\u00bb espa\u00f1ol por un nuevo t\u00edtulo de la Indy.<\/p>\n\n\n\n<p class=\"wp-block-paragraph\">\u00abHe tenido problemas de motor, de caja de cambios. El cintur\u00f3n de seguridad fall\u00f3, as\u00ed que estoy bastante decepcionado. Pero muchas felicidades a \u00c1lex, un tipo duro de batir. Obviamente ha hecho un trabajo fant\u00e1stico y ha sido divertido correr con \u00e9l este a\u00f1o, y ahora hemos ca\u00eddo al cuarto puesto [en el campeonato] por culpa de este d\u00eda. Estoy contento con la temporada, todo el equipo ha hecho un buen trabajo, pero queremos ganar t\u00edtulos. Volveremos a la lucha el a\u00f1o que viene\u00bb, concluy\u00f3.<\/p>\n\n\n\n<p class=\"wp-block-paragraph\">La <strong>IndyCar <\/strong>no volver\u00e1 hasta el 2 de marzo de <strong>2025<\/strong>, con el <strong>GP de San Petersburgo<\/strong>, en Florida, que abrir\u00e1 la pr\u00f3xima temporada de la categor\u00eda.<\/p>\n\n\n\n<figure class=\"wp-block-embed is-type-video is-provider-youtube wp-block-embed-youtube wp-embed-aspect-16-9 wp-has-aspect-ratio\"><div class=\"wp-block-embed__wrapper\">\n<iframe loading=\"lazy\" title=\"GP DE AZERBAIY\u00c1N - EL RESUMEN\" width=\"500\" height=\"281\" src=\"https:\/\/www.youtube.com\/embed\/UK9_qvLmi8Y?feature=oembed\" frameborder=\"0\" allow=\"accelerometer; autoplay; clipboard-write; encrypted-media; gyroscope; picture-in-picture; web-share\" referrerpolicy=\"strict-origin-when-cross-origin\" allowfullscreen><\/iframe>\n<\/div><\/figure>\n","protected":false},"excerpt":{"rendered":"<p>Will Power felicit\u00f3 a \u00c1lex Palou por su triunfo y dijo que el espa\u00f1ol era \u00abun tipo duro de batir\u00bb, incluso despu\u00e9s de que un problema le impidiera luchar por el t\u00edtulo.<\/p>\n","protected":false},"author":0,"featured_media":1010254568,"comment_status":"closed","ping_status":"closed","sticky":false,"template":"","format":"standard","meta":{"42wp_featured_image_caption":"","42wp_featured_image_credits":"","42wp_featured_video":"","42wp_featured_image_hidden":false,"42wp_authors_list":[],"footnotes":""},"categories":[7],"tags":[1667,736,987,925,2295,310,3163,1783,735],"42wp_author":[14240],"class_list":["post-11720","post","type-post","status-publish","format-standard","has-post-thumbnail","hentry","category-indy","tag-alex-palou-2","tag-colton-herta","tag-ganassi","tag-indy","tag-indy-2024","tag-indycar","tag-nashville","tag-scott-mclaughlin","tag-will-power","42wp_author-ignacio-bogado"],"_links":{"self":[{"href":"https:\/\/grandepremio.com\/es\/wp-json\/wp\/v2\/posts\/11720","targetHints":{"allow":["GET"]}}],"collection":[{"href":"https:\/\/grandepremio.com\/es\/wp-json\/wp\/v2\/posts"}],"about":[{"href":"https:\/\/grandepremio.com\/es\/wp-json\/wp\/v2\/types\/post"}],"replies":[{"embeddable":true,"href":"https:\/\/grandepremio.com\/es\/wp-json\/wp\/v2\/comments?post=11720"}],"version-history":[{"count":0,"href":"https:\/\/grandepremio.com\/es\/wp-json\/wp\/v2\/posts\/11720\/revisions"}],"wp:featuredmedia":[{"embeddable":true,"href":"https:\/\/grandepremio.com\/es\/wp-json\/wp\/v2\/media\/1010254568"}],"wp:attachment":[{"href":"https:\/\/grandepremio.com\/es\/wp-json\/wp\/v2\/media?parent=11720"}],"wp:term":[{"taxonomy":"category","embeddable":true,"href":"https:\/\/grandepremio.com\/es\/wp-json\/wp\/v2\/categories?post=11720"},{"taxonomy":"post_tag","embeddable":true,"href":"https:\/\/grandepremio.com\/es\/wp-json\/wp\/v2\/tags?post=11720"},{"taxonomy":"42wp_author","embeddable":true,"href":"https:\/\/grandepremio.com\/es\/wp-json\/wp\/v2\/42wp_author?post=11720"}],"curies":[{"name":"wp","href":"https:\/\/api.w.org\/{rel}","templated":true}]}}