{"id":11775,"date":"2024-09-14T11:38:01","date_gmt":"2024-09-14T14:38:01","guid":{"rendered":"https:\/\/grandepremio.com\/es\/2024\/09\/14\/colapinto-hace-historia-argentina-primer-top-10-largada-f1-desde-1982\/"},"modified":"2024-09-14T11:41:18","modified_gmt":"2024-09-14T14:41:18","slug":"colapinto-hace-historia-argentina-primer-top-10-largada-f1-desde-1982","status":"publish","type":"post","link":"https:\/\/grandepremio.com\/es\/f1\/colapinto-hace-historia-argentina-primer-top-10-largada-f1-desde-1982\/","title":{"rendered":"Colapinto hace historia para Argentina con primer top 10 de largada en F1 desde 1982"},"content":{"rendered":"\n<p class=\"wp-block-paragraph\">El <strong>Gran Premio de Azerbaiy\u00e1n<\/strong> de la <strong>temporada 2024 de F\u00f3rmula 1<\/strong> dej\u00f3 un resultado hist\u00f3rico para <strong>Argentina <\/strong>en la clasificaci\u00f3n en el circuito de <strong>Bak\u00fa<\/strong>. <a href=\"https:\/\/grandepremio.com\/es\/f1\/charles-leclerc-pole-baku-franco-colapinto-formula-1\/\"><strong>Franco Colapinto<\/strong> aprovech\u00f3 la contundencia del <strong>Williams <\/strong>en el trazado callejero y logr\u00f3 una novena plaza en la <strong>Q3<\/strong><\/a>, lo que signific\u00f3 ser el primer top 10 de largada de un argentino para un Gran Premio de F1 desde <strong>1982<\/strong>.<\/p>\n\n\n\n<p class=\"wp-block-paragraph\">Franco bati\u00f3 a su compa\u00f1ero de equipo, <strong>Alex Albon<\/strong>, en la clasificaci\u00f3n en <strong>Azerbaiy\u00e1n<\/strong>, aunque el tailand\u00e9s no pudo abrir su \u00faltimo intento de vuelta r\u00e1pida ya que perdi\u00f3 valiosos segundos intentando quitar el ventilador de la toma de aire del <strong>FW46 <\/strong>que el equipo se hab\u00eda olvidado de retirar del coche. El 9\u00b0 puesto en de Colapinto es el primer top 10 en clasificaci\u00f3n desde la temporada 1982, cuando <strong>Carlos Reutemann<\/strong> obtuvo el 6\u00b0 lugar en el <strong>GP de Brasil<\/strong> en el circuito de <strong>Jacarepagu\u00e1<\/strong>.<\/p>\n\n\n\n<p class=\"wp-block-paragraph\">\ud83d\udfe5\u00a0<strong><em>\u00a1Todas las novedades te esperan en el canal de\u00a0<\/em><\/strong><a href=\"https:\/\/www.youtube.com\/@GrandePremioES\" target=\"_blank\" rel=\"noreferrer noopener\"><em>YouTube<\/em><\/a><strong><em>\u00a0de Grande Pr\u00eamio en Espa\u00f1ol!<\/em><\/strong>\u00a0\ud83d\udfe8<\/p>\n\n\n\n<figure class=\"wp-block-image size-large\"><img decoding=\"async\" src=\"https:\/\/grandepremio.com\/es\/wp-content\/uploads\/2024\/09\/WhatsApp-Image-2024-09-13-at-16.04.33-edited.jpeg\" alt=\"\" class=\"wp-image-254158\"\/><figcaption class=\"wp-element-caption\">Colapinto logr\u00f3 el puesto 9 de clasificaci\u00f3n en Bak\u00fa. (Foto: Williams)<\/figcaption><\/figure>\n\n\n\n<p class=\"wp-block-paragraph\">\u23e9\u00a0<em><strong>\u00a1Seguinos en redes por\u00a0<\/strong><\/em><a href=\"https:\/\/twitter.com\/grandepremioES\" target=\"_blank\" rel=\"noreferrer noopener\"><em>Twitter\u00a0<\/em><\/a><em><strong>e\u00a0<\/strong><\/em><a href=\"https:\/\/www.instagram.com\/grandepremioes\/\" target=\"_blank\" rel=\"noreferrer noopener\"><em>Instagram!<\/em><\/a><br><strong>\u23e9<\/strong>\u00a0<em><strong>Adem\u00e1s, tenemos nuestro\u00a0<\/strong><\/em><a href=\"https:\/\/whatsapp.com\/channel\/0029VaDZ5zb0gcfDxuwxBM05\" target=\"_blank\" rel=\"noreferrer noopener\"><em>canal de Whatsapp<\/em><\/a><em><strong>\u00a0con toda la informaci\u00f3n al instante<\/strong><\/em>\u00a0\ud83c\udfc1<\/p>\n\n\n\n<p class=\"wp-block-paragraph\">En aquella oportunidad en el trazado de <strong>R\u00edo de Janeiro<\/strong>, el &#8220;Lole&#8221;, tambi\u00e9n con Williams, hab\u00eda clasificado a 1s375 de <strong>Alain Prost<\/strong>. El franc\u00e9s hab\u00eda conseguido la pole position con <strong>Renault<\/strong>, a lo que le sigui\u00f3 la victoria en el Gran Premio del domingo. Sin embargo, el resultado no fue positivo para Reutemann, ya que tuvo que abandonar la carrera por un accidente en la que ser\u00eda su \u00faltima temporada en la F1.<\/p>\n\n\n\n<p class=\"wp-block-paragraph\">Franco Colapinto compartir\u00e1 la quinta fila de partida en Bak\u00fa con Alex Albon, y en su segunda clasificaci\u00f3n en F1, el argentino logr\u00f3 batir a su compa\u00f1ero de equipo y se recupera de su fallido intento de avance a <strong>Q2 <\/strong>del <strong>Gran Premio de Italia<\/strong> en <strong>Monza<\/strong>.<\/p>\n\n\n\n<p class=\"wp-block-paragraph\"><strong>GRANDE PR\u00caMIO en ESPA\u00d1OL<\/strong>\u00a0sigue todas las actividades del\u00a0<strong>Gran Premio de Azerbaiy\u00e1n<\/strong>\u00a0de\u00a0<a href=\"https:\/\/es.grandepremio.com\/f1\/\" target=\"_blank\" rel=\"noreferrer noopener\"><\/a><a href=\"https:\/\/es.grandepremio.com\/f1\/\" target=\"_blank\" rel=\"noreferrer noopener\">F\u00f3rmula 1<\/a>\u00a0EN DIRECTO y EN TIEMPO REAL. La acci\u00f3n contin\u00faa este domingo con la celebraci\u00f3n de la carrera, prevista para las 8:00, hora de Brasilia y Buenos Aires.<\/p>\n\n\n\n<figure class=\"wp-block-embed is-type-video is-provider-youtube wp-block-embed-youtube wp-embed-aspect-16-9 wp-has-aspect-ratio\"><div class=\"wp-block-embed__wrapper\">\n<iframe loading=\"lazy\" title=\"GP DE AZERBAIY\u00c1N - LA PREVIA\" width=\"500\" height=\"281\" src=\"https:\/\/www.youtube.com\/embed\/bOma6CaW5_M?feature=oembed\" frameborder=\"0\" allow=\"accelerometer; autoplay; clipboard-write; encrypted-media; gyroscope; picture-in-picture; web-share\" referrerpolicy=\"strict-origin-when-cross-origin\" allowfullscreen><\/iframe>\n<\/div><\/figure>\n","protected":false},"excerpt":{"rendered":"<p>El argentino logr\u00f3 en Bak\u00fa igualar un logro que permanec\u00eda en manos de Carlos Reutemann desde el Gran Premio de Brasil de 1982.<\/p>\n","protected":false},"author":0,"featured_media":1010254159,"comment_status":"closed","ping_status":"closed","sticky":false,"template":"","format":"standard","meta":{"42wp_featured_image_caption":"","42wp_featured_image_credits":"","42wp_featured_video":"","42wp_featured_image_hidden":false,"42wp_authors_list":[],"footnotes":""},"categories":[5],"tags":[296,262,1393,1374,2249,179,814,9872,1386,492,3690,210,204],"42wp_author":[14240],"class_list":["post-11775","post","type-post","status-publish","format-standard","has-post-thumbnail","hentry","category-f1","tag-alain-prost","tag-alex-albon","tag-baku","tag-carlos-reutemann","tag-f1-2024","tag-formula-1","tag-franco-colapinto","tag-fw46","tag-gp-de-azerbaiyan","tag-gp-de-brasil","tag-jacarepagua","tag-renault","tag-williams","42wp_author-ignacio-bogado"],"_links":{"self":[{"href":"https:\/\/grandepremio.com\/es\/wp-json\/wp\/v2\/posts\/11775","targetHints":{"allow":["GET"]}}],"collection":[{"href":"https:\/\/grandepremio.com\/es\/wp-json\/wp\/v2\/posts"}],"about":[{"href":"https:\/\/grandepremio.com\/es\/wp-json\/wp\/v2\/types\/post"}],"replies":[{"embeddable":true,"href":"https:\/\/grandepremio.com\/es\/wp-json\/wp\/v2\/comments?post=11775"}],"version-history":[{"count":0,"href":"https:\/\/grandepremio.com\/es\/wp-json\/wp\/v2\/posts\/11775\/revisions"}],"wp:featuredmedia":[{"embeddable":true,"href":"https:\/\/grandepremio.com\/es\/wp-json\/wp\/v2\/media\/1010254159"}],"wp:attachment":[{"href":"https:\/\/grandepremio.com\/es\/wp-json\/wp\/v2\/media?parent=11775"}],"wp:term":[{"taxonomy":"category","embeddable":true,"href":"https:\/\/grandepremio.com\/es\/wp-json\/wp\/v2\/categories?post=11775"},{"taxonomy":"post_tag","embeddable":true,"href":"https:\/\/grandepremio.com\/es\/wp-json\/wp\/v2\/tags?post=11775"},{"taxonomy":"42wp_author","embeddable":true,"href":"https:\/\/grandepremio.com\/es\/wp-json\/wp\/v2\/42wp_author?post=11775"}],"curies":[{"name":"wp","href":"https:\/\/api.w.org\/{rel}","templated":true}]}}