{"id":11786,"date":"2024-09-13T16:21:30","date_gmt":"2024-09-13T19:21:30","guid":{"rendered":"https:\/\/grandepremio.com\/es\/2024\/09\/13\/mclaren-apunta-equilibrio-equipos-tras-viernes-baku\/"},"modified":"2024-09-13T16:21:36","modified_gmt":"2024-09-13T19:21:36","slug":"mclaren-apunta-equilibrio-equipos-tras-viernes-baku","status":"publish","type":"post","link":"https:\/\/grandepremio.com\/es\/f1\/mclaren-apunta-equilibrio-equipos-tras-viernes-baku\/","title":{"rendered":"McLaren apunta al \u00abequilibrio entre cuatro equipos\u00bb tras el viernes en Bak\u00fa"},"content":{"rendered":"\n<p class=\"wp-block-paragraph\">No fue el d\u00eda m\u00e1s brillante del equipo <strong>McLaren<\/strong> desde que se ha vuelto una fuerza capaz de ganar carreras en la F1. Este viernes, en los entrenamientos libres del <strong>GP de Azerbaiy\u00e1n<\/strong>, <strong>Oscar Piastri<\/strong> acab\u00f3 quinto en la FP2 y <strong>Lando Norris<\/strong> fue apenas 17mo.<\/p>\n\n\n\n<p class=\"wp-block-paragraph\">Tras los entrenamientos, el jefe del equipo, <strong>Andrea Stella<\/strong>, elogi\u00f3 el <em>\u00abproductivo\u00bb<\/em> d\u00eda de la escuder\u00eda de <strong>Woking<\/strong> en las calles de <strong>Bak\u00fa<\/strong> y dijo que el equipo hab\u00eda logrado progresar, especialmente en la comprensi\u00f3n de los neum\u00e1ticos y la puesta a punto.<\/p>\n\n\n\n<p class=\"wp-block-paragraph\">\ud83d\udfe5\u00a0<em><strong>\u00a1Todas las novedades te esperan en el canal de\u00a0<\/strong><\/em><a href=\"https:\/\/www.youtube.com\/@GrandePremioES\"><em>YouTube<\/em><\/a><em><strong>\u00a0de Grande Pr\u00eamio en Espa\u00f1ol!<\/strong><\/em>\u00a0\ud83d\udfe8<\/p>\n\n\n\n<p class=\"wp-block-paragraph\"><strong>\u201cDejando a un lado las banderas amarillas y rojas, que son bastante normales en Bak\u00fa, ha sido un d\u00eda de entrenamientos tranquilo y productivo. Hemos visto bien los neum\u00e1ticos, hemos progresado con la puesta a punto y hemos obtenido informaci\u00f3n valiosa\u201d<\/strong>, dijo el italiano.<\/p>\n\n\n\n<figure class=\"wp-block-image size-large\"><img decoding=\"async\" src=\"https:\/\/grandepremio.com\/cdn-cgi\/image\/width=893,height=558,fit=contain,gravity=0.5x0.5,quality=75,format=webp\/es\/wp-content\/uploads\/2024\/09\/azerbaijao-2024-f1-treinos-livres-mclaren-oscar-piastri-afp-01-1200x800-1-1024x683.jpg\" alt=\"\" class=\"wp-image-254072\"\/><figcaption class=\"wp-element-caption\">Oscar Piastri (Foto: AFP)<\/figcaption><\/figure>\n\n\n\n<p class=\"wp-block-paragraph\">Stella tambi\u00e9n cit\u00f3 el equilibrio de los equipos punteros y ve igualada la lucha por la victoria. <strong>Charles Leclerc<\/strong>, de Ferrari, lider\u00f3 la FP2 con s\u00f3lo 0s006 de ventaja sobre<strong> Sergio P\u00e9rez<\/strong>, de Red Bull, mientras que <strong>Lewis Hamilton<\/strong>, de Mercedes, se qued\u00f3 a 0s066 del monegasco.<\/p>\n\n\n\n<p class=\"wp-block-paragraph\"><strong>\u201cUna vez m\u00e1s, los cuatro primeros equipos parecen estar separados por 0s1 o 0s2, lo que har\u00e1 que el fin de semana sea interesante. Trabajaremos duro por la noche para maximizar nuestro paquete y ver d\u00f3nde nos deja eso en la clasificaci\u00f3n y en la carrera<\/strong>\u201d, concluy\u00f3.<\/p>\n\n\n\n<p class=\"wp-block-paragraph\">\u23e9\u00a0<em><strong>\u00a1Seguinos en redes por\u00a0<\/strong><\/em><a href=\"https:\/\/twitter.com\/grandepremioES\"><em>Twitter\u00a0<\/em><\/a><em><strong>e\u00a0<\/strong><\/em><a href=\"https:\/\/www.instagram.com\/grandepremioes\/\"><em>Instagram!<\/em><\/a><br>\u23e9\u00a0<em><strong>Adem\u00e1s, tenemos nuestro\u00a0<\/strong><\/em><a href=\"https:\/\/whatsapp.com\/channel\/0029VaDZ5zb0gcfDxuwxBM05\"><em>canal de Whatsapp<\/em><\/a><em><strong>\u00a0con toda la informaci\u00f3n al instante<\/strong><\/em>\u00a0\ud83c\udfc1 <\/p>\n\n\n\n<p class=\"wp-block-paragraph\">GRANDE PR\u00caMIO sigue en DIRECTO y EN TIEMPO REAL todas las actividades del Gran Premio de Azerbaiy\u00e1n de F\u00f3rmula 1. La FP3 dar\u00e1 inicio ma\u00f1ana, a las 5:30, hora de Brasilia y Buenos Aires.<\/p>\n\n\n\n<figure class=\"wp-block-embed is-type-video is-provider-youtube wp-block-embed-youtube wp-embed-aspect-16-9 wp-has-aspect-ratio\"><div class=\"wp-block-embed__wrapper\">\n<iframe loading=\"lazy\" title=\"GP DE AZERBAIY\u00c1N - LA PREVIA\" width=\"500\" height=\"281\" src=\"https:\/\/www.youtube.com\/embed\/bOma6CaW5_M?feature=oembed\" frameborder=\"0\" allow=\"accelerometer; autoplay; clipboard-write; encrypted-media; gyroscope; picture-in-picture; web-share\" referrerpolicy=\"strict-origin-when-cross-origin\" allowfullscreen><\/iframe>\n<\/div><\/figure>\n","protected":false},"excerpt":{"rendered":"<p>A pesar de una actuaci\u00f3n poco brillante, Andrea Stella advirti\u00f3 que el equilibrio entre Red Bull, McLaren, Mercedes y Ferrari reina en el Gran Premio de Azerbaiy\u00e1n, con los equipos separados por 0.1s.<\/p>\n","protected":false},"author":0,"featured_media":1010254070,"comment_status":"closed","ping_status":"closed","sticky":false,"template":"","format":"standard","meta":{"42wp_featured_image_caption":"","42wp_featured_image_credits":"","42wp_featured_video":"","42wp_featured_image_hidden":false,"42wp_authors_list":[],"footnotes":""},"categories":[5],"tags":[4497,1393,247,181,179,1386,268,199,269,278,294,2646],"42wp_author":[14237],"class_list":["post-11786","post","type-post","status-publish","format-standard","has-post-thumbnail","hentry","category-f1","tag-andrea-stella","tag-baku","tag-charles-leclerc","tag-f1","tag-formula-1","tag-gp-de-azerbaiyan","tag-lando-norris","tag-lewis-hamilton","tag-mclaren","tag-oscar-piastri","tag-sergio-perez","tag-woking","42wp_author-gabriel-garcia"],"_links":{"self":[{"href":"https:\/\/grandepremio.com\/es\/wp-json\/wp\/v2\/posts\/11786","targetHints":{"allow":["GET"]}}],"collection":[{"href":"https:\/\/grandepremio.com\/es\/wp-json\/wp\/v2\/posts"}],"about":[{"href":"https:\/\/grandepremio.com\/es\/wp-json\/wp\/v2\/types\/post"}],"replies":[{"embeddable":true,"href":"https:\/\/grandepremio.com\/es\/wp-json\/wp\/v2\/comments?post=11786"}],"version-history":[{"count":0,"href":"https:\/\/grandepremio.com\/es\/wp-json\/wp\/v2\/posts\/11786\/revisions"}],"wp:featuredmedia":[{"embeddable":true,"href":"https:\/\/grandepremio.com\/es\/wp-json\/wp\/v2\/media\/1010254070"}],"wp:attachment":[{"href":"https:\/\/grandepremio.com\/es\/wp-json\/wp\/v2\/media?parent=11786"}],"wp:term":[{"taxonomy":"category","embeddable":true,"href":"https:\/\/grandepremio.com\/es\/wp-json\/wp\/v2\/categories?post=11786"},{"taxonomy":"post_tag","embeddable":true,"href":"https:\/\/grandepremio.com\/es\/wp-json\/wp\/v2\/tags?post=11786"},{"taxonomy":"42wp_author","embeddable":true,"href":"https:\/\/grandepremio.com\/es\/wp-json\/wp\/v2\/42wp_author?post=11786"}],"curies":[{"name":"wp","href":"https:\/\/api.w.org\/{rel}","templated":true}]}}