{"id":11787,"date":"2024-09-13T16:02:09","date_gmt":"2024-09-13T19:02:09","guid":{"rendered":"https:\/\/grandepremio.com\/es\/2024\/09\/13\/mercedes-valora-dia-agridulce-baku-f1-2024\/"},"modified":"2024-09-13T16:08:17","modified_gmt":"2024-09-13T19:08:17","slug":"mercedes-valora-dia-agridulce-baku-f1-2024","status":"publish","type":"post","link":"https:\/\/grandepremio.com\/es\/f1\/mercedes-valora-dia-agridulce-baku-f1-2024\/","title":{"rendered":"Mercedes valora un d\u00eda agridulce en Bak\u00fa: \u00abBueno para Hamilton, un reto para Russell\u00bb"},"content":{"rendered":"\n<p class=\"wp-block-paragraph\">Para el equipo Mercedes fue un d\u00eda de sensaciones encontradas en el <strong>GP de Azerbaiy\u00e1n<\/strong>, puesto que <strong>Lewis Hamilton<\/strong> fue tercero y segundo en la FP1 y FP2, respectivamente, en tanto que padecieron problemas de motor con <strong>George Russell<\/strong> y debieron cambi\u00e1rselo antes del segundo ensayo de la jornada.<\/p>\n\n\n\n<p class=\"wp-block-paragraph\">Al cabo de la jornada, el director de ingenier\u00eda, <strong>Andrew Shovlin<\/strong>, habl\u00f3 sobre lo ocurrido en las calles de <strong>Bak\u00fa<\/strong>: <strong>\u201cLewis tuvo dos buenas sesiones y termin\u00f3 el d\u00eda satisfecho con el coche. Su ritmo tambi\u00e9n parec\u00eda razonable, aunque sabemos en qu\u00e9 \u00e1reas tenemos que trabajar. En general, estamos contentos con el comienzo de su fin de semana\u201d.<\/strong><\/p>\n\n\n\n<p class=\"wp-block-paragraph\">\ud83d\udfe5&nbsp;<em><strong>\u00a1Todas las novedades te esperan en el canal de&nbsp;<\/strong><\/em><a href=\"https:\/\/www.youtube.com\/@GrandePremioES\"><em>YouTube<\/em><\/a><em><strong>&nbsp;de Grande Pr\u00eamio en Espa\u00f1ol!<\/strong><\/em>&nbsp;\ud83d\udfe8<br><br>\u201cComo ha sido el caso en las \u00faltimas carreras, hay mucha competitividad en la parte alta de la parrilla en cuanto a vueltas r\u00e1pidas. As\u00ed que trabajaremos duro durante la noche para encontrar cada vuelta r\u00e1pida\u201d, a\u00f1adi\u00f3 el brit\u00e1nico.<\/p>\n\n\n\n<figure class=\"wp-block-image size-large is-resized\"><img decoding=\"async\" src=\"https:\/\/grandepremio.com\/cdn-cgi\/image\/width=893,height=558,fit=contain,gravity=0.5x0.5,quality=75,format=webp\/es\/wp-content\/uploads\/2024\/09\/image-42-1024x1002.png\" alt=\"\" class=\"wp-image-254064\" style=\"aspect-ratio:1.021505376344086;width:846px;height:auto\"\/><figcaption class=\"wp-element-caption\">George Russell tuvo problemas en Bak\u00fa (Foto: AFP)<\/figcaption><\/figure>\n\n\n\n<p class=\"wp-block-paragraph\">Del lado de Russell, el otro piloto del equipo de <strong>Brackley<\/strong> tuvo problemas y Shovlin desvel\u00f3 que no estaba nada contento con el rendimiento del auto: <strong>\u201cComparado con Lewis, George ha tenido un d\u00eda m\u00e1s complicado. No estaba muy contento con el equilibrio del coche en la FP1, as\u00ed que pasamos la sesi\u00f3n intentando mejorarlo. Cuando terminaron los entrenamientos, empezamos a trabajar duro para encontrar el mejor tiempo por vuelta\u201d.<\/strong><\/p>\n\n\n\n<p class=\"wp-block-paragraph\">Shovlin dijo que perdieron 25 minutos en los boxes cambiando la unidad de potencia en el #63 y que tendr\u00e1n que recuperar ese tiempo en la jornada de ma\u00f1ana: <strong>\u201cDetectamos un problema en el motor que nos oblig\u00f3 a ser m\u00e1s cautos y cambiar la pieza en la FP2. Por desgracia, esto le cost\u00f3 25 minutos fuera de la pista y, aunque utilizamos los dos neum\u00e1ticos, la sesi\u00f3n se vio comprometida. Nuestro objetivo es recuperar parte del tiempo perdido con George ma\u00f1ana en la FP3\u201d.<\/strong><\/p>\n\n\n\n<p class=\"wp-block-paragraph\">\u23e9&nbsp;<em><strong>\u00a1Seguinos en redes por&nbsp;<\/strong><\/em><a href=\"https:\/\/twitter.com\/grandepremioES\"><em>Twitter&nbsp;<\/em><\/a><em><strong>e&nbsp;<\/strong><\/em><a href=\"https:\/\/www.instagram.com\/grandepremioes\/\"><em>Instagram!<\/em><\/a><br>\u23e9&nbsp;<em><strong>Adem\u00e1s, tenemos nuestro&nbsp;<\/strong><\/em><a href=\"https:\/\/whatsapp.com\/channel\/0029VaDZ5zb0gcfDxuwxBM05\"><em>canal de Whatsapp<\/em><\/a><em><strong>&nbsp;con toda la informaci\u00f3n al instante<\/strong><\/em>&nbsp;\ud83c\udfc1<\/p>\n\n\n\n<p class=\"wp-block-paragraph\">GRANDE PR\u00caMIO sigue en DIRECTO y EN TIEMPO REAL todas las actividades del Gran Premio de Azerbaiy\u00e1n de F\u00f3rmula 1. La FP3 dar\u00e1 inicio ma\u00f1ana, a las 5:30, hora de Brasilia y Buenos Aires.<\/p>\n\n\n\n<figure class=\"wp-block-embed is-type-video is-provider-youtube wp-block-embed-youtube wp-embed-aspect-16-9 wp-has-aspect-ratio\"><div class=\"wp-block-embed__wrapper\">\n<iframe loading=\"lazy\" title=\"GP DE AZERBAIY\u00c1N - LA PREVIA\" width=\"500\" height=\"281\" src=\"https:\/\/www.youtube.com\/embed\/bOma6CaW5_M?feature=oembed\" frameborder=\"0\" allow=\"accelerometer; autoplay; clipboard-write; encrypted-media; gyroscope; picture-in-picture; web-share\" referrerpolicy=\"strict-origin-when-cross-origin\" allowfullscreen><\/iframe>\n<\/div><\/figure>\n","protected":false},"excerpt":{"rendered":"<p>Mercedes elogi\u00f3 el trabajo de Lewis Hamilton en la pista azer\u00ed, pero destac\u00f3 los problemas de motor en el coche de George Russell durante los entrenamientos libres del viernes. <\/p>\n","protected":false},"author":0,"featured_media":1010254059,"comment_status":"closed","ping_status":"closed","sticky":false,"template":"","format":"standard","meta":{"42wp_featured_image_caption":"","42wp_featured_image_credits":"","42wp_featured_video":"","42wp_featured_image_hidden":false,"42wp_authors_list":[],"footnotes":""},"categories":[5],"tags":[1411,1393,399,181,179,253,1386,199,197],"42wp_author":[14237],"class_list":["post-11787","post","type-post","status-publish","format-standard","has-post-thumbnail","hentry","category-f1","tag-andrew-shovlin","tag-baku","tag-brackley","tag-f1","tag-formula-1","tag-george-russell","tag-gp-de-azerbaiyan","tag-lewis-hamilton","tag-mercedes","42wp_author-gabriel-garcia"],"_links":{"self":[{"href":"https:\/\/grandepremio.com\/es\/wp-json\/wp\/v2\/posts\/11787","targetHints":{"allow":["GET"]}}],"collection":[{"href":"https:\/\/grandepremio.com\/es\/wp-json\/wp\/v2\/posts"}],"about":[{"href":"https:\/\/grandepremio.com\/es\/wp-json\/wp\/v2\/types\/post"}],"replies":[{"embeddable":true,"href":"https:\/\/grandepremio.com\/es\/wp-json\/wp\/v2\/comments?post=11787"}],"version-history":[{"count":0,"href":"https:\/\/grandepremio.com\/es\/wp-json\/wp\/v2\/posts\/11787\/revisions"}],"wp:featuredmedia":[{"embeddable":true,"href":"https:\/\/grandepremio.com\/es\/wp-json\/wp\/v2\/media\/1010254059"}],"wp:attachment":[{"href":"https:\/\/grandepremio.com\/es\/wp-json\/wp\/v2\/media?parent=11787"}],"wp:term":[{"taxonomy":"category","embeddable":true,"href":"https:\/\/grandepremio.com\/es\/wp-json\/wp\/v2\/categories?post=11787"},{"taxonomy":"post_tag","embeddable":true,"href":"https:\/\/grandepremio.com\/es\/wp-json\/wp\/v2\/tags?post=11787"},{"taxonomy":"42wp_author","embeddable":true,"href":"https:\/\/grandepremio.com\/es\/wp-json\/wp\/v2\/42wp_author?post=11787"}],"curies":[{"name":"wp","href":"https:\/\/api.w.org\/{rel}","templated":true}]}}