{"id":11801,"date":"2024-09-13T12:11:49","date_gmt":"2024-09-13T15:11:49","guid":{"rendered":"https:\/\/grandepremio.com\/es\/2024\/09\/13\/oscar-piastri-mclaren-consejos-mark-webber-gp-azerbaiyan-f1-2024\/"},"modified":"2024-09-13T12:11:55","modified_gmt":"2024-09-13T15:11:55","slug":"oscar-piastri-mclaren-consejos-mark-webber-gp-azerbaiyan-f1-2024","status":"publish","type":"post","link":"https:\/\/grandepremio.com\/es\/f1\/oscar-piastri-mclaren-consejos-mark-webber-gp-azerbaiyan-f1-2024\/","title":{"rendered":"Piastri revela una conversaci\u00f3n con Webber, pero niega \u00abconsejos\u00bb sobre \u00f3rdenes de equipo"},"content":{"rendered":"\n<p class=\"wp-block-paragraph\"><strong>McLaren <\/strong>ha decidido finalmente darle prioridad a <strong>Lando Norris<\/strong> hasta el final de esta temporada, pensando en el Campeonato Mundial de Pilotos. Sin embargo, <strong>Oscar Piastri<\/strong> nunca ha parecido muy dispuesto a facilitarle la vida a su compa\u00f1ero y ha mantenido algunas conversaciones con el equipo sobre el tema. Antes del <strong>Gran Premio de Azerbaiy\u00e1n,<\/strong> el australiano revel\u00f3 que el ex piloto <strong>Mark Webber<\/strong> tambi\u00e9n hab\u00eda participado en estas conversaciones.<\/p>\n\n\n\n<p class=\"wp-block-paragraph\">\ud83d\udfe5&nbsp;<strong><em>\u00a1Todas las novedades te esperan en el canal de&nbsp;<\/em><\/strong><a href=\"https:\/\/www.youtube.com\/@GrandePremioES\" target=\"_blank\" rel=\"noreferrer noopener\"><em>YouTube<\/em><\/a><strong><em>&nbsp;de Grande Pr\u00eamio en Espa\u00f1ol!<\/em><\/strong>&nbsp;\ud83d\udfe8<\/p>\n\n\n\n<p class=\"wp-block-paragraph\"><strong>Webber<\/strong>, adem\u00e1s de ser compatriota de <strong>Piastri<\/strong>, es tambi\u00e9n el m\u00e1nager del australiano en <strong>McLaren<\/strong>. Cuando estaba en la <strong>F\u00f3rmula 1<\/strong>, el ex piloto se encontr\u00f3 en enredos similares con <strong>Sebastian Vettel,<\/strong> su compa\u00f1ero de equipo durante sus a\u00f1os en <strong>Red Bull.<\/strong> En aquella ocasi\u00f3n, el punto \u00e1lgido de la rivalidad interna lleg\u00f3 despu\u00e9s de que el alem\u00e1n no respetara la orden de mantener posiciones en el <strong>Gran Premio de Malasia de 2013.<\/strong><\/p>\n\n\n\n<p class=\"wp-block-paragraph\">Sin embargo, seg\u00fan <strong>Piastri<\/strong>, la situaci\u00f3n de <strong>Webber <\/strong>no es similar a la suya en <strong>McLaren<\/strong>. El australiano revel\u00f3 entonces que hab\u00eda hablado con el expiloto, pero neg\u00f3 que hubiera recibido \u00abconsejos\u00bb.<\/p>\n\n\n\n<p class=\"wp-block-paragraph\">\u00ab[<strong>Webber<\/strong>] estuvo muy involucrado en las discusiones conmigo y con el equipo. Creo que algunas de las \u00f3rdenes de equipo y disputas [que sucedieron con \u00e9l] fueron un conjunto de circunstancias muy diferentes a las que tenemos ahora. As\u00ed que no hubo ning\u00fan consejo directo sobre lo que pas\u00f3 la \u00faltima vez\u00bb, dijo Piastri, refiri\u00e9ndose al <strong>Gran Premio de Italia<\/strong>, cuando atac\u00f3 y le arrebat\u00f3 el liderato a <strong>Norris <\/strong>en la primera vuelta.<\/p>\n\n\n\n<p class=\"wp-block-paragraph\">\u23e9\u00a0<em><strong>\u00a1Seguinos en redes por\u00a0<\/strong><\/em><a href=\"https:\/\/twitter.com\/grandepremioES\" target=\"_blank\" rel=\"noreferrer noopener\"><em>Twitter\u00a0<\/em><\/a><em><strong>e\u00a0<\/strong><\/em><a href=\"https:\/\/www.instagram.com\/grandepremioes\/\" target=\"_blank\" rel=\"noreferrer noopener\"><em>Instagram!<\/em><\/a><br><strong>\u23e9<\/strong>\u00a0<em><strong>Adem\u00e1s, tenemos nuestro\u00a0<\/strong><\/em><a href=\"https:\/\/whatsapp.com\/channel\/0029VaDZ5zb0gcfDxuwxBM05\" target=\"_blank\" rel=\"noreferrer noopener\"><em>canal de Whatsapp<\/em><\/a><em><strong>\u00a0con toda la informaci\u00f3n al instante<\/strong><\/em>\u00a0\ud83c\udfc1<\/p>\n\n\n\n<figure class=\"wp-block-image size-large\"><img decoding=\"async\" src=\"https:\/\/grandepremio.com\/es\/wp-content\/uploads\/2024\/08\/mark-webber-oscar-piastri-1024x683.jpg\" alt=\"\" class=\"wp-image-250229\"\/><figcaption class=\"wp-element-caption\">Mark Webber es, desde 2020, el encargado de gestionar la carrera deportiva de Oscar Piastri (Foto: Kymi Illman)<\/figcaption><\/figure>\n\n\n\n<p class=\"wp-block-paragraph\">\u00abSiempre ha sido una cuesti\u00f3n de tratar de trabajar en colaboraci\u00f3n con el equipo y dejar claro lo que estamos dispuestos a hacer para apoyar, lo que no estoy tan dispuesto a hacer y ese tipo de orientaci\u00f3n\u00bb, concluy\u00f3.<\/p>\n\n\n\n<p class=\"wp-block-paragraph\"><strong>McLaren <\/strong>ocupa actualmente la segunda posici\u00f3n en el Campeonato del Mundo de Constructores, a ocho puntos de <strong>Red Bull,<\/strong> que es l\u00edder. En cuanto a los pilotos, <strong>Norris <\/strong>es segundo con 241 puntos, 62 menos que <strong>Max Verstappen<\/strong>, mientras que <strong>Piastri <\/strong>es cuarto con 197.<\/p>\n\n\n\n<p class=\"wp-block-paragraph\">GRANDE PR\u00caMIO sigue en DIRECTO y EN TIEMPO REAL todas las actividades del <strong>Gran Premio de Azerbaiy\u00e1n<\/strong> de <strong>F\u00f3rmula 1<\/strong>. La FP3 dar\u00e1 inicio ma\u00f1ana, a las 5:30, hora de Brasilia y Buenos Aires.<\/p>\n\n\n\n<figure class=\"wp-block-embed is-type-video is-provider-youtube wp-block-embed-youtube wp-embed-aspect-16-9 wp-has-aspect-ratio\"><div class=\"wp-block-embed__wrapper\">\n<iframe loading=\"lazy\" title=\"GP DE AZERBAIY\u00c1N - LA PREVIA\" width=\"500\" height=\"281\" src=\"https:\/\/www.youtube.com\/embed\/bOma6CaW5_M?feature=oembed\" frameborder=\"0\" allow=\"accelerometer; autoplay; clipboard-write; encrypted-media; gyroscope; picture-in-picture; web-share\" referrerpolicy=\"strict-origin-when-cross-origin\" allowfullscreen><\/iframe>\n<\/div><\/figure>\n","protected":false},"excerpt":{"rendered":"<p>Oscar Piastri detall\u00f3 la implicaci\u00f3n de Mark Webber en las conversaciones con McLaren sobre dar prioridad a Lando Norris y la pol\u00e9mica \u00abregla papaya\u00bb.<\/p>\n","protected":false},"author":0,"featured_media":1010253963,"comment_status":"closed","ping_status":"closed","sticky":false,"template":"","format":"standard","meta":{"42wp_featured_image_caption":"","42wp_featured_image_credits":"","42wp_featured_video":"","42wp_featured_image_hidden":false,"42wp_authors_list":[],"footnotes":""},"categories":[5],"tags":[181,2249,179,2259,10798,1488,1170,269,278,4540],"42wp_author":[14239],"class_list":["post-11801","post","type-post","status-publish","format-standard","has-post-thumbnail","hentry","category-f1","tag-f1","tag-f1-2024","tag-formula-1","tag-formula-1-2024","tag-gp-de-azerbaiyan-2024","tag-grande-premio","tag-mark-webber","tag-mclaren","tag-oscar-piastri","tag-temporada-2024-f1","42wp_author-jp-otrosky"],"_links":{"self":[{"href":"https:\/\/grandepremio.com\/es\/wp-json\/wp\/v2\/posts\/11801","targetHints":{"allow":["GET"]}}],"collection":[{"href":"https:\/\/grandepremio.com\/es\/wp-json\/wp\/v2\/posts"}],"about":[{"href":"https:\/\/grandepremio.com\/es\/wp-json\/wp\/v2\/types\/post"}],"replies":[{"embeddable":true,"href":"https:\/\/grandepremio.com\/es\/wp-json\/wp\/v2\/comments?post=11801"}],"version-history":[{"count":0,"href":"https:\/\/grandepremio.com\/es\/wp-json\/wp\/v2\/posts\/11801\/revisions"}],"wp:featuredmedia":[{"embeddable":true,"href":"https:\/\/grandepremio.com\/es\/wp-json\/wp\/v2\/media\/1010253963"}],"wp:attachment":[{"href":"https:\/\/grandepremio.com\/es\/wp-json\/wp\/v2\/media?parent=11801"}],"wp:term":[{"taxonomy":"category","embeddable":true,"href":"https:\/\/grandepremio.com\/es\/wp-json\/wp\/v2\/categories?post=11801"},{"taxonomy":"post_tag","embeddable":true,"href":"https:\/\/grandepremio.com\/es\/wp-json\/wp\/v2\/tags?post=11801"},{"taxonomy":"42wp_author","embeddable":true,"href":"https:\/\/grandepremio.com\/es\/wp-json\/wp\/v2\/42wp_author?post=11801"}],"curies":[{"name":"wp","href":"https:\/\/api.w.org\/{rel}","templated":true}]}}