{"id":11843,"date":"2024-09-11T10:05:33","date_gmt":"2024-09-11T13:05:33","guid":{"rendered":"https:\/\/grandepremio.com\/es\/2024\/09\/11\/mclaren-patricio-oward-participacion-fp1-gp-mexico-f1-2024\/"},"modified":"2024-09-11T12:28:13","modified_gmt":"2024-09-11T15:28:13","slug":"mclaren-patricio-oward-participacion-fp1-gp-mexico-f1-2024","status":"publish","type":"post","link":"https:\/\/grandepremio.com\/es\/f1\/mclaren-patricio-oward-participacion-fp1-gp-mexico-f1-2024\/","title":{"rendered":"McLaren anuncia participaci\u00f3n de O&#8217;Ward en la FP1 del GP de M\u00e9xico"},"content":{"rendered":"\n<p class=\"wp-block-paragraph\"><strong>McLaren <\/strong>confirm\u00f3 la presencia de <strong>Patricio O&#8217;Ward<\/strong>, principal piloto de la marca en <strong>IndyCar<\/strong>, en la FP1 del <strong>Gran Premio de M\u00e9xico<\/strong> de <strong>F1<\/strong>, que se disputar\u00e1 entre el 25 y el 27 de octubre. Esta ser\u00e1 la primera vez que el mexicano estar\u00e1 en la pista de su pa\u00eds en una sesi\u00f3n oficial de la categor\u00eda, lo que para \u00e9l es un \u00absue\u00f1o hecho realidad\u00bb. El equipo no ha anunciado qui\u00e9n sustituir\u00e1 al mexicano.<\/p>\n\n\n\n<p class=\"wp-block-paragraph\">\ud83d\udfe5&nbsp;<strong><em>\u00a1Todas las novedades te esperan en el canal de&nbsp;<\/em><\/strong><a href=\"https:\/\/www.youtube.com\/@GrandePremioES\" target=\"_blank\" rel=\"noreferrer noopener\"><em>YouTube<\/em><\/a><strong><em>&nbsp;de Grande Pr\u00eamio en Espa\u00f1ol!<\/em><\/strong>&nbsp;\ud83d\udfe8<\/p>\n\n\n\n<p class=\"wp-block-paragraph\"><strong>O&#8217;Ward <\/strong>es piloto de <strong>McLaren <\/strong>desde 2020, cuando acept\u00f3 competir en la temporada completa de la Indy. Su primera experiencia en la F1 se produjo en los test de novatos de la categor\u00eda en <strong>Abu Dhabi<\/strong> a finales de 2021. La oportunidad surgi\u00f3 a ra\u00edz de una promesa de <strong>Zak Brown<\/strong>, CEO del equipo, quien le prometi\u00f3 al mexicano una sesi\u00f3n de entrenamiento si ganaba en la categor\u00eda. Ese a\u00f1o, &#8221;Pato&#8221; venci\u00f3 en las fechas de Detroit y Texas. <\/p>\n\n\n\n<p class=\"wp-block-paragraph\">El piloto de <strong>McLaren <\/strong>viene de una temporada en la que, como mencion\u00f3 a principios de a\u00f1o, vivi\u00f3 \u00abel m\u00e1s alto de los altos y el m\u00e1s bajo de los bajos\u00bb. Junto con <strong>Will Power<\/strong> y <strong>Scott McLaughlin<\/strong>, es el piloto con m\u00e1s victorias este a\u00f1o, con tres. Sin embargo, se qued\u00f3 a las puertas de la lucha por el t\u00edtulo debido a algunos problemas mec\u00e1nicos en el tramo final del campeonato.<\/p>\n\n\n\n<p class=\"wp-block-paragraph\">En v\u00edsperas de la carrera decisiva de Indy en <strong>Nashville<\/strong> este fin de semana,, <strong>O&#8217;Ward <\/strong>no ocult\u00f3 su entusiasmo por formar parte por tercera vez de un GP como piloto de <strong>F\u00f3rmula 1<\/strong>, despu\u00e9s de haber participado de la FP1 de los <strong>GPs de Abu Dhab<\/strong>i en 2022 y 2023.<\/p>\n\n\n\n<p class=\"wp-block-paragraph\">\u23e9&nbsp;<em><strong>\u00a1Seguinos en redes por&nbsp;<\/strong><\/em><a href=\"https:\/\/twitter.com\/grandepremioES\" target=\"_blank\" rel=\"noreferrer noopener\"><em>Twitter&nbsp;<\/em><\/a><em><strong>e&nbsp;<\/strong><\/em><a href=\"https:\/\/www.instagram.com\/grandepremioes\/\" target=\"_blank\" rel=\"noreferrer noopener\"><em>Instagram!<\/em><\/a><br><strong>\u23e9<\/strong>&nbsp;<em><strong>Adem\u00e1s, tenemos nuestro&nbsp;<\/strong><\/em><a href=\"https:\/\/whatsapp.com\/channel\/0029VaDZ5zb0gcfDxuwxBM05\" target=\"_blank\" rel=\"noreferrer noopener\"><em>canal de Whatsapp<\/em><\/a><em><strong>&nbsp;con toda la informaci\u00f3n al instante<\/strong><\/em>&nbsp;\ud83c\udfc1<\/p>\n\n\n\n<figure class=\"wp-block-image size-large\"><img decoding=\"async\" src=\"https:\/\/grandepremio.com\/es\/wp-content\/uploads\/2024\/09\/1JGS-2024-TORONTO-393590-1-1024x682.jpg\" alt=\"\" class=\"wp-image-253719\"\/><figcaption class=\"wp-element-caption\">Patricio O&#8217;Ward es piloto de McLaren y uno de los protagonistas de la temporada 2024 de IndyCar (Foto: IndyCar)<\/figcaption><\/figure>\n\n\n\n<p class=\"wp-block-paragraph\">\u00abEstar\u00e9 con <strong>McLaren <\/strong>en el <strong>Gran Premio de M\u00e9xico<\/strong>. Estar\u00e9 en el coche en FP1 y no puedo esperar, porque es un sue\u00f1o hecho realidad. Poder conducir un coche de <strong>F\u00f3rmula 1<\/strong> delante de los aficionados de mi pa\u00eds\u2026 No puedo agradecer lo suficiente a <strong>Andrea <\/strong>[<strong>Stella<\/strong>, jefe del equipo de F1], a <strong>Zak <\/strong>[<strong>Brown<\/strong>] y a todo el equipo esta incre\u00edble oportunidad\u00bb, dijo O&#8217;Ward.<\/p>\n\n\n\n<p class=\"wp-block-paragraph\">\u00abEl coche de este a\u00f1o es un misil, as\u00ed que tengo que aportar mi granito de arena para ayudar en todo lo que pueda durante el resto de la temporada. Este fin de semana est\u00e1 el GP de <strong>Indy <\/strong>en <strong>Nashville<\/strong>, que es la prioridad ahora mismo, pero estoy deseando que llegue pronto [la FP1 del <strong>GP de M\u00e9xico<\/strong>]. Despu\u00e9s de esa carrera, ir\u00e9 a Europa para empezar a trabajar en las cosas de la F1\u2033, concluy\u00f3 el piloto de <strong>McLaren<\/strong>.<\/p>\n\n\n\n<p class=\"wp-block-paragraph\"><strong>F1 <\/strong>e <strong>IndyCar <\/strong>estar\u00e1n en acci\u00f3n este fin de semana. El <strong>Gran Premio de Azerbaiy\u00e1n<\/strong>, en las calles de Bak\u00fa, ser\u00e1 la decimos\u00e9ptima fecha de la F1, mientras que la categor\u00eda estadounidense se dirige al \u00f3valo de <strong>Nashville <\/strong>para cerrar la temporada 2024. GRANDE PR\u00caMIO cubrir\u00e1 \u00edntegramente ambos eventos.<\/p>\n\n\n\n<figure class=\"wp-block-embed is-type-video is-provider-youtube wp-block-embed-youtube wp-embed-aspect-16-9 wp-has-aspect-ratio\"><div class=\"wp-block-embed__wrapper\">\n<iframe loading=\"lazy\" title=\"SAUBER Y RB DEFINEN EL BAILE DE LAS SILLAS EN F1 2025\" width=\"500\" height=\"281\" src=\"https:\/\/www.youtube.com\/embed\/91U7DVcQn_k?feature=oembed\" frameborder=\"0\" allow=\"accelerometer; autoplay; clipboard-write; encrypted-media; gyroscope; picture-in-picture; web-share\" referrerpolicy=\"strict-origin-when-cross-origin\" allowfullscreen><\/iframe>\n<\/div><\/figure>\n","protected":false},"excerpt":{"rendered":"<p>El representante de McLaren en IndyCar, Patricio O&#8217;Ward, agradeci\u00f3 la oportunidad de pilotar en una sesi\u00f3n oficial de F\u00f3rmula 1 por primera vez en su carrera.<\/p>\n","protected":false},"author":0,"featured_media":1010253718,"comment_status":"closed","ping_status":"closed","sticky":false,"template":"","format":"standard","meta":{"42wp_featured_image_caption":"","42wp_featured_image_credits":"","42wp_featured_video":"","42wp_featured_image_hidden":false,"42wp_authors_list":[],"footnotes":""},"categories":[5],"tags":[181,2249,179,2259,10818,1488,269,1310,4540],"42wp_author":[14239],"class_list":["post-11843","post","type-post","status-publish","format-standard","has-post-thumbnail","hentry","category-f1","tag-f1","tag-f1-2024","tag-formula-1","tag-formula-1-2024","tag-gp-de-mexico-2024","tag-grande-premio","tag-mclaren","tag-patricio-oward","tag-temporada-2024-f1","42wp_author-jp-otrosky"],"_links":{"self":[{"href":"https:\/\/grandepremio.com\/es\/wp-json\/wp\/v2\/posts\/11843","targetHints":{"allow":["GET"]}}],"collection":[{"href":"https:\/\/grandepremio.com\/es\/wp-json\/wp\/v2\/posts"}],"about":[{"href":"https:\/\/grandepremio.com\/es\/wp-json\/wp\/v2\/types\/post"}],"replies":[{"embeddable":true,"href":"https:\/\/grandepremio.com\/es\/wp-json\/wp\/v2\/comments?post=11843"}],"version-history":[{"count":0,"href":"https:\/\/grandepremio.com\/es\/wp-json\/wp\/v2\/posts\/11843\/revisions"}],"wp:featuredmedia":[{"embeddable":true,"href":"https:\/\/grandepremio.com\/es\/wp-json\/wp\/v2\/media\/1010253718"}],"wp:attachment":[{"href":"https:\/\/grandepremio.com\/es\/wp-json\/wp\/v2\/media?parent=11843"}],"wp:term":[{"taxonomy":"category","embeddable":true,"href":"https:\/\/grandepremio.com\/es\/wp-json\/wp\/v2\/categories?post=11843"},{"taxonomy":"post_tag","embeddable":true,"href":"https:\/\/grandepremio.com\/es\/wp-json\/wp\/v2\/tags?post=11843"},{"taxonomy":"42wp_author","embeddable":true,"href":"https:\/\/grandepremio.com\/es\/wp-json\/wp\/v2\/42wp_author?post=11843"}],"curies":[{"name":"wp","href":"https:\/\/api.w.org\/{rel}","templated":true}]}}