{"id":11856,"date":"2024-09-10T11:32:57","date_gmt":"2024-09-10T14:32:57","guid":{"rendered":"https:\/\/grandepremio.com\/es\/2024\/09\/10\/binotto-dice-acuerdo-audi-dos-dias-conversaciones\/"},"modified":"2024-09-10T11:49:50","modified_gmt":"2024-09-10T14:49:50","slug":"binotto-dice-acuerdo-audi-dos-dias-conversaciones","status":"publish","type":"post","link":"https:\/\/grandepremio.com\/es\/f1\/binotto-dice-acuerdo-audi-dos-dias-conversaciones\/","title":{"rendered":"Binotto dice que lleg\u00f3 a un acuerdo con Audi tras dos d\u00edas de conversaciones"},"content":{"rendered":"\n<p class=\"wp-block-paragraph\"><strong>Audi <\/strong>llega con muchas expectativas a la <strong>F\u00f3rmula 1<\/strong>, aunque el proyecto ha atravesado diferentes fases y muchas dudas por los cambios en la c\u00fapula deportiva. Por esto, esperan que el arribo de <strong>Mattia Binotto<\/strong> como director operativo y director t\u00e9cnico y de <strong>Jonathan Wheatley<\/strong> como jefe de equipo pueda traer estabilidad.<\/p>\n\n\n\n<p class=\"wp-block-paragraph\">Binotto pudo asumir en su nuevo cargo tras haber dejado el cargo de jefe principal en Ferrari a finales de 2022. En una entrevista con varios periodistas, el ex especialista de motores en <strong>Maranello<\/strong> coment\u00f3 su decisi\u00f3n de volver al paddock y lo r\u00e1pido que se asent\u00f3 en la marca alemana.<\/p>\n\n\n\n<p class=\"wp-block-paragraph\">\ud83d\udfe5&nbsp;<strong><em>\u00a1Todas las novedades te esperan en el canal de&nbsp;<\/em><\/strong><a href=\"https:\/\/www.youtube.com\/@GrandePremioES\" target=\"_blank\" rel=\"noreferrer noopener\"><em>YouTube<\/em><\/a><strong><em>&nbsp;de Grande Pr\u00eamio en Espa\u00f1ol!<\/em><\/strong>&nbsp;\ud83d\udfe8<\/p>\n\n\n\n<p class=\"wp-block-paragraph\"><strong>\u201cNo es una decisi\u00f3n f\u00e1cil porque despu\u00e9s de 30 a\u00f1os por fin sue\u00f1as con tener vacaciones. Sue\u00f1as con descansar, con estar con tu familia, lo que da grandes momentos y es importante. Pero dejarlo de repente despu\u00e9s de 28 a\u00f1os es muy dif\u00edcil\u201d<\/strong>, dijo el italiano.<\/p>\n\n\n\n<figure class=\"wp-block-image size-full\"><img decoding=\"async\" src=\"https:\/\/grandepremio.com\/es\/wp-content\/uploads\/2024\/09\/000_32FD7AN-1024x683-1.jpg\" alt=\"\" class=\"wp-image-253639\"\/><figcaption class=\"wp-element-caption\">Mattia Binotto pas\u00f3 mucho tiempo en Ferrari en diversas \u00e1reas (Foto: AFP)<\/figcaption><\/figure>\n\n\n\n<p class=\"wp-block-paragraph\"><strong>\u201cYo ya estaba en casa, viendo todas las temporadas, analizando mis datos, intentando entender lo que pasaba, leyendo los peri\u00f3dicos y lo que escrib\u00edan los periodistas. Imag\u00ednese lo malo que es, haciendo mi propia evaluaci\u00f3n\u201d<\/strong>, prosigui\u00f3.<\/p>\n\n\n\n<p class=\"wp-block-paragraph\">Mientras que Mattia desvel\u00f3 que reci\u00e9n acept\u00f3 la oferta de Audi cuando el proyecto tom\u00f3 seriedad y se comprometi\u00f3 con el fabricante de los cuatro aros, tiene una misi\u00f3n antes de 2026: la de devolver a <strong>Sauber<\/strong> a la zona de puntos: <strong>\u201cTenemos un punto de referencia en mente, que sin duda ayudar\u00e1 con el proyecto. \u00bfQu\u00e9 debemos hacer? Entonces se convierte en una cuesti\u00f3n de &#8216;\u00bfc\u00f3mo de r\u00e1pido podemos hacerlo? Hoy, el punto de referencia est\u00e1 claro y hemos ajustado nuestras prioridades porque no podemos hacerlo todo a la vez\u201d.<\/strong><\/p>\n\n\n\n<p class=\"wp-block-paragraph\">\u23e9&nbsp;<em><strong>\u00a1Seguinos en redes por&nbsp;<\/strong><\/em><a href=\"https:\/\/twitter.com\/grandepremioES\" target=\"_blank\" rel=\"noreferrer noopener\"><em>Twitter&nbsp;<\/em><\/a><em><strong>e&nbsp;<\/strong><\/em><a href=\"https:\/\/www.instagram.com\/grandepremioes\/\" target=\"_blank\" rel=\"noreferrer noopener\"><em>Instagram!<\/em><\/a><br><strong>\u23e9<\/strong>&nbsp;<em><strong>Adem\u00e1s, tenemos nuestro&nbsp;<\/strong><\/em><a href=\"https:\/\/whatsapp.com\/channel\/0029VaDZ5zb0gcfDxuwxBM05\" target=\"_blank\" rel=\"noreferrer noopener\"><em>canal de Whatsapp<\/em><\/a><em><strong>&nbsp;con toda la informaci\u00f3n al instante<\/strong><\/em>&nbsp;\ud83c\udfc1<\/p>\n\n\n\n<p class=\"wp-block-paragraph\">La F\u00f3rmula 1 regresa a Bak\u00fa del 13 al 15 de septiembre para el Gran Premio de Azerbaiy\u00e1n, la 17\u00ba cita de la temporada 2024.<\/p>\n\n\n\n<figure class=\"wp-block-embed is-type-video is-provider-youtube wp-block-embed-youtube wp-embed-aspect-16-9 wp-has-aspect-ratio\"><div class=\"wp-block-embed__wrapper\">\n<iframe loading=\"lazy\" title=\"SAUBER Y RB DEFINEN EL BAILE DE LAS SILLAS EN F1 2025\" width=\"500\" height=\"281\" src=\"https:\/\/www.youtube.com\/embed\/91U7DVcQn_k?feature=oembed\" frameborder=\"0\" allow=\"accelerometer; autoplay; clipboard-write; encrypted-media; gyroscope; picture-in-picture; web-share\" referrerpolicy=\"strict-origin-when-cross-origin\" allowfullscreen><\/iframe>\n<\/div><\/figure>\n","protected":false},"excerpt":{"rendered":"<p>Mattia Binotto tiene la dif\u00edcil misi\u00f3n de devolver a Sauber a la zona de puntos antes de que llegue Audi desde 2026. Aun as\u00ed, el nuevo director del fabricante alem\u00e1n reforz\u00f3 su compromiso con el proyecto y detall\u00f3 como lleg\u00f3 a un acuerdo para volver a la F\u00f3rmula 1.<\/p>\n","protected":false},"author":0,"featured_media":1010253643,"comment_status":"closed","ping_status":"closed","sticky":false,"template":"","format":"standard","meta":{"42wp_featured_image_caption":"","42wp_featured_image_credits":"","42wp_featured_video":"","42wp_featured_image_hidden":false,"42wp_authors_list":[],"footnotes":""},"categories":[5],"tags":[612,181,179,2173,644,439,497],"42wp_author":[14237],"class_list":["post-11856","post","type-post","status-publish","format-standard","has-post-thumbnail","hentry","category-f1","tag-audi","tag-f1","tag-formula-1","tag-jonathan-wheatley","tag-maranello","tag-mattia-binotto","tag-sauber","42wp_author-gabriel-garcia"],"_links":{"self":[{"href":"https:\/\/grandepremio.com\/es\/wp-json\/wp\/v2\/posts\/11856","targetHints":{"allow":["GET"]}}],"collection":[{"href":"https:\/\/grandepremio.com\/es\/wp-json\/wp\/v2\/posts"}],"about":[{"href":"https:\/\/grandepremio.com\/es\/wp-json\/wp\/v2\/types\/post"}],"replies":[{"embeddable":true,"href":"https:\/\/grandepremio.com\/es\/wp-json\/wp\/v2\/comments?post=11856"}],"version-history":[{"count":0,"href":"https:\/\/grandepremio.com\/es\/wp-json\/wp\/v2\/posts\/11856\/revisions"}],"wp:featuredmedia":[{"embeddable":true,"href":"https:\/\/grandepremio.com\/es\/wp-json\/wp\/v2\/media\/1010253643"}],"wp:attachment":[{"href":"https:\/\/grandepremio.com\/es\/wp-json\/wp\/v2\/media?parent=11856"}],"wp:term":[{"taxonomy":"category","embeddable":true,"href":"https:\/\/grandepremio.com\/es\/wp-json\/wp\/v2\/categories?post=11856"},{"taxonomy":"post_tag","embeddable":true,"href":"https:\/\/grandepremio.com\/es\/wp-json\/wp\/v2\/tags?post=11856"},{"taxonomy":"42wp_author","embeddable":true,"href":"https:\/\/grandepremio.com\/es\/wp-json\/wp\/v2\/42wp_author?post=11856"}],"curies":[{"name":"wp","href":"https:\/\/api.w.org\/{rel}","templated":true}]}}