{"id":1186,"date":"2026-05-18T14:16:03","date_gmt":"2026-05-18T17:16:03","guid":{"rendered":"https:\/\/grandepremio.com\/es\/2026\/05\/18\/alonso-detalla-planes-retiro-f1-dakar\/"},"modified":"2026-05-18T14:16:07","modified_gmt":"2026-05-18T17:16:07","slug":"alonso-detalla-planes-retiro-f1-dakar","status":"publish","type":"post","link":"https:\/\/grandepremio.com\/es\/f1\/alonso-detalla-planes-retiro-f1-dakar\/","title":{"rendered":"Alonso detalla sus planes tras retiro de F1 y admite que &#8220;el Dakar es una posibilidad&#8221;"},"content":{"rendered":"\n<p class=\"wp-block-paragraph\">A pesar de que solo han pasado cuatro eventos de la <strong>F\u00f3rmula 1<\/strong> en 2026, se ha vuelto a hablar del futuro deportivo de <strong>Fernando Alonso<\/strong>, quien atraviesa una crisis de resultados con un auto de <strong>Aston Martin<\/strong> que est\u00e1 lejos de las prestaciones ideales ya no solo para ganar carreras, sino para sumar puntos.<\/p>\n\n\n\n<p class=\"wp-block-paragraph\">\ud83d\udfe5&nbsp;<strong><em>\u00a1Todas las novedades te esperan en el canal de&nbsp;<\/em><\/strong><a href=\"https:\/\/www.youtube.com\/@GrandePremioES\"><em>YouTube<\/em><\/a><strong><em>&nbsp;de Grande Pr\u00eamio en Espa\u00f1ol!<\/em><\/strong>&nbsp;\ud83d\udfe8<\/p>\n\n\n\n<p class=\"wp-block-paragraph\">Hablando sobre su continuidad con el equipo despu\u00e9s de un mal inicio de temporada, el espa\u00f1ol indic\u00f3 que tiene ganas de buscar otros desaf\u00edos en una entrevista a la que asisti\u00f3 <em>GRANDE PR\u00caMIO<\/em> en el pasado <strong>GP de Miami<\/strong>, con un regreso al <strong>Dakar <\/strong>incluido.<\/p>\n\n\n\n<p class=\"wp-block-paragraph\"><strong>&#8220;Si dejo de competir en la F1, s\u00e9 que competir\u00e9 en otras categor\u00edas. El Rally Dakar es una posibilidad. Si alg\u00fan d\u00eda logro ganar carreras de resistencia, de F1 y rallies todoterreno, probablemente ser\u00e1 algo sin precedentes. Eso es muy atractivo&#8221;,<\/strong> afirm\u00f3.<\/p>\n\n\n\n<p class=\"wp-block-paragraph\"><strong>\u201cMe encanta lo que hago, me encanta competir. Complet\u00e9 mi primera carrera a los tres a\u00f1os y ahora tengo 44, as\u00ed que he dedicado 41 a\u00f1os de mi vida al volante. El momento en que deje de competir ser\u00e1 una decisi\u00f3n muy dif\u00edcil y me costar\u00e1 aceptarla. Creo que el tiempo lo dir\u00e1. Lo sentir\u00e9. Por ahora, no siento que ese momento haya llegado\u201d<\/strong>, concluy\u00f3.<\/p>\n\n\n\n<figure class=\"wp-block-embed is-type-video is-provider-youtube wp-block-embed-youtube wp-embed-aspect-16-9 wp-has-aspect-ratio\"><div class=\"wp-block-embed__wrapper\">\n<iframe loading=\"lazy\" title=\"\u00bfRUSSELL EN CRISIS? ANTONELLI SE AFIANZA COMO L\u00cdDER EN MERCEDES\" width=\"500\" height=\"281\" src=\"https:\/\/www.youtube.com\/embed\/gfE1joF6GRo?feature=oembed\" frameborder=\"0\" allow=\"accelerometer; autoplay; clipboard-write; encrypted-media; gyroscope; picture-in-picture; web-share\" referrerpolicy=\"strict-origin-when-cross-origin\" allowfullscreen><\/iframe>\n<\/div><\/figure>\n\n\n\n<p class=\"wp-block-paragraph\">El bicampe\u00f3n del mundo ya corri\u00f3 en el <strong>WEC <\/strong>y gan\u00f3 las <strong>24 horas de Le Mans<\/strong> con Toyota, aparte de una aparici\u00f3n victoriosa en el <strong>IMSA <\/strong>en las 24 horas de Daytona, incluso se anim\u00f3 a correr en <strong>Indy500<\/strong>, liderando en 2017 hasta que el motor se rompi\u00f3, aunque no se clasific\u00f3 para esa carrera en 2019 y en 2020 fue apenas 21\u00b0, en sus otras dos participaciones con McLaren.<\/p>\n\n\n\n<p class=\"wp-block-paragraph\">Con un contrato vigente hasta diciembre, Alonso ha dicho que pretende continuar si el auto de Aston Martin mejora, pero admiti\u00f3 a su vez que no tiene mucho tiempo para esperar que la escuder\u00eda que dirige <strong>Adrian Newey<\/strong> pueda recuperarse.<\/p>\n\n\n\n<p class=\"wp-block-paragraph\">\u23e9&nbsp;<strong><em>\u00a1Seguinos en redes por&nbsp;<\/em><\/strong><a href=\"https:\/\/twitter.com\/grandepremioES\"><em>Twitter&nbsp;<\/em><\/a><strong><em>e&nbsp;<\/em><\/strong><a href=\"https:\/\/www.instagram.com\/grandepremioes\/\"><em>Instagram!<br><\/em><\/a>\u23e9&nbsp;<strong><em>Adem\u00e1s, tenemos nuestro&nbsp;<\/em><\/strong><a href=\"https:\/\/whatsapp.com\/channel\/0029VaDZ5zb0gcfDxuwxBM05\"><em>canal de Whatsapp<\/em><\/a><strong><em>&nbsp;con toda la informaci\u00f3n al instante<\/em><\/strong>&nbsp;\ud83c\udfc1<\/p>\n\n\n\n<p class=\"wp-block-paragraph\">La F\u00f3rmula 1 regresar\u00e1 entre el 22 y el 24 de mayo con el Gran Premio de Canad\u00e1, la quinta cita del campeonato 2026, que tendr\u00e1 nuevamente una carrera sprint.<\/p>\n","protected":false},"excerpt":{"rendered":"<p>Fernando Alonso admiti\u00f3 que podr\u00eda optar por competir en otras categor\u00edas una vez finalizado su contrato con Aston Martin, previsto para el final de la temporada 2026 de F\u00f3rmula 1.<\/p>\n","protected":false},"author":0,"featured_media":1010401544,"comment_status":"closed","ping_status":"closed","sticky":false,"template":"","format":"standard","meta":{"42wp_featured_image_caption":"","42wp_featured_image_credits":"","42wp_featured_video":"","42wp_featured_image_hidden":false,"42wp_authors_list":[],"footnotes":""},"categories":[5],"tags":[320,742,209,319,184,179,1534,322,599,311],"42wp_author":[14237],"class_list":["post-1186","post","type-post","status-publish","format-standard","has-post-thumbnail","hentry","category-f1","tag-24-horas-de-le-mans","tag-adrian-newey","tag-aston-martin","tag-dakar","tag-fernando-alonso","tag-formula-1","tag-gp-de-miami","tag-imsa","tag-indy500","tag-wec","42wp_author-gabriel-garcia"],"_links":{"self":[{"href":"https:\/\/grandepremio.com\/es\/wp-json\/wp\/v2\/posts\/1186","targetHints":{"allow":["GET"]}}],"collection":[{"href":"https:\/\/grandepremio.com\/es\/wp-json\/wp\/v2\/posts"}],"about":[{"href":"https:\/\/grandepremio.com\/es\/wp-json\/wp\/v2\/types\/post"}],"replies":[{"embeddable":true,"href":"https:\/\/grandepremio.com\/es\/wp-json\/wp\/v2\/comments?post=1186"}],"version-history":[{"count":0,"href":"https:\/\/grandepremio.com\/es\/wp-json\/wp\/v2\/posts\/1186\/revisions"}],"wp:featuredmedia":[{"embeddable":true,"href":"https:\/\/grandepremio.com\/es\/wp-json\/wp\/v2\/media\/1010401544"}],"wp:attachment":[{"href":"https:\/\/grandepremio.com\/es\/wp-json\/wp\/v2\/media?parent=1186"}],"wp:term":[{"taxonomy":"category","embeddable":true,"href":"https:\/\/grandepremio.com\/es\/wp-json\/wp\/v2\/categories?post=1186"},{"taxonomy":"post_tag","embeddable":true,"href":"https:\/\/grandepremio.com\/es\/wp-json\/wp\/v2\/tags?post=1186"},{"taxonomy":"42wp_author","embeddable":true,"href":"https:\/\/grandepremio.com\/es\/wp-json\/wp\/v2\/42wp_author?post=1186"}],"curies":[{"name":"wp","href":"https:\/\/api.w.org\/{rel}","templated":true}]}}