{"id":11870,"date":"2024-09-09T11:08:47","date_gmt":"2024-09-09T14:08:47","guid":{"rendered":"https:\/\/grandepremio.com\/es\/2024\/09\/09\/pramac-defiende-martin-tras-error-estrategia-misano-motogp-2024\/"},"modified":"2024-09-09T11:08:53","modified_gmt":"2024-09-09T14:08:53","slug":"pramac-defiende-martin-tras-error-estrategia-misano-motogp-2024","status":"publish","type":"post","link":"https:\/\/grandepremio.com\/es\/motogp\/pramac-defiende-martin-tras-error-estrategia-misano-motogp-2024\/","title":{"rendered":"Pramac defiende a Mart\u00edn tras su error de estrategia en Misano: \u00abIntent\u00f3 lo mejor\u00bb"},"content":{"rendered":"\n<p class=\"wp-block-paragraph\">La lluvia jug\u00f3 un interesante papel durante el <strong>GP de San Marino<\/strong> del pasado domingo, cuando apareci\u00f3 brevemente y desorden\u00f3 la parrilla de <strong>MotoGP<\/strong>. Uno de los pilotos m\u00e1s afectados fue <strong>Jorge Mart\u00edn<\/strong>, que rodaba segundo pero quiso atreverse con su estrategia y entr\u00f3 en boxes para cambiar de moto. El plan no le funcion\u00f3 al todav\u00eda l\u00edder del campeonato, que s\u00f3lo pudo terminar 15\u00ba.<\/p>\n\n\n\n<p class=\"wp-block-paragraph\">Tras la etapa de <strong>Misano<\/strong>, <strong>Pramac <\/strong>intent\u00f3 justificar la atrevida estrategia del espa\u00f1ol mientras sus principales rivales permanec\u00edan en pista sin cambiar de moto. El jefe del equipo, <strong>Gino Borsoi<\/strong>, busc\u00f3 respuestas al error en la carrera principal del fin de semana.<\/p>\n\n\n\n<p class=\"wp-block-paragraph\">\u00abDe vez en cuando no se puede ser perfecto, \u00bfqu\u00e9 m\u00e1s puedo decir? Jorge intent\u00f3 hacerlo lo mejor posible en cada momento. Hoy no ha sido el mejor. Si hubiera llovido un poco m\u00e1s, habr\u00eda sido un fen\u00f3meno. Con esta llovizna, ha sido un error, es todo lo que puedo decir\u00bb, declar\u00f3.<\/p>\n\n\n\n<p class=\"wp-block-paragraph\">\ud83d\udfe5\u00a0<strong><em>\u00a1Todas las novedades te esperan en el canal de\u00a0<\/em><\/strong><a href=\"https:\/\/www.youtube.com\/@GrandePremioES\" target=\"_blank\" rel=\"noreferrer noopener\"><em>YouTube<\/em><\/a><strong><em>\u00a0de Grande Pr\u00eamio en Espa\u00f1ol!<\/em><\/strong>\u00a0\ud83d\udfe8<\/p>\n\n\n\n<figure class=\"wp-block-image size-large\"><img decoding=\"async\" src=\"https:\/\/grandepremio.com\/cdn-cgi\/image\/width=893,height=558,fit=contain,gravity=0.5x0.5,quality=75,format=webp\/es\/wp-content\/uploads\/2024\/09\/martin-1024x683.jpg\" alt=\"\" class=\"wp-image-253552\"\/><figcaption class=\"wp-element-caption\">Jorge Martin solo pudo rescatar un punto y la ventaja con Bagnaia cay\u00f3 en el Mundial de Pilotos. (Foto: Red Bull Content Pool)<\/figcaption><\/figure>\n\n\n\n<p class=\"wp-block-paragraph\">\u23e9\u00a0<em><strong>\u00a1Seguinos en redes por\u00a0<\/strong><\/em><a href=\"https:\/\/twitter.com\/grandepremioES\" target=\"_blank\" rel=\"noreferrer noopener\"><em>Twitter\u00a0<\/em><\/a><em><strong>e\u00a0<\/strong><\/em><a href=\"https:\/\/www.instagram.com\/grandepremioes\/\" target=\"_blank\" rel=\"noreferrer noopener\"><em>Instagram!<\/em><\/a><br><strong>\u23e9<\/strong>\u00a0<em><strong>Adem\u00e1s, tenemos nuestro\u00a0<\/strong><\/em><a href=\"https:\/\/whatsapp.com\/channel\/0029VaDZ5zb0gcfDxuwxBM05\" target=\"_blank\" rel=\"noreferrer noopener\"><em>canal de Whatsapp<\/em><\/a><em><strong>\u00a0con toda la informaci\u00f3n al instante<\/strong><\/em>\u00a0\ud83c\udfc1<\/p>\n\n\n\n<p class=\"wp-block-paragraph\">\u00abSigo convencido de que ha dado un gran paso adelante este a\u00f1o y lo ha estado demostrando todo el tiempo. Es el l\u00edder del campeonato, as\u00ed que en otras carreras debe haberlo hecho todo bien. No es que se haya convertido en alguien a quien no le sale nada bien en una carrera\u00bb, a\u00f1adi\u00f3.<\/p>\n\n\n\n<p class=\"wp-block-paragraph\">Preguntado sobre si Mart\u00edn deber\u00eda haber seguido los pasos de su rival <strong>Francesco Bagnaia<\/strong>, que lideraba la carrera en el momento de la lluvia y segu\u00eda corriendo en casa, Borsoi admiti\u00f3 que habr\u00eda sido la mejor oportunidad para el piloto espa\u00f1ol.<\/p>\n\n\n\n<p class=\"wp-block-paragraph\">\u00abSon cosas que todo el mundo sabe, y \u00e9l tambi\u00e9n. Pero luego te subes a la moto y la carrera tiene una din\u00e1mica determinada. No est\u00e1bamos en la pista en ese momento, probablemente juzg\u00f3 que la cantidad de agua que ca\u00eda era mayor que antes y tom\u00f3 una decisi\u00f3n\u00bb, concluy\u00f3.<\/p>\n\n\n\n<p class=\"wp-block-paragraph\">El <strong>MotoGP <\/strong>vuelve a la acci\u00f3n entre el 20 y el 22 de septiembre con el<strong> GP de Emilia Roma\u00f1a<\/strong>, de nuevo en <strong>Misano<\/strong>, para la 14\u00aa prueba de la temporada 2024.<\/p>\n","protected":false},"excerpt":{"rendered":"<p>El jefe del Pramac, Gino Borsoi, lament\u00f3 el mal resultado de Jorge Mart\u00edn en el GP de San Marino. El espa\u00f1ol se fue solo bajo la lluvia durante la carrera y cambi\u00f3 de moto, pero la pista se sec\u00f3 r\u00e1pidamente y le releg\u00f3 a una humilde 15\u00aa plaza.<\/p>\n","protected":false},"author":0,"featured_media":1010253463,"comment_status":"closed","ping_status":"closed","sticky":false,"template":"","format":"standard","meta":{"42wp_featured_image_caption":"","42wp_featured_image_credits":"","42wp_featured_video":"","42wp_featured_image_hidden":false,"42wp_authors_list":[],"footnotes":""},"categories":[8],"tags":[10268,10668,9454,1293,2254,1363],"42wp_author":[14240],"class_list":["post-11870","post","type-post","status-publish","format-standard","has-post-thumbnail","hentry","category-motogp","tag-gino-borsoi","tag-gp-emilia-romana-2","tag-jorge-martn","tag-motogp","tag-motogp-2024","tag-pramac","42wp_author-ignacio-bogado"],"_links":{"self":[{"href":"https:\/\/grandepremio.com\/es\/wp-json\/wp\/v2\/posts\/11870","targetHints":{"allow":["GET"]}}],"collection":[{"href":"https:\/\/grandepremio.com\/es\/wp-json\/wp\/v2\/posts"}],"about":[{"href":"https:\/\/grandepremio.com\/es\/wp-json\/wp\/v2\/types\/post"}],"replies":[{"embeddable":true,"href":"https:\/\/grandepremio.com\/es\/wp-json\/wp\/v2\/comments?post=11870"}],"version-history":[{"count":0,"href":"https:\/\/grandepremio.com\/es\/wp-json\/wp\/v2\/posts\/11870\/revisions"}],"wp:featuredmedia":[{"embeddable":true,"href":"https:\/\/grandepremio.com\/es\/wp-json\/wp\/v2\/media\/1010253463"}],"wp:attachment":[{"href":"https:\/\/grandepremio.com\/es\/wp-json\/wp\/v2\/media?parent=11870"}],"wp:term":[{"taxonomy":"category","embeddable":true,"href":"https:\/\/grandepremio.com\/es\/wp-json\/wp\/v2\/categories?post=11870"},{"taxonomy":"post_tag","embeddable":true,"href":"https:\/\/grandepremio.com\/es\/wp-json\/wp\/v2\/tags?post=11870"},{"taxonomy":"42wp_author","embeddable":true,"href":"https:\/\/grandepremio.com\/es\/wp-json\/wp\/v2\/42wp_author?post=11870"}],"curies":[{"name":"wp","href":"https:\/\/api.w.org\/{rel}","templated":true}]}}