{"id":11934,"date":"2024-09-04T11:37:26","date_gmt":"2024-09-04T14:37:26","guid":{"rendered":"https:\/\/grandepremio.com\/es\/2024\/09\/04\/campeon-de-f2-pourchaire-cuestiona-llegada-de-colapinto-a-la-f1-2024\/"},"modified":"2024-09-04T11:39:06","modified_gmt":"2024-09-04T14:39:06","slug":"campeon-de-f2-pourchaire-cuestiona-llegada-de-colapinto-a-la-f1-2024","status":"publish","type":"post","link":"https:\/\/grandepremio.com\/es\/f1\/campeon-de-f2-pourchaire-cuestiona-llegada-de-colapinto-a-la-f1-2024\/","title":{"rendered":"Campe\u00f3n de F2, Pourchaire cuestiona llegada de Colapinto a la F1: &#8220;Es injusto&#8221;"},"content":{"rendered":"\n<p class=\"wp-block-paragraph\">\u00daltimo campe\u00f3n de la <strong>F\u00f3rmula 2<\/strong> en <strong>2023 <\/strong>con el equipo <strong>ART<\/strong>, <strong>Theo Pourchaire<\/strong> aguarda un asiento libre en <strong>F\u00f3rmula 1 <\/strong>para dar el salto a la m\u00e1xima categor\u00eda, as\u00ed como le sucede a <strong>Felipe Drugovich<\/strong>, campe\u00f3n en <strong>2022<\/strong>. <a href=\"https:\/\/grandepremio.com\/es\/f1\/franco-colapinto-sustituto-logan-sargeant-williams-f1-2024\/\">La llegada de <strong>Franco Colapinto<\/strong> para el resto del campeonato <strong>2024<\/strong> de <strong>F1 <\/strong>con <strong>Williams<\/strong><\/a><strong> <\/strong>cuando el argentino no lleg\u00f3 a completar su primer a\u00f1o en F2, despert\u00f3 cr\u00edticas en el piloto franc\u00e9s.<\/p>\n\n\n\n<p class=\"wp-block-paragraph\">&#8220;Desde fuera si est\u00e1s en mi posici\u00f3n, parece injusto, como creo que es injusto para Drugovich, por ejemplo, que gan\u00f3 el t\u00edtulo. Pero as\u00ed es el mundo de la F1&#8221;, declar\u00f3 en una entrevista con <em>Motorsport.com<\/em>.<\/p>\n\n\n\n<p class=\"wp-block-paragraph\">Consultado sobre la importancia de haber ganado el campeonato de la categor\u00eda antesala a la F1, el franc\u00e9s asegur\u00f3 que trat\u00f3 de hacer lo mejor posible en la pista y espera que eso tenga influencia en el futuro para conseguir una oportunidad.<\/p>\n\n\n\n<p class=\"wp-block-paragraph\">&#8220;He dado lo mejor de m\u00ed en la pista. Seguro que hay gente que dice que ganar el campeonato en el tercer a\u00f1o en F2 no est\u00e1 muy bien, pero yo lo gan\u00e9 cuando ten\u00eda 20 a\u00f1os. Soy el ganador de carreras m\u00e1s joven de la historia en F2 y F3, as\u00ed que no tengo que demostrar nada en la pista. S\u00f3lo necesito una oportunidad&#8221;, a\u00f1adi\u00f3.<\/p>\n\n\n\n<p class=\"wp-block-paragraph\">\ud83d\udfe5\u00a0<strong><em>\u00a1Todas las novedades te esperan en el canal de\u00a0<\/em><\/strong><a href=\"https:\/\/www.youtube.com\/@GrandePremioES\" target=\"_blank\" rel=\"noreferrer noopener\"><em>YouTube<\/em><\/a><strong><em>\u00a0de Grande Pr\u00eamio en Espa\u00f1ol!<\/em><\/strong>\u00a0\ud83d\udfe8<\/p>\n\n\n\n<figure class=\"wp-block-image size-large\"><img decoding=\"async\" src=\"https:\/\/grandepremio.com\/es\/wp-content\/uploads\/2024\/08\/Pourchaire-1024x683.jpg\" alt=\"\" class=\"wp-image-250857\"\/><figcaption class=\"wp-element-caption\">Theo Pourchaire dio el salto a Indycar, pero fue despedido por McLaren tras cuatro carreras. (Foto: IndyCar)<\/figcaption><\/figure>\n\n\n\n<p class=\"wp-block-paragraph\">\u23e9\u00a0<em><strong>\u00a1Seguinos en redes por\u00a0<\/strong><\/em><a href=\"https:\/\/twitter.com\/grandepremioES\" target=\"_blank\" rel=\"noreferrer noopener\"><em>Twitter\u00a0<\/em><\/a><em><strong>e\u00a0<\/strong><\/em><a href=\"https:\/\/www.instagram.com\/grandepremioes\/\" target=\"_blank\" rel=\"noreferrer noopener\"><em>Instagram!<\/em><\/a><br><strong>\u23e9<\/strong>\u00a0<em><strong>Adem\u00e1s, tenemos nuestro\u00a0<\/strong><\/em><a href=\"https:\/\/whatsapp.com\/channel\/0029VaDZ5zb0gcfDxuwxBM05\" target=\"_blank\" rel=\"noreferrer noopener\"><em>canal de Whatsapp<\/em><\/a><em><strong>\u00a0con toda la informaci\u00f3n al instante<\/strong><\/em>\u00a0\ud83c\udfc1<\/p>\n\n\n\n<p class=\"wp-block-paragraph\">Pourchaire tambi\u00e9n reconoci\u00f3 que el rendimiento en la pista no es suficiente y acus\u00f3 la falta de apoyo de patrocinadores que le abran la puerta en el gran circo. &#8220;Estoy en un punto en el que no tengo grandes patrocinadores que me sigan. No tengo dinero para poner sobre la mesa. Tengo que ser honesto. As\u00ed que s\u00f3lo soy un campe\u00f3n de F\u00f3rmula 2&#8221;, confes\u00f3.<\/p>\n\n\n\n<p class=\"wp-block-paragraph\">El franc\u00e9s se encuentra en una situaci\u00f3n en la que no tiene un asiento definido en alg\u00fan otro campeonato. Inici\u00f3 el <strong>2024 <\/strong>con el foco en la <strong>Super F\u00f3rmula Japonesa<\/strong>, pero dej\u00f3 el proyecto para sumarse a <strong>McLaren <\/strong>en <strong>Indycar <\/strong>sustituyendo al lesionado <strong>David Malukas<\/strong>. Sin embargo, luego de cuatro competencias<a href=\"https:\/\/grandepremio.com\/es\/indy\/mclaren-despide-pourchaire-firma-multinanual-siegel\/\"> fue despedido del equipo de <strong>Zak Brown<\/strong> en la categor\u00eda estadounidense<\/a>.<\/p>\n\n\n\n<p class=\"wp-block-paragraph\">En el <strong>Gran Premio de Italia<\/strong> del \u00faltimo fin de semana, se lo pudo ver a Pourchaire en el paddock de <strong>Monza <\/strong>y habl\u00f3 sobre su regreso a los boxes de la F\u00f3rmula 1. &#8220;Estoy feliz de estar aqu\u00ed de nuevo en el paddock. Realmente espero tener mi oportunidad alg\u00fan d\u00eda. Estoy dispuesto a darlo todo. S\u00f3lo pido mi oportunidad en un coche&#8221;, finaliz\u00f3.<\/p>\n\n\n\n<p class=\"wp-block-paragraph\">La\u00a0<strong>F\u00f3rmula 1<\/strong>\u00a0vuelve ahora a la pista entre el 13 y el 15 de septiembre para el\u00a0<strong>Gran Premio de Azerbaiy\u00e1n<\/strong>\u00a0en\u00a0<strong>Bak\u00fa<\/strong>.<\/p>\n\n\n\n<figure class=\"wp-block-embed is-type-video is-provider-youtube wp-block-embed-youtube wp-embed-aspect-16-9 wp-has-aspect-ratio\"><div class=\"wp-block-embed__wrapper\">\n<iframe loading=\"lazy\" title=\"LAS CLAVES DEL AUSPICIOSO DEBUT DE COLAPINTO EN F1\" width=\"500\" height=\"281\" src=\"https:\/\/www.youtube.com\/embed\/l0c9epifous?feature=oembed\" frameborder=\"0\" allow=\"accelerometer; autoplay; clipboard-write; encrypted-media; gyroscope; picture-in-picture; web-share\" referrerpolicy=\"strict-origin-when-cross-origin\" allowfullscreen><\/iframe>\n<\/div><\/figure>\n","protected":false},"excerpt":{"rendered":"<p>Theo Pourchaire, \u00faltimo campe\u00f3n de F\u00f3rmula 2, calific\u00f3 cono injusto la llegada a F1 de pilotos como Antonelli o Colapinto, ya que no tienen los mismos logros que \u00e9l y a\u00fan espera una oportunidad.<\/p>\n","protected":false},"author":0,"featured_media":1010242569,"comment_status":"closed","ping_status":"closed","sticky":false,"template":"","format":"standard","meta":{"42wp_featured_image_caption":"","42wp_featured_image_credits":"","42wp_featured_video":"","42wp_featured_image_hidden":false,"42wp_authors_list":[],"footnotes":""},"categories":[5],"tags":[4589,2249,256,179,211,814,673,310,645,10805,1324,204],"42wp_author":[14240],"class_list":["post-11934","post","type-post","status-publish","format-standard","has-post-thumbnail","hentry","category-f1","tag-art-grand-prix","tag-f1-2024","tag-felipe-drugovich","tag-formula-1","tag-formula-2","tag-franco-colapinto","tag-gp-de-italia","tag-indycar","tag-monza","tag-super-formula-japonesa-2","tag-theo-pourchaire-2","tag-williams","42wp_author-ignacio-bogado"],"_links":{"self":[{"href":"https:\/\/grandepremio.com\/es\/wp-json\/wp\/v2\/posts\/11934","targetHints":{"allow":["GET"]}}],"collection":[{"href":"https:\/\/grandepremio.com\/es\/wp-json\/wp\/v2\/posts"}],"about":[{"href":"https:\/\/grandepremio.com\/es\/wp-json\/wp\/v2\/types\/post"}],"replies":[{"embeddable":true,"href":"https:\/\/grandepremio.com\/es\/wp-json\/wp\/v2\/comments?post=11934"}],"version-history":[{"count":0,"href":"https:\/\/grandepremio.com\/es\/wp-json\/wp\/v2\/posts\/11934\/revisions"}],"wp:featuredmedia":[{"embeddable":true,"href":"https:\/\/grandepremio.com\/es\/wp-json\/wp\/v2\/media\/1010242569"}],"wp:attachment":[{"href":"https:\/\/grandepremio.com\/es\/wp-json\/wp\/v2\/media?parent=11934"}],"wp:term":[{"taxonomy":"category","embeddable":true,"href":"https:\/\/grandepremio.com\/es\/wp-json\/wp\/v2\/categories?post=11934"},{"taxonomy":"post_tag","embeddable":true,"href":"https:\/\/grandepremio.com\/es\/wp-json\/wp\/v2\/tags?post=11934"},{"taxonomy":"42wp_author","embeddable":true,"href":"https:\/\/grandepremio.com\/es\/wp-json\/wp\/v2\/42wp_author?post=11934"}],"curies":[{"name":"wp","href":"https:\/\/api.w.org\/{rel}","templated":true}]}}