{"id":11949,"date":"2024-09-03T14:01:08","date_gmt":"2024-09-03T17:01:08","guid":{"rendered":"https:\/\/grandepremio.com\/es\/2024\/09\/03\/formula-e-confirma-traslado-diriyah-jeddah-2025\/"},"modified":"2024-09-03T14:01:14","modified_gmt":"2024-09-03T17:01:14","slug":"formula-e-confirma-traslado-diriyah-jeddah-2025","status":"publish","type":"post","link":"https:\/\/grandepremio.com\/es\/formula-e\/formula-e-confirma-traslado-diriyah-jeddah-2025\/","title":{"rendered":"La F\u00f3rmula E confirma su traslado de Diriyah al callejero de Jeddah de F1 para 2025"},"content":{"rendered":"\n<p class=\"wp-block-paragraph\">En la jornada de este martes la <strong>F\u00f3rmula E<\/strong> confirm\u00f3 lo que era un secreto a voces y competir\u00e1 en una versi\u00f3n modificada del callejero de <strong>Jeddah<\/strong> de la <strong>F\u00f3rmula 1<\/strong> para la doble fecha en<strong> Arabia Saudita<\/strong> del 14 y 15 de febrero de 2025, en la continuidad de la temporada 11.<\/p>\n\n\n\n<p class=\"wp-block-paragraph\">Hay que recordar que los alrededores de la pista de <strong>Diriyah<\/strong>, localizada en las afueras de Riad, la capital saud\u00ed, por lo que era esperado el cambio de locaci\u00f3n para el a\u00f1o venidero. De esta forma, la categor\u00eda el\u00e9ctrica utilizar\u00e1 una cuarta pista para su calendario que ya est\u00e1 en la F1: el <strong>Aut\u00f3dromo Hermanos Rodr\u00edguez<\/strong>, M\u00f3naco, Shanghai y ahora Jeddah.<\/p>\n\n\n\n<p class=\"wp-block-paragraph\">\ud83d\udfe5&nbsp;<strong><em>\u00a1Todas las novedades te esperan en el canal de&nbsp;<\/em><\/strong><a href=\"https:\/\/www.youtube.com\/@GrandePremioES\" target=\"_blank\" rel=\"noreferrer noopener\"><em>YouTube<\/em><\/a><strong><em>&nbsp;de Grande Pr\u00eamio en Espa\u00f1ol!<\/em><\/strong>&nbsp;\ud83d\udfe8<\/p>\n\n\n\n<p class=\"wp-block-paragraph\">La pista del <strong>Jeddah Corniche Circuit<\/strong> tiene una extensi\u00f3n de 6.1 kil\u00f3metros y 27 curvas, aunque esta no ser\u00e1 el dise\u00f1o que los <strong>Gen3 Evo<\/strong> transitar\u00e1n desde 2025. Si bien no se dio a conocer, se dise\u00f1\u00f3 una variante de 3.4 kil\u00f3metros y 12 curvas que ya us\u00f3 el desaparecido WTCR para su evento final en 2022.<\/p>\n\n\n\n<figure class=\"wp-block-image size-full\"><img decoding=\"async\" src=\"https:\/\/grandepremio.com\/es\/wp-content\/uploads\/2024\/09\/arabia-saudita-2024-f1-corrida-mclaren-oscar-piastri-01-1024x683-1.jpg\" alt=\"\" class=\"wp-image-253164\"\/><figcaption class=\"wp-element-caption\">Jeddah acoge la F\u00f3rmula 1 desde 2021. En 2025, ser\u00e1 el turno de la F\u00f3rmula E (Foto: McLaren)<\/figcaption><\/figure>\n\n\n\n<p class=\"wp-block-paragraph\">Un factor en com\u00fan entre Diriyah y Jeddah es que ambos circuitos celebran carreras nocturnas, por lo que no habr\u00e1 problemas en mantener ese estatus para las carreras de la F\u00f3rmula E en suelo saud\u00ed. M\u00e1s all\u00e1 de esto, se tiene que aprobar el circuito en el pr\u00f3ximo <strong>Consejo Mundial de Deporte Motor<\/strong> de la <strong>FIA<\/strong>, que ser\u00e1 en octubre.<\/p>\n\n\n\n<p class=\"wp-block-paragraph\"><strong>&#8220;El traslado a Jeddah refleja el compromiso de la F\u00f3rmula E con la innovaci\u00f3n y la sostenibilidad y est\u00e1 en l\u00ednea con la visi\u00f3n de Arabia Saud\u00ed para el futuro del deporte en el Reino&#8221;<\/strong>, se puede leer en una descripci\u00f3n discreta de la categor\u00eda.<\/p>\n\n\n\n<p class=\"wp-block-paragraph\">\u23e9&nbsp;<em><strong>\u00a1Seguinos en redes por&nbsp;<\/strong><\/em><a href=\"https:\/\/twitter.com\/grandepremioES\" target=\"_blank\" rel=\"noreferrer noopener\"><em>Twitter&nbsp;<\/em><\/a><em><strong>e&nbsp;<\/strong><\/em><a href=\"https:\/\/www.instagram.com\/grandepremioes\/\" target=\"_blank\" rel=\"noreferrer noopener\"><em>Instagram!<\/em><\/a><br><strong>\u23e9<\/strong>&nbsp;<em><strong>Adem\u00e1s, tenemos nuestro&nbsp;<\/strong><\/em><a href=\"https:\/\/whatsapp.com\/channel\/0029VaDZ5zb0gcfDxuwxBM05\" target=\"_blank\" rel=\"noreferrer noopener\"><em>canal de Whatsapp<\/em><\/a><em><strong>&nbsp;con toda la informaci\u00f3n al instante<\/strong><\/em>&nbsp;\ud83c\udfc1<\/p>\n\n\n\n<p class=\"wp-block-paragraph\">La F\u00f3rmula E no volver\u00e1 a la actividad en pista hasta el 4 y el 7 de noviembre, con los tests colectivos de pretemporada en el circuito espa\u00f1ol de Valencia. La temporada 2024\/25 arrancar\u00e1 con el <strong>eP de S\u00e3o Paulo<\/strong>, previsto para el fin de semana del 7 de diciembre.<\/p>\n\n\n\n<figure class=\"wp-block-embed is-type-video is-provider-youtube wp-block-embed-youtube wp-embed-aspect-16-9 wp-has-aspect-ratio\"><div class=\"wp-block-embed__wrapper\">\n<iframe loading=\"lazy\" title=\"GP DE ITALIA - EL RESUMEN\" width=\"500\" height=\"281\" src=\"https:\/\/www.youtube.com\/embed\/CQGaDlW7zU0?start=6&amp;feature=oembed\" frameborder=\"0\" allow=\"accelerometer; autoplay; clipboard-write; encrypted-media; gyroscope; picture-in-picture; web-share\" referrerpolicy=\"strict-origin-when-cross-origin\" allowfullscreen><\/iframe>\n<\/div><\/figure>\n","protected":false},"excerpt":{"rendered":"<p>Con las obras en marcha en torno a la pista de Diriyah, la F\u00f3rmula E se trasladar\u00e1 al callejero de Jeddah para la ronda en Arabia Saudita y ser\u00e1, con alguna variante, la misma pista que utiliza la F\u00f3rmula 1 desde la temporada 2021.<\/p>\n","protected":false},"author":0,"featured_media":1010253162,"comment_status":"closed","ping_status":"closed","sticky":false,"template":"","format":"standard","meta":{"42wp_featured_image_caption":"","42wp_featured_image_credits":"","42wp_featured_video":"","42wp_featured_image_hidden":false,"42wp_authors_list":[],"footnotes":""},"categories":[18],"tags":[1297,1826,9596,2145,5221,263,179,462,10181,1813],"42wp_author":[14237],"class_list":["post-11949","post","type-post","status-publish","format-standard","has-post-thumbnail","hentry","category-formula-e","tag-arabia-saudita","tag-autodromo-hermanos-rodriguez","tag-consejo-mundial-de-deporte-motor","tag-diriyah","tag-ep-de-sao-paulo","tag-fia","tag-formula-1","tag-formula-e","tag-gen3-evo","tag-jeddah","42wp_author-gabriel-garcia"],"_links":{"self":[{"href":"https:\/\/grandepremio.com\/es\/wp-json\/wp\/v2\/posts\/11949","targetHints":{"allow":["GET"]}}],"collection":[{"href":"https:\/\/grandepremio.com\/es\/wp-json\/wp\/v2\/posts"}],"about":[{"href":"https:\/\/grandepremio.com\/es\/wp-json\/wp\/v2\/types\/post"}],"replies":[{"embeddable":true,"href":"https:\/\/grandepremio.com\/es\/wp-json\/wp\/v2\/comments?post=11949"}],"version-history":[{"count":0,"href":"https:\/\/grandepremio.com\/es\/wp-json\/wp\/v2\/posts\/11949\/revisions"}],"wp:featuredmedia":[{"embeddable":true,"href":"https:\/\/grandepremio.com\/es\/wp-json\/wp\/v2\/media\/1010253162"}],"wp:attachment":[{"href":"https:\/\/grandepremio.com\/es\/wp-json\/wp\/v2\/media?parent=11949"}],"wp:term":[{"taxonomy":"category","embeddable":true,"href":"https:\/\/grandepremio.com\/es\/wp-json\/wp\/v2\/categories?post=11949"},{"taxonomy":"post_tag","embeddable":true,"href":"https:\/\/grandepremio.com\/es\/wp-json\/wp\/v2\/tags?post=11949"},{"taxonomy":"42wp_author","embeddable":true,"href":"https:\/\/grandepremio.com\/es\/wp-json\/wp\/v2\/42wp_author?post=11949"}],"curies":[{"name":"wp","href":"https:\/\/api.w.org\/{rel}","templated":true}]}}