{"id":11955,"date":"2024-09-03T11:03:15","date_gmt":"2024-09-03T14:03:15","guid":{"rendered":"https:\/\/grandepremio.com\/es\/2024\/09\/03\/nissan-evaluar-opciones-reemplazar-fenestraz-formula-e-2025\/"},"modified":"2024-09-03T11:03:24","modified_gmt":"2024-09-03T14:03:24","slug":"nissan-evaluar-opciones-reemplazar-fenestraz-formula-e-2025","status":"publish","type":"post","link":"https:\/\/grandepremio.com\/es\/formula-e\/nissan-evaluar-opciones-reemplazar-fenestraz-formula-e-2025\/","title":{"rendered":"Nissan comienza a evaluar opciones para reemplazar a Fenestraz para la F\u00f3rmula E 2025"},"content":{"rendered":"\n<p class=\"wp-block-paragraph\">Si bien el propio <strong>Sacha Fenestraz<\/strong> hab\u00eda confirmado <a href=\"https:\/\/grandepremio.com\/es\/formula-e\/sacha-fenestraz-continuidad-formula-e-2024\/\" target=\"_blank\" rel=\"noreferrer noopener\">su continuidad<\/a> con <strong>Nissan<\/strong> en la <strong>F\u00f3rmula E<\/strong> para la und\u00e9cima temporada, que comenzar\u00e1 en diciembre con el <strong>eP de Sao Paulo<\/strong>, el fabricante japon\u00e9s ya eval\u00faa opciones para su reemplazo de manera inmediata.<\/p>\n\n\n\n<p class=\"wp-block-paragraph\">Es que la temporada 2024 en la categor\u00eda el\u00e9ctrica para el piloto franco-argentino fue una aut\u00e9ntica pesadilla en t\u00e9rminos de resultados: acab\u00f3 los \u00faltimos tres eventos del a\u00f1o sin poder sumar puntos, por lo que se agrand\u00f3 la diferencia en el campeonato con<strong> Oliver Rowland<\/strong>, que acab\u00f3 cuarto, con triunfo incluido en el cierre de temporada en el <strong>eP de Londres<\/strong>.<\/p>\n\n\n\n<p class=\"wp-block-paragraph\">\ud83d\udfe5&nbsp;<strong><em>\u00a1Todas las novedades te esperan en el canal de&nbsp;<\/em><\/strong><a href=\"https:\/\/www.youtube.com\/@GrandePremioES\" target=\"_blank\" rel=\"noreferrer noopener\"><em>YouTube<\/em><\/a><strong><em>&nbsp;de Grande Pr\u00eamio en Espa\u00f1ol!<\/em><\/strong>&nbsp;\ud83d\udfe8<\/p>\n\n\n\n<p class=\"wp-block-paragraph\">Mientras que Sacha solo termin\u00f3 17mo, y con escasos finales en los puntos, la informaci\u00f3n proveniente de<em> The Race<\/em> es que <strong>Norman Nato <\/strong>ser\u00eda uno de los candidatos a reemplazar a Fenestraz para 2025, aunque, se reporta que podr\u00eda haber firmado un contrato para ser piloto de<strong> Cadillac<\/strong> con Jota en el <strong>Mundial de Resistencia<\/strong>.<\/p>\n\n\n\n<p class=\"wp-block-paragraph\">Hay que recordar que hay una coincidencia en el calendario de la F\u00f3rmula E y del WEC en julio del a\u00f1o que viene: la categor\u00eda el\u00e9ctrica correr\u00e1 en Berl\u00edn el mismo fin de semana de las <strong>6 horas de Sao Paulo<\/strong>, lo que, en opini\u00f3n de <em>Sam Smith<\/em>, complicar\u00eda un doble programa por la prioridad de Cadillac sobre Nissan. Aun as\u00ed, inform\u00f3 que el manager de Nato, <strong>Tiago Monteiro<\/strong>, negocia el regreso del franc\u00e9s a la casa japonesa.<\/p>\n\n\n\n<figure class=\"wp-block-image size-large\"><img decoding=\"async\" src=\"https:\/\/grandepremio.com\/es\/wp-content\/uploads\/2024\/05\/Sacha-chn-1024x576.jpg\" alt=\"\" class=\"wp-image-242053\"\/><figcaption class=\"wp-element-caption\">Sacha Fenestraz no sum\u00f3 puntos en el doble eP de Shanghai. (Foto: Nissan)<\/figcaption><\/figure>\n\n\n\n<p class=\"wp-block-paragraph\">Adem\u00e1s de Nato, que ser\u00eda el principal candidato a ocupar la segunda butaca, el citado medio menciona que<strong> Victor Martins<\/strong>, <strong>Caio Collet<\/strong> y <strong>Sergio Sette Camara<\/strong> est\u00e1n siendo considerados en el caso de que Norman no pueda cerrar el acuerdo. El brasile\u00f1o ya corri\u00f3 en la doble fecha de Portland por la enfermedad de Rowland y clasific\u00f3 delante de Fenestraz en una de las carreras.<\/p>\n\n\n\n<p class=\"wp-block-paragraph\">Sobre su contrato, estas hab\u00edan sido las declaraciones de Sacha en una entrevista con el medio \u201c<em>Coraz\u00f3n de F1\u201d <\/em>hace casi un mes: <strong>\u201cPara ser honesto, tuve un riesgo muy alto de perder el asiento, y eso no me ayudo psicol\u00f3gicamente porque ten\u00eda que mejorar los resultados y fue m\u00e1s dif\u00edcil todo, el contrato es hasta finales de 2026, as\u00ed que, veremos, si todo va bien seguiremos con el equipo. El potencial y el talento est\u00e1, saben que hay altos y bajos, confiamos en que se pueda dar mejor el a\u00f1o que viene. El riesgo estaba en que la gente importante de Nissan ve\u00eda la diferencia de resultados (con Rowland) y eso les hizo dudar\u201d.<\/strong><\/p>\n\n\n\n<p class=\"wp-block-paragraph\">Tras haber concluido junto a su madre el <strong><a href=\"https:\/\/grandepremio.com\/es\/sertoes\/fenestraz-completa-su-primera-participacion-en-el-rally-dos-sertoes-junto-a-su-madre\/\" target=\"_blank\" rel=\"noreferrer noopener\">Rally dos Sertoes<\/a> <\/strong>a bordo de un UTV, Smith inform\u00f3 que el piloto criado en C\u00f3rdoba ya busca opciones en otros equipos de la F\u00f3rmula E y considera entre sus posibilidades un regreso a Jap\u00f3n, donde corri\u00f3 en la<strong> Super F\u00f3rmula <\/strong>y en el <strong>SuperGT<\/strong>, en ambas categor\u00edas con un triunfo en la temporada 2022, en la segunda de ellas junto a Ritomo Miyata. The Race dio a conocer que un anuncio de Nissan sobre esto ser\u00eda inminente.<\/p>\n\n\n\n<p class=\"wp-block-paragraph\">\u23e9&nbsp;<em><strong>\u00a1Seguinos en redes por&nbsp;<\/strong><\/em><a href=\"https:\/\/twitter.com\/grandepremioES\" target=\"_blank\" rel=\"noreferrer noopener\"><em>Twitter&nbsp;<\/em><\/a><em><strong>e&nbsp;<\/strong><\/em><a href=\"https:\/\/www.instagram.com\/grandepremioes\/\" target=\"_blank\" rel=\"noreferrer noopener\"><em>Instagram!<\/em><\/a><br><strong>\u23e9<\/strong>&nbsp;<em><strong>Adem\u00e1s, tenemos nuestro&nbsp;<\/strong><\/em><a href=\"https:\/\/whatsapp.com\/channel\/0029VaDZ5zb0gcfDxuwxBM05\" target=\"_blank\" rel=\"noreferrer noopener\"><em>canal de Whatsapp<\/em><\/a><em><strong>&nbsp;con toda la informaci\u00f3n al instante<\/strong><\/em>&nbsp;\ud83c\udfc1<\/p>\n\n\n\n<p class=\"wp-block-paragraph\">La F\u00f3rmula E comenzar\u00e1 con su temporada 11 el 7 de diciembre con el eP de Sao Paulo en el Samb\u00f3dromo de Anhemb\u00ed.<\/p>\n\n\n\n<figure class=\"wp-block-embed is-type-video is-provider-youtube wp-block-embed-youtube wp-embed-aspect-16-9 wp-has-aspect-ratio\"><div class=\"wp-block-embed__wrapper\">\n<iframe loading=\"lazy\" title=\"GP DE ITALIA - EL RESUMEN\" width=\"500\" height=\"281\" src=\"https:\/\/www.youtube.com\/embed\/CQGaDlW7zU0?start=6&amp;feature=oembed\" frameborder=\"0\" allow=\"accelerometer; autoplay; clipboard-write; encrypted-media; gyroscope; picture-in-picture; web-share\" referrerpolicy=\"strict-origin-when-cross-origin\" allowfullscreen><\/iframe>\n<\/div><\/figure>\n","protected":false},"excerpt":{"rendered":"<p>De acuerdo con la informaci\u00f3n de The Race, Nissan le habr\u00eda comunicado a Sacha Fenestraz que le rescindir\u00edan el contrato que hab\u00eda firmado hasta el 2026 para hacer lugar a otro piloto como compa\u00f1ero de Oliver Rowland desde el eP de Sao Paulo 2024\/2025, a disputarse en diciembre.<\/p>\n","protected":false},"author":0,"featured_media":1010253125,"comment_status":"closed","ping_status":"closed","sticky":false,"template":"","format":"standard","meta":{"42wp_featured_image_caption":"","42wp_featured_image_credits":"","42wp_featured_video":"","42wp_featured_image_hidden":false,"42wp_authors_list":[],"footnotes":""},"categories":[18],"tags":[9609,1560,812,3132,5711,462,1830,756,3008,3186,3007,5371,9468,6689,10799,810],"42wp_author":[14237],"class_list":["post-11955","post","type-post","status-publish","format-standard","has-post-thumbnail","hentry","category-formula-e","tag-6-horas-de-sao-paulo-2","tag-cadillac","tag-caio-collet","tag-ep-de-londres","tag-ep-de-sao-paulo-2","tag-formula-e","tag-mundial-de-resistencia","tag-nissan","tag-norman-nato","tag-oliver-rowland","tag-sacha-fenestraz","tag-sergio-sette-camara","tag-super-formula-3","tag-supergt","tag-tiago-monteiro","tag-victor-martins","42wp_author-gabriel-garcia"],"_links":{"self":[{"href":"https:\/\/grandepremio.com\/es\/wp-json\/wp\/v2\/posts\/11955","targetHints":{"allow":["GET"]}}],"collection":[{"href":"https:\/\/grandepremio.com\/es\/wp-json\/wp\/v2\/posts"}],"about":[{"href":"https:\/\/grandepremio.com\/es\/wp-json\/wp\/v2\/types\/post"}],"replies":[{"embeddable":true,"href":"https:\/\/grandepremio.com\/es\/wp-json\/wp\/v2\/comments?post=11955"}],"version-history":[{"count":0,"href":"https:\/\/grandepremio.com\/es\/wp-json\/wp\/v2\/posts\/11955\/revisions"}],"wp:featuredmedia":[{"embeddable":true,"href":"https:\/\/grandepremio.com\/es\/wp-json\/wp\/v2\/media\/1010253125"}],"wp:attachment":[{"href":"https:\/\/grandepremio.com\/es\/wp-json\/wp\/v2\/media?parent=11955"}],"wp:term":[{"taxonomy":"category","embeddable":true,"href":"https:\/\/grandepremio.com\/es\/wp-json\/wp\/v2\/categories?post=11955"},{"taxonomy":"post_tag","embeddable":true,"href":"https:\/\/grandepremio.com\/es\/wp-json\/wp\/v2\/tags?post=11955"},{"taxonomy":"42wp_author","embeddable":true,"href":"https:\/\/grandepremio.com\/es\/wp-json\/wp\/v2\/42wp_author?post=11955"}],"curies":[{"name":"wp","href":"https:\/\/api.w.org\/{rel}","templated":true}]}}