{"id":1196,"date":"2026-05-18T10:48:23","date_gmt":"2026-05-18T13:48:23","guid":{"rendered":"https:\/\/grandepremio.com\/es\/2026\/05\/18\/mercedes-prohibicion-andrea-kimi-antonelli-participacion-24-horas-nurburgring\/"},"modified":"2026-05-18T10:48:42","modified_gmt":"2026-05-18T13:48:42","slug":"mercedes-prohibicion-andrea-kimi-antonelli-participacion-24-horas-nurburgring","status":"publish","type":"post","link":"https:\/\/grandepremio.com\/es\/f1\/mercedes-prohibicion-andrea-kimi-antonelli-participacion-24-horas-nurburgring\/","title":{"rendered":"Mercedes veta participaci\u00f3n de Antonelli en las 24 Horas de N\u00fcrburgring"},"content":{"rendered":"\n<p class=\"wp-block-paragraph\"><strong>Andrea Kimi Antonelli<\/strong> no podr\u00e1 participar en la pr\u00f3xima edici\u00f3n de las <strong>24 Horas de N\u00fcrburgring<\/strong>. El piloto italiano, que lidera el <strong>Campeonato de Pilotos<\/strong> de <strong>F1 <\/strong>2026, hab\u00eda expresado su intenci\u00f3n de formar parte de la tradicional carrera alemana, pero no fue autorizado por <strong>Mercedes<\/strong>.<\/p>\n\n\n\n<p class=\"wp-block-paragraph\">\ud83d\udfe5&nbsp;<strong><em>\u00a1Todas las novedades te esperan en el canal de&nbsp;<\/em><\/strong><a href=\"https:\/\/www.youtube.com\/@GrandePremioES\"><em>YouTube<\/em><\/a><strong><em>&nbsp;de Grande Pr\u00eamio en Espa\u00f1ol!<\/em><\/strong>&nbsp;\ud83d\udfe8<\/p>\n\n\n\n<p class=\"wp-block-paragraph\">La participaci\u00f3n de <strong>Max Verstappen<\/strong> en las <strong>24 Horas de N\u00fcrburgring<\/strong> aument\u00f3 notablemente el inter\u00e9s por las carreras de resistencia en el entorno de la <strong>F1<\/strong>.<\/p>\n\n\n\n<p class=\"wp-block-paragraph\"><strong>Lance Stroll<\/strong>, por ejemplo, aprovech\u00f3 el par\u00f3n de abril para participar en la primera prueba de la temporada 2026 de la <strong>GT World Challenge Europe<\/strong> en <strong>Paul Ricard<\/strong>, mientras que <strong>Andrea Kimi Antonelli<\/strong> expres\u00f3 su intenci\u00f3n de participar en las <strong>24 Horas de N\u00fcrburgring<\/strong> de 2027 e incluso anunci\u00f3 que estaba trabajando para obtener la licencia para correr en el <strong>Nordschleife <\/strong>a finales de este a\u00f1o.<\/p>\n\n\n\n<p class=\"wp-block-paragraph\">Sin embargo, el intento del joven italiano fue bloqueado por <strong>Mercedes. Bradley Lord<\/strong>, director de comunicaci\u00f3n del equipo anglo-germano, rechaz\u00f3 rotundamente la participaci\u00f3n de <strong>Antonelli<\/strong> y afirm\u00f3 que \u00abestaba bromeando\u00bb cuando habl\u00f3 de correr en <strong>N\u00fcrburgring<\/strong>.<\/p>\n\n\n\n<p class=\"wp-block-paragraph\">\u00abNo, no est\u00e1 autorizado a correr en <strong>N\u00fcrburgring<\/strong>\u00bb, declar\u00f3 <strong>Lord <\/strong>a <em>Nitro<\/em>.<\/p>\n\n\n\n<p class=\"wp-block-paragraph\">\u23e9\u00a0<strong><em>\u00a1Seguinos en redes por\u00a0<\/em><\/strong><a href=\"https:\/\/twitter.com\/grandepremioES\"><em>Twitter\u00a0<\/em><\/a><strong><em>e\u00a0<\/em><\/strong><a href=\"https:\/\/www.instagram.com\/grandepremioes\/\"><em>Instagram!<\/em><\/a><br>\u23e9\u00a0<strong><em>Adem\u00e1s, tenemos nuestro\u00a0<\/em><\/strong><a href=\"https:\/\/whatsapp.com\/channel\/0029VaDZ5zb0gcfDxuwxBM05\"><em>canal de Whatsapp<\/em><\/a><strong><em>\u00a0con toda la informaci\u00f3n al instante<\/em><\/strong>\u00a0\ud83c\udfc1<\/p>\n\n\n\n<figure class=\"wp-block-image size-large\"><img decoding=\"async\" src=\"https:\/\/grandepremio.com\/es\/wp-content\/uploads\/2026\/05\/SI202605170040_11zon-1024x683.webp\" alt=\"\" class=\"wp-image-401489\"\/><figcaption class=\"wp-element-caption\">La participaci\u00f3n de Max Verstappen en las 24 Horas de N\u00fcrburgring despert\u00f3 inter\u00e9s en las carreras de resistencia (Foto: Red Bull Content Pool)<\/figcaption><\/figure>\n\n\n\n<p class=\"wp-block-paragraph\">\u00abHace poco hablamos de esto. Creo que estaba bromeando o algo as\u00ed, pero <strong>Mercedes <\/strong>le deneg\u00f3 el permiso para obtener el <strong>DMSB Nordschleife Permit<\/strong> este a\u00f1o\u00bb, a\u00f1adi\u00f3.<\/p>\n\n\n\n<p class=\"wp-block-paragraph\">Haciendo referencia a <strong>Max Verstappen<\/strong>, <strong>Lord <\/strong>dijo que, antes de correr en el circuito alem\u00e1n de m\u00e1s de 27 kil\u00f3metros, <strong>Antonelli <\/strong>necesita m\u00e1s experiencia en el automovilismo.<\/p>\n\n\n\n<p class=\"wp-block-paragraph\">\u00abQuiz\u00e1s, cuando tenga cuatro t\u00edtulos mundiales y algo m\u00e1s de experiencia, le permitiremos correr. Por ahora es muy joven para hacerlo\u00bb, concluy\u00f3.<\/p>\n\n\n\n<p class=\"wp-block-paragraph\">La&nbsp;<strong>F\u00f3rmula 1<\/strong>&nbsp;vuelve a la acci\u00f3n entre el 22 y 24 de mayo para disputar el&nbsp;<strong>GP de Canad\u00e1,<\/strong>&nbsp;quinta fecha de la temporada 2026. GRANDE PREMIO en ESPA\u00d1OL realizar\u00e1 una cobertura completa del evento.<\/p>\n\n\n\n<figure class=\"wp-block-embed is-type-video is-provider-youtube wp-block-embed-youtube wp-embed-aspect-16-9 wp-has-aspect-ratio\"><div class=\"wp-block-embed__wrapper\">\n<iframe loading=\"lazy\" title=\"\u00bfRUSSELL EN CRISIS? ANTONELLI SE AFIANZA COMO L\u00cdDER EN MERCEDES\" width=\"500\" height=\"281\" src=\"https:\/\/www.youtube.com\/embed\/gfE1joF6GRo?feature=oembed\" frameborder=\"0\" allow=\"accelerometer; autoplay; clipboard-write; encrypted-media; gyroscope; picture-in-picture; web-share\" referrerpolicy=\"strict-origin-when-cross-origin\" allowfullscreen><\/iframe>\n<\/div><\/figure>\n","protected":false},"excerpt":{"rendered":"<p>A pesar del inter\u00e9s de Kimi Antonelli en participar en la pr\u00f3xima edici\u00f3n de las 24 Horas de N\u00fcrburgring, Mercedes rechaz\u00f3 su pedido y dijo que necesita &#8220;m\u00e1s experiencia&#8221; para competir en el Nordschleife <\/p>\n","protected":false},"author":0,"featured_media":1010401490,"comment_status":"closed","ping_status":"closed","sticky":false,"template":"","format":"standard","meta":{"42wp_featured_image_caption":"","42wp_featured_image_credits":"","42wp_featured_video":"","42wp_featured_image_hidden":false,"42wp_authors_list":[],"footnotes":""},"categories":[5],"tags":[7270,6800,9163,1680,2429,1488,249,197,10150,206,564,4010],"42wp_author":[14239],"class_list":["post-1196","post","type-post","status-publish","format-standard","has-post-thumbnail","hentry","category-f1","tag-24-horas-de-nurburgring","tag-andrea-kimi-antonelli","tag-bradley-lord","tag-f1-2026","tag-formula-1-2026","tag-grande-premio","tag-max-verstappen","tag-mercedes","tag-nls","tag-red-bull","tag-resistencia","tag-temporada-2026-f1","42wp_author-jp-otrosky"],"_links":{"self":[{"href":"https:\/\/grandepremio.com\/es\/wp-json\/wp\/v2\/posts\/1196","targetHints":{"allow":["GET"]}}],"collection":[{"href":"https:\/\/grandepremio.com\/es\/wp-json\/wp\/v2\/posts"}],"about":[{"href":"https:\/\/grandepremio.com\/es\/wp-json\/wp\/v2\/types\/post"}],"replies":[{"embeddable":true,"href":"https:\/\/grandepremio.com\/es\/wp-json\/wp\/v2\/comments?post=1196"}],"version-history":[{"count":0,"href":"https:\/\/grandepremio.com\/es\/wp-json\/wp\/v2\/posts\/1196\/revisions"}],"wp:featuredmedia":[{"embeddable":true,"href":"https:\/\/grandepremio.com\/es\/wp-json\/wp\/v2\/media\/1010401490"}],"wp:attachment":[{"href":"https:\/\/grandepremio.com\/es\/wp-json\/wp\/v2\/media?parent=1196"}],"wp:term":[{"taxonomy":"category","embeddable":true,"href":"https:\/\/grandepremio.com\/es\/wp-json\/wp\/v2\/categories?post=1196"},{"taxonomy":"post_tag","embeddable":true,"href":"https:\/\/grandepremio.com\/es\/wp-json\/wp\/v2\/tags?post=1196"},{"taxonomy":"42wp_author","embeddable":true,"href":"https:\/\/grandepremio.com\/es\/wp-json\/wp\/v2\/42wp_author?post=1196"}],"curies":[{"name":"wp","href":"https:\/\/api.w.org\/{rel}","templated":true}]}}