{"id":12041,"date":"2024-08-30T17:57:19","date_gmt":"2024-08-30T20:57:19","guid":{"rendered":"https:\/\/grandepremio.com\/es\/2024\/08\/30\/sainz-destaca-el-comienzo-positivo-con-ferrari-en-practicas-del-gran-premio-de-italia\/"},"modified":"2024-08-30T17:57:25","modified_gmt":"2024-08-30T20:57:25","slug":"sainz-destaca-el-comienzo-positivo-con-ferrari-en-practicas-del-gran-premio-de-italia","status":"publish","type":"post","link":"https:\/\/grandepremio.com\/es\/f1\/sainz-destaca-el-comienzo-positivo-con-ferrari-en-practicas-del-gran-premio-de-italia\/","title":{"rendered":"Sainz destaca el \u00abcomienzo positivo\u00bb con Ferrari en pr\u00e1cticas del Gran Premio de Italia"},"content":{"rendered":"\n<p class=\"wp-block-paragraph\"><strong>Carlos Sainz<\/strong> fue uno de los m\u00e1s destacados de los entrenamientos libres del viernes para el <strong>Gran Premio de Italia<\/strong>. El espa\u00f1ol de <strong>Ferrari <\/strong>fue cuarto en la <strong>FP1 <\/strong>y segundo en la <strong>FP2<\/strong>, en unas sesiones en las que su compa\u00f1ero, <strong>Charles Leclerc<\/strong>, tambi\u00e9n lo hizo bien. Para el espa\u00f1ol, lo m\u00e1s importante era que el equipo entendiera la puesta a punto en una pista que ha cambiado mucho para 2024.<\/p>\n\n\n\n<p class=\"wp-block-paragraph\">Sainz valor\u00f3 las novedades de <strong>Monza <\/strong>para la presente temporada, desde el asfalto hasta los nuevos pianos. Y ve a Ferrari trabajando en una nueva puesta a punto.<\/p>\n\n\n\n<p class=\"wp-block-paragraph\">\ud83d\udfe5\u00a0<strong><em>\u00a1Todas las novedades te esperan en el canal de\u00a0<\/em><\/strong><a href=\"https:\/\/www.youtube.com\/@GrandePremioES\" target=\"_blank\" rel=\"noreferrer noopener\"><em><strong>YouTube<\/strong><\/em><\/a><strong><em>\u00a0de Grande Pr\u00eamio en Espa\u00f1ol!<\/em><\/strong>\u00a0\ud83d\udfe8<\/p>\n\n\n\n<figure class=\"wp-block-image size-large\"><img decoding=\"async\" src=\"https:\/\/grandepremio.com\/cdn-cgi\/image\/width=893,height=558,fit=contain,gravity=0.5x0.5,quality=75,format=webp\/es\/wp-content\/uploads\/2024\/08\/sainz-monza-1024x683.jpeg\" alt=\"\" class=\"wp-image-252418\"\/><figcaption class=\"wp-element-caption\">El espa\u00f1ol analiz\u00f3 el rendimiento del coche y las reformas sobre el trazado. (Foto: Ferrari)<\/figcaption><\/figure>\n\n\n\n<p class=\"wp-block-paragraph\">\u23e9\u00a0<em><strong>\u00a1Seguinos en redes por\u00a0<\/strong><\/em><a href=\"https:\/\/twitter.com\/grandepremioES\" target=\"_blank\" rel=\"noreferrer noopener\"><em><strong>Twitter<\/strong>\u00a0<\/em><\/a><em><strong>e\u00a0<\/strong><\/em><a href=\"https:\/\/www.instagram.com\/grandepremioes\/\" target=\"_blank\" rel=\"noreferrer noopener\"><em><strong>Instagram!<\/strong><\/em><\/a><br><strong>\u23e9<\/strong>\u00a0<em><strong>Adem\u00e1s, tenemos nuestro\u00a0<\/strong><\/em><a href=\"https:\/\/whatsapp.com\/channel\/0029VaDZ5zb0gcfDxuwxBM05\" target=\"_blank\" rel=\"noreferrer noopener\"><em><strong>canal de WhatsApp<\/strong><\/em><\/a><em><strong>\u00a0con toda la informaci\u00f3n al instante<\/strong><\/em>\u00a0\ud83c\udfc1<\/p>\n\n\n\n<p class=\"wp-block-paragraph\">\u00abHa sido un viernes ajetreado e interesante. La pista de Monza ha cambiado mucho, los pianos son muy distintos, el asfalto es diferente. Por eso, los retos y las limitaciones son muy diferentes a los de los \u00faltimos a\u00f1os y tenemos que adaptar la puesta a punto del coche y tambi\u00e9n entender el desgaste de los neum\u00e1ticos\u00bb, coment\u00f3.<\/p>\n\n\n\n<p class=\"wp-block-paragraph\">Al final, fue un d\u00eda de equilibrio total en Italia, con <strong>Red Bull<\/strong> liderando la FP1, <strong>Mercedes <\/strong>la FP2 y Ferrari y <strong>McLaren <\/strong>manteni\u00e9ndose firmes durante todo el d\u00eda.<\/p>\n\n\n\n<p class=\"wp-block-paragraph\">\u00abTenemos mucho trabajo por delante, pero ha sido un comienzo positivo\u00bb, a\u00f1adi\u00f3.<\/p>\n\n\n\n<p class=\"wp-block-paragraph\">Sainz es quinto en el <strong>Campeonato de Pilotos<\/strong> con 172 puntos. El espa\u00f1ol est\u00e1 20 por detr\u00e1s de Leclerc.<\/p>\n\n\n\n<p class=\"wp-block-paragraph\"><strong>GRANDE PR\u00caMIO en Espa\u00f1ol sigue todas las actividades del Gran Premio de Italia de\u00a0<a href=\"https:\/\/es.grandepremio.com\/f1\/\" target=\"_blank\" rel=\"noreferrer noopener\">F\u00f3rmula 1<\/a>\u00a0EN DIRECTO y EN TIEMPO REAL.<\/strong><\/p>\n\n\n\n<figure class=\"wp-block-embed is-type-video is-provider-youtube wp-block-embed-youtube wp-embed-aspect-16-9 wp-has-aspect-ratio\"><div class=\"wp-block-embed__wrapper\">\n<iframe loading=\"lazy\" title=\"GP DE ITALIA - LA PREVIA\" width=\"500\" height=\"281\" src=\"https:\/\/www.youtube.com\/embed\/IqHZoLM0bMg?feature=oembed\" frameborder=\"0\" allow=\"accelerometer; autoplay; clipboard-write; encrypted-media; gyroscope; picture-in-picture; web-share\" referrerpolicy=\"strict-origin-when-cross-origin\" allowfullscreen><\/iframe>\n<\/div><\/figure>\n","protected":false},"excerpt":{"rendered":"<p>Ferrari tuvo un buen comienzo en Italia, pero Carlos Sainz se centr\u00f3 m\u00e1s en la adaptaci\u00f3n del equipo al nuevo asfalto que en los resultados obtenidos en los entrenamientos libres.<\/p>\n","protected":false},"author":0,"featured_media":1010252417,"comment_status":"closed","ping_status":"closed","sticky":false,"template":"","format":"standard","meta":{"42wp_featured_image_caption":"","42wp_featured_image_credits":"","42wp_featured_video":"","42wp_featured_image_hidden":false,"42wp_authors_list":[],"footnotes":""},"categories":[5],"tags":[302,247,2249,185,179,673,645,10674],"42wp_author":[14240],"class_list":["post-12041","post","type-post","status-publish","format-standard","has-post-thumbnail","hentry","category-f1","tag-carlos-sainz","tag-charles-leclerc","tag-f1-2024","tag-ferrari","tag-formula-1","tag-gp-de-italia","tag-monza","tag-sf24","42wp_author-ignacio-bogado"],"_links":{"self":[{"href":"https:\/\/grandepremio.com\/es\/wp-json\/wp\/v2\/posts\/12041","targetHints":{"allow":["GET"]}}],"collection":[{"href":"https:\/\/grandepremio.com\/es\/wp-json\/wp\/v2\/posts"}],"about":[{"href":"https:\/\/grandepremio.com\/es\/wp-json\/wp\/v2\/types\/post"}],"replies":[{"embeddable":true,"href":"https:\/\/grandepremio.com\/es\/wp-json\/wp\/v2\/comments?post=12041"}],"version-history":[{"count":0,"href":"https:\/\/grandepremio.com\/es\/wp-json\/wp\/v2\/posts\/12041\/revisions"}],"wp:featuredmedia":[{"embeddable":true,"href":"https:\/\/grandepremio.com\/es\/wp-json\/wp\/v2\/media\/1010252417"}],"wp:attachment":[{"href":"https:\/\/grandepremio.com\/es\/wp-json\/wp\/v2\/media?parent=12041"}],"wp:term":[{"taxonomy":"category","embeddable":true,"href":"https:\/\/grandepremio.com\/es\/wp-json\/wp\/v2\/categories?post=12041"},{"taxonomy":"post_tag","embeddable":true,"href":"https:\/\/grandepremio.com\/es\/wp-json\/wp\/v2\/tags?post=12041"},{"taxonomy":"42wp_author","embeddable":true,"href":"https:\/\/grandepremio.com\/es\/wp-json\/wp\/v2\/42wp_author?post=12041"}],"curies":[{"name":"wp","href":"https:\/\/api.w.org\/{rel}","templated":true}]}}