{"id":1205,"date":"2026-05-17T17:50:12","date_gmt":"2026-05-17T20:50:12","guid":{"rendered":"https:\/\/grandepremio.com\/es\/2026\/05\/17\/josef-newgarden-lamenta-24-lugar-indy-500\/"},"modified":"2026-05-17T17:50:15","modified_gmt":"2026-05-17T20:50:15","slug":"josef-newgarden-lamenta-24-lugar-indy-500","status":"publish","type":"post","link":"https:\/\/grandepremio.com\/es\/indy\/josef-newgarden-lamenta-24-lugar-indy-500\/","title":{"rendered":"Newgarden lamenta 24\u00b0 lugar en la grilla de la Indy 500: &#8220;Era lo que ten\u00eda&#8221;"},"content":{"rendered":"\n<p class=\"wp-block-paragraph\">A diferencia de sus compa\u00f1eros de<strong> Penske,<\/strong> a <strong>Josef Newgarden<\/strong> no le fue bien en el tiempo acumulado de las cuatro vueltas de la clasificaci\u00f3n de las <strong>500 Millas de Indian\u00e1polis<\/strong> de este domingo; qued\u00f3 fuera de la segunda fase y tuvo que conformarse con el puesto 24\u00b0 en la parrilla. El estadounidense lament\u00f3 el resultado y destac\u00f3 que era todo lo que el auto pod\u00eda ofrecer.<\/p>\n\n\n\n<p class=\"wp-block-paragraph\">Newgarden fue el noveno piloto en salir a la pista y tuvo un desempe\u00f1o muy por debajo de lo esperado. El dos veces ganador de las 500 Millas de Indian\u00e1polis registr\u00f3 un tiempo de 2m36s409 en las cuatro vueltas, con una velocidad promedio de 370,66 km\/h.<\/p>\n\n\n\n<p class=\"wp-block-paragraph\">Y aunque tuvo un mal desempe\u00f1o, el piloto del #2 admiti\u00f3 sentirse aliviado por no haber tenido el Bump, que defin\u00eda la \u00faltima fila de la parrilla y dejaba fuera a uno de los inscritos.<\/p>\n\n\n\n<p class=\"wp-block-paragraph\"><strong><em>\u00a1Todas las novedades te esperan en el canal de <a href=\"https:\/\/www.youtube.com\/@GrandePremioES\" target=\"_blank\" rel=\"noreferrer noopener\">YouTube<\/a> de Grande Pr\u00eamio en Espa\u00f1ol!<\/em><\/strong><\/p>\n\n\n\n<figure class=\"wp-block-embed is-type-video is-provider-youtube wp-block-embed-youtube wp-embed-aspect-16-9 wp-has-aspect-ratio\"><div class=\"wp-block-embed__wrapper\">\n<iframe loading=\"lazy\" title=\"\u00bfRUSSELL EN CRISIS? ANTONELLI SE AFIANZA COMO L\u00cdDER EN MERCEDES\" width=\"500\" height=\"281\" src=\"https:\/\/www.youtube.com\/embed\/gfE1joF6GRo?feature=oembed\" frameborder=\"0\" allow=\"accelerometer; autoplay; clipboard-write; encrypted-media; gyroscope; picture-in-picture; web-share\" referrerpolicy=\"strict-origin-when-cross-origin\" allowfullscreen><\/iframe>\n<\/div><\/figure>\n\n\n\n<p class=\"wp-block-paragraph\"><strong><em>\u00a1Seguinos en redes por <a href=\"https:\/\/twitter.com\/grandepremioES\" target=\"_blank\" rel=\"noreferrer noopener\">Twitter <\/a>e <a href=\"https:\/\/www.instagram.com\/grandepremioes\/\" target=\"_blank\" rel=\"noreferrer noopener\">Instagram!<\/a><\/em><\/strong><br><strong><em>Adem\u00e1s, tenemos nuestro <a href=\"https:\/\/whatsapp.com\/channel\/0029VaDZ5zb0gcfDxuwxBM05\" target=\"_blank\" rel=\"noreferrer noopener\">canal de Whatsapp<\/a> con toda la informaci\u00f3n al instante<\/em><\/strong><\/p>\n\n\n\n<p class=\"wp-block-paragraph\">\u00abEra lo que el auto pod\u00eda ofrecer\u00bb, se ri\u00f3 Newgarden, antes de continuar: \u00abEra el tiempo que iba a marcar. En fin, estamos en el espect\u00e1culo (clasificados para la carrera), \u00bfno? No hay riesgo de eliminaci\u00f3n, as\u00ed que estamos dentro, lo cual es genial\u00bb, destac\u00f3.<\/p>\n\n\n\n<p class=\"wp-block-paragraph\">\u00abVamos a trabajar en nuestro auto. Me encanta correr con esta pintura y Chevrolet est\u00e1 haciendo un gran trabajo. Estoy emocionado por volver a la configuraci\u00f3n de carrera\u00bb, complet\u00f3.<\/p>\n\n\n\n<p class=\"wp-block-paragraph\"><strong>La Indy se disputa este domingo con el Top-12 y el Fast 6, dos sesiones de clasificaci\u00f3n que definen la pole position de las 500 Millas de Indian\u00e1polis.<\/strong><\/p>\n\n\n\n<p class=\"wp-block-paragraph\"><\/p>\n","protected":false},"excerpt":{"rendered":"<p>Vencedor en dos oportunidades de las 500 Millas de Indian\u00e1polis, Josef Newgarden justific\u00f3 su 24\u00b0 posici\u00f3n de largada para la presente edici\u00f3n de la competencia.<\/p>\n","protected":false},"author":0,"featured_media":1010401446,"comment_status":"closed","ping_status":"closed","sticky":false,"template":"","format":"standard","meta":{"42wp_featured_image_caption":"","42wp_featured_image_credits":"","42wp_featured_video":"","42wp_featured_image_hidden":false,"42wp_authors_list":[],"footnotes":""},"categories":[7],"tags":[598,925,619,866],"42wp_author":[14223],"class_list":["post-1205","post","type-post","status-publish","format-standard","has-post-thumbnail","hentry","category-indy","tag-500-millas-de-indianapolis","tag-indy","tag-indy-500","tag-josef-newgarden","42wp_author-esteban-nieto"],"_links":{"self":[{"href":"https:\/\/grandepremio.com\/es\/wp-json\/wp\/v2\/posts\/1205","targetHints":{"allow":["GET"]}}],"collection":[{"href":"https:\/\/grandepremio.com\/es\/wp-json\/wp\/v2\/posts"}],"about":[{"href":"https:\/\/grandepremio.com\/es\/wp-json\/wp\/v2\/types\/post"}],"replies":[{"embeddable":true,"href":"https:\/\/grandepremio.com\/es\/wp-json\/wp\/v2\/comments?post=1205"}],"version-history":[{"count":0,"href":"https:\/\/grandepremio.com\/es\/wp-json\/wp\/v2\/posts\/1205\/revisions"}],"wp:featuredmedia":[{"embeddable":true,"href":"https:\/\/grandepremio.com\/es\/wp-json\/wp\/v2\/media\/1010401446"}],"wp:attachment":[{"href":"https:\/\/grandepremio.com\/es\/wp-json\/wp\/v2\/media?parent=1205"}],"wp:term":[{"taxonomy":"category","embeddable":true,"href":"https:\/\/grandepremio.com\/es\/wp-json\/wp\/v2\/categories?post=1205"},{"taxonomy":"post_tag","embeddable":true,"href":"https:\/\/grandepremio.com\/es\/wp-json\/wp\/v2\/tags?post=1205"},{"taxonomy":"42wp_author","embeddable":true,"href":"https:\/\/grandepremio.com\/es\/wp-json\/wp\/v2\/42wp_author?post=1205"}],"curies":[{"name":"wp","href":"https:\/\/api.w.org\/{rel}","templated":true}]}}