{"id":12052,"date":"2024-08-30T15:08:40","date_gmt":"2024-08-30T18:08:40","guid":{"rendered":"https:\/\/grandepremio.com\/es\/2024\/08\/30\/red-bull-desmiente-inquietud-ritmo-fp2-italia\/"},"modified":"2024-08-30T15:08:47","modified_gmt":"2024-08-30T18:08:47","slug":"red-bull-desmiente-inquietud-ritmo-fp2-italia","status":"publish","type":"post","link":"https:\/\/grandepremio.com\/es\/f1\/red-bull-desmiente-inquietud-ritmo-fp2-italia\/","title":{"rendered":"Red Bull desmiente inquietud por el ritmo tras FP2 en Italia: &#8220;Mejor de lo que parece&#8221;"},"content":{"rendered":"\n<p class=\"wp-block-paragraph\">Los tiempos de la FP2 del <strong>GP de Italia<\/strong> en <strong>Monza<\/strong>, que se disput\u00f3 este viernes, no son demasiados promisorios para <strong>Red Bull<\/strong>, ya que tuvo a <strong>Max Verstappen<\/strong> en 14ta posici\u00f3n y a <strong>Sergio P\u00e9rez<\/strong> en 15to. Pese a esto, el asesor deportivo, <strong>Helmut Marko<\/strong>, dijo que el ritmo es <em>\u201cmucho mejor\u201d <\/em>de lo que parece luego de la jornada de viernes.<\/p>\n\n\n\n<p class=\"wp-block-paragraph\"><strong>\u201cEstamos mejor de lo que parec\u00eda. En la simulaci\u00f3n de clasificaci\u00f3n, Max [Verstappen] se tambale\u00f3 en Parabolica. All\u00ed perdi\u00f3 unos 0s2 con Norris, creo, pero sin la potencia normal del motor como los dem\u00e1s. En tanda larga, hasta que empez\u00f3 el graining, fuimos muy competitivos\u201d<\/strong>, dijo Marko.<\/p>\n\n\n\n<p class=\"wp-block-paragraph\">\ud83d\udfe5&nbsp;<strong><em>\u00a1Todas las novedades te esperan en el canal de&nbsp;<\/em><\/strong><a href=\"https:\/\/www.youtube.com\/@GrandePremioES\" target=\"_blank\" rel=\"noreferrer noopener\"><em>YouTube<\/em><\/a><strong><em>&nbsp;de Grande Pr\u00eamio en Espa\u00f1ol!<\/em><\/strong>&nbsp;\ud83d\udfe8<\/p>\n\n\n\n<p class=\"wp-block-paragraph\"><strong>\u201cPero la ca\u00edda [a partir de ah\u00ed] fue bastante radical. Creo que empez\u00f3 cuando tuvimos que frenar por culpa de un coche de delante. Tenemos que solucionarlo, pero estamos mucho mejor que en Zandvoort. Mucho mejor\u201d<\/strong>, analiz\u00f3 el ex piloto.<\/p>\n\n\n\n<figure class=\"wp-block-image size-large\"><img decoding=\"async\" src=\"https:\/\/grandepremio.com\/cdn-cgi\/image\/width=893,height=558,fit=contain,gravity=0.5x0.5,quality=75,format=webp\/es\/wp-content\/uploads\/2024\/08\/image-93-1024x683.png\" alt=\"\" class=\"wp-image-252347\"\/><figcaption class=\"wp-element-caption\">Marko conf\u00eda en el ritmo de Red Bull en Monza (Foto: Red Bull Content Pool)<\/figcaption><\/figure>\n\n\n\n<p class=\"wp-block-paragraph\"><strong>\u201cCuando empieza el graining, la ca\u00edda [del ritmo] del coche es radical. Empez\u00f3 despu\u00e9s de cinco a siete vueltas, pero volvi\u00f3 despu\u00e9s de que tuvi\u00e9ramos que reducir la velocidad. As\u00ed que, para solucionarlo, tiene que acelerar todo el tiempo\u201d<\/strong>, brome\u00f3 el directivo sobre el desgaste de los neum\u00e1ticos en Monza, que puede afectar al rendimiento del <strong>RB20<\/strong>.<\/p>\n\n\n\n<p class=\"wp-block-paragraph\">Por \u00faltimo, el asesor de Red Bull dijo que esperaba que las carreras de F\u00f3rmula 3 y F\u00f3rmula 2 sirvieran para que el asfalto evolucionara a medida que avanzaba el fin de semana. Comprender esto determinar\u00e1 la estrategia elegida para la carrera.<\/p>\n\n\n\n<p class=\"wp-block-paragraph\"><strong>\u201cTenemos que analizar si haremos una o dos paradas, pero el asfalto mejora con cada vuelta. Veremos qu\u00e9 pasa. La lluvia no amenaza, y tenemos dos carreras en F3 y F2. As\u00ed que creo que deber\u00eda mejorar. Cuanto m\u00e1s mejore, menos posibilidades habr\u00e1 de graining\u201d<\/strong>, concluy\u00f3.<\/p>\n\n\n\n<p class=\"wp-block-paragraph\">\u23e9&nbsp;<em><strong>\u00a1Seguinos en redes por&nbsp;<\/strong><\/em><a href=\"https:\/\/twitter.com\/grandepremioES\" target=\"_blank\" rel=\"noreferrer noopener\"><em>Twitter&nbsp;<\/em><\/a><em><strong>e&nbsp;<\/strong><\/em><a href=\"https:\/\/www.instagram.com\/grandepremioes\/\" target=\"_blank\" rel=\"noreferrer noopener\"><em>Instagram!<\/em><\/a><br><strong>\u23e9<\/strong>&nbsp;<em><strong>Adem\u00e1s, tenemos nuestro&nbsp;<\/strong><\/em><a href=\"https:\/\/whatsapp.com\/channel\/0029VaDZ5zb0gcfDxuwxBM05\" target=\"_blank\" rel=\"noreferrer noopener\"><em>canal de Whatsapp<\/em><\/a><em><strong>&nbsp;con toda la informaci\u00f3n al instante<\/strong><\/em>&nbsp;\ud83c\udfc1<\/p>\n\n\n\n<p class=\"wp-block-paragraph\">GRANDE PREMIO tendr\u00e1 la cobertura completa del GP de Italia en Monza que seguir\u00e1 ma\u00f1ana, a las 7:30 hora de Brasilia y Buenos Aires, con la FP3.<\/p>\n\n\n\n<figure class=\"wp-block-embed is-type-video is-provider-youtube wp-block-embed-youtube wp-embed-aspect-16-9 wp-has-aspect-ratio\"><div class=\"wp-block-embed__wrapper\">\n<iframe loading=\"lazy\" title=\"GP DE ITALIA - LA PREVIA\" width=\"500\" height=\"281\" src=\"https:\/\/www.youtube.com\/embed\/IqHZoLM0bMg?feature=oembed\" frameborder=\"0\" allow=\"accelerometer; autoplay; clipboard-write; encrypted-media; gyroscope; picture-in-picture; web-share\" referrerpolicy=\"strict-origin-when-cross-origin\" allowfullscreen><\/iframe>\n<\/div><\/figure>\n","protected":false},"excerpt":{"rendered":"<p>Seg\u00fan el asesor deportivo de Red Bull, Helmut Marko, el ritmo real del equipo austriaco en el Gran Premio de Italia es mejor que el representado por la hoja de tiempos de la FP2.<\/p>\n","protected":false},"author":0,"featured_media":1010252342,"comment_status":"closed","ping_status":"closed","sticky":false,"template":"","format":"standard","meta":{"42wp_featured_image_caption":"","42wp_featured_image_credits":"","42wp_featured_video":"","42wp_featured_image_hidden":false,"42wp_authors_list":[],"footnotes":""},"categories":[5],"tags":[181,179,673,1358,249,645,9712,206,294],"42wp_author":[14237],"class_list":["post-12052","post","type-post","status-publish","format-standard","has-post-thumbnail","hentry","category-f1","tag-f1","tag-formula-1","tag-gp-de-italia","tag-helmut-marko","tag-max-verstappen","tag-monza","tag-rb20","tag-red-bull","tag-sergio-perez","42wp_author-gabriel-garcia"],"_links":{"self":[{"href":"https:\/\/grandepremio.com\/es\/wp-json\/wp\/v2\/posts\/12052","targetHints":{"allow":["GET"]}}],"collection":[{"href":"https:\/\/grandepremio.com\/es\/wp-json\/wp\/v2\/posts"}],"about":[{"href":"https:\/\/grandepremio.com\/es\/wp-json\/wp\/v2\/types\/post"}],"replies":[{"embeddable":true,"href":"https:\/\/grandepremio.com\/es\/wp-json\/wp\/v2\/comments?post=12052"}],"version-history":[{"count":0,"href":"https:\/\/grandepremio.com\/es\/wp-json\/wp\/v2\/posts\/12052\/revisions"}],"wp:featuredmedia":[{"embeddable":true,"href":"https:\/\/grandepremio.com\/es\/wp-json\/wp\/v2\/media\/1010252342"}],"wp:attachment":[{"href":"https:\/\/grandepremio.com\/es\/wp-json\/wp\/v2\/media?parent=12052"}],"wp:term":[{"taxonomy":"category","embeddable":true,"href":"https:\/\/grandepremio.com\/es\/wp-json\/wp\/v2\/categories?post=12052"},{"taxonomy":"post_tag","embeddable":true,"href":"https:\/\/grandepremio.com\/es\/wp-json\/wp\/v2\/tags?post=12052"},{"taxonomy":"42wp_author","embeddable":true,"href":"https:\/\/grandepremio.com\/es\/wp-json\/wp\/v2\/42wp_author?post=12052"}],"curies":[{"name":"wp","href":"https:\/\/api.w.org\/{rel}","templated":true}]}}