{"id":12104,"date":"2024-08-28T09:16:25","date_gmt":"2024-08-28T12:16:25","guid":{"rendered":"https:\/\/grandepremio.com\/es\/2024\/08\/28\/jos-verstappen-caida-red-bull-temporada-2024-f1\/"},"modified":"2024-08-28T09:16:31","modified_gmt":"2024-08-28T12:16:31","slug":"jos-verstappen-caida-red-bull-temporada-2024-f1","status":"publish","type":"post","link":"https:\/\/grandepremio.com\/es\/f1\/jos-verstappen-caida-red-bull-temporada-2024-f1\/","title":{"rendered":"Padre de Verstappen critica la ca\u00edda de Red Bull en F1 2024 y pide un an\u00e1lisis \u00abprofundo\u00bb"},"content":{"rendered":"\n<p class=\"wp-block-paragraph\"><strong>Jos Verstappen,<\/strong> padre de Max, es una de las personalidades que m\u00e1s habl\u00f3 sobre la crisis que vive <strong>Red Bull<\/strong> desde el inicio de 2024. Tras advertir de que el equipo podr\u00eda \u00abdesmoronarse\u00bb porque est\u00e1 perdiendo a gente clave del proyecto, el neerland\u00e9s asegur\u00f3 que <strong>Red Bull<\/strong> necesita \u00abmirarse al espejo\u00bb para darse cuenta de lo que est\u00e1 pasando y volver a ganar en la categor\u00eda.<\/p>\n\n\n\n<p class=\"wp-block-paragraph\">\ud83d\udfe5&nbsp;<strong><em>\u00a1Todas las novedades te esperan en el canal de&nbsp;<\/em><\/strong><a href=\"https:\/\/www.youtube.com\/@GrandePremioES\" target=\"_blank\" rel=\"noreferrer noopener\"><em><strong>YouTube<\/strong><\/em><\/a><strong><em>&nbsp;de Grande Pr\u00eamio en Espa\u00f1ol!<\/em><\/strong>&nbsp;\ud83d\udfe8<\/p>\n\n\n\n<p class=\"wp-block-paragraph\">Es cierto que <strong>Red Bull<\/strong> sigue liderando el Campeonato de Constructores y que<strong> Max Verstappen<\/strong> lidera el de Pilotos con 70 puntos de ventaja sobre <strong>Lando Norris<\/strong>. Sin embargo, el propio jefe <strong>Christian Horner<\/strong> admiti\u00f3 que hay presi\u00f3n por la p\u00e9rdida de rendimiento en las \u00faltimas carreras.<\/p>\n\n\n\n<p class=\"wp-block-paragraph\">Y al igual que Horner, Jos tambi\u00e9n est\u00e1 preocupado por el futuro del equipo. Adem\u00e1s de la racha de cinco carreras sin ganar, <strong>Red Bull<\/strong> vio c\u00f3mo <strong>McLaren <\/strong>dominaba el fin de semana del <strong>Gran Premio de Pa\u00edses Bajos<\/strong>, con Norris cruzando la l\u00ednea de meta 22s9 por delante de Verstappen.<\/p>\n\n\n\n<p class=\"wp-block-paragraph\">Seg\u00fan <strong>Jos Verstappen<\/strong>, el RB20 se ha convertido en un \u00abmodelo dif\u00edcil de conducir\u00bb y el hecho de que <strong>Red Bull<\/strong> est\u00e9 dando marcha atr\u00e1s en las actualizaciones demuestra que el equipo a\u00fan no tiene lo que hay que tener para salir de la mala racha.<\/p>\n\n\n\n<p class=\"wp-block-paragraph\">\u23e9\u00a0<em><strong>\u00a1Seguinos en redes por\u00a0<\/strong><\/em><a href=\"https:\/\/twitter.com\/grandepremioES\" target=\"_blank\" rel=\"noreferrer noopener\"><em><strong>Twitter<\/strong>\u00a0<\/em><\/a><em><strong>e\u00a0<\/strong><\/em><a href=\"https:\/\/www.instagram.com\/grandepremioes\/\" target=\"_blank\" rel=\"noreferrer noopener\"><em><strong>Instagram!<\/strong><\/em><\/a><br><strong>\u23e9<\/strong>\u00a0<em><strong>Adem\u00e1s, tenemos nuestro\u00a0<\/strong><\/em><a href=\"https:\/\/whatsapp.com\/channel\/0029VaDZ5zb0gcfDxuwxBM05\" target=\"_blank\" rel=\"noreferrer noopener\"><em><strong>canal de WhatsApp<\/strong><\/em><\/a><em><strong>\u00a0con toda la informaci\u00f3n al instante<\/strong><\/em>\u00a0\ud83c\udfc1<\/p>\n\n\n\n<figure class=\"wp-block-image size-large\"><img decoding=\"async\" src=\"https:\/\/grandepremio.com\/es\/wp-content\/uploads\/2024\/08\/SI202408250240_hires_jpeg_24bit_rgb-1024x670.jpg\" alt=\"\" class=\"wp-image-251661\"\/><figcaption class=\"wp-element-caption\">Red Bull vive un momento de crisis en la temporada 2024 de F1 (Foto: Red Bull Content Pool)<\/figcaption><\/figure>\n\n\n\n<p class=\"wp-block-paragraph\">\u00abAlgo en el coche ha hecho que sea m\u00e1s dif\u00edcil de conducir. Y es muy dif\u00edcil decir de d\u00f3nde viene el problema. Est\u00e1 dificultando nuestro rendimiento en clasificaci\u00f3n, pero tambi\u00e9n en carrera. Tal vez no deber\u00eda decir esto, pero voy a hacerlo de todos modos. El hecho de que tenga que volver con el coche de principios de a\u00f1o ya dice bastante. Ellos [<strong>Red Bull<\/strong>] no tienen lo que hace falta en este momento\u00bb, subray\u00f3 Jos.<\/p>\n\n\n\n<p class=\"wp-block-paragraph\">\u00abCreo que deber\u00edan mirarse bien en el espejo para entender sus propios errores. Max sab\u00eda que esto pasar\u00eda. Simplemente no tuvo ninguna oportunidad [en Zandvoort]. As\u00ed, va a ser muy dif\u00edcil el resto del a\u00f1o. Est\u00e1 haciendo todo lo que puede, pero no tiene el equipo necesario. Fue excepcional que se clasificara segundo\u00bb, concluy\u00f3 Verstappen.<\/p>\n\n\n\n<p class=\"wp-block-paragraph\"><strong>La\u00a0<a href=\"https:\/\/es.grandepremio.com\/f1\/\" target=\"_blank\" rel=\"noreferrer noopener\">F\u00f3rmula 1<\/a>\u00a0regresa este fin de semana, del 30 de agosto al 1 de septiembre, con el Gran Premio de Italia, directo desde Monza.<\/strong><\/p>\n\n\n\n<figure class=\"wp-block-embed is-type-video is-provider-youtube wp-block-embed-youtube wp-embed-aspect-16-9 wp-has-aspect-ratio\"><div class=\"wp-block-embed__wrapper\">\n<iframe loading=\"lazy\" title=\"WILLIAMS CONFIRMA A COLAPINTO Y ARGENTINA VUELVE A LA F1\" width=\"500\" height=\"281\" src=\"https:\/\/www.youtube.com\/embed\/m4lmTGa-8WQ?feature=oembed\" frameborder=\"0\" allow=\"accelerometer; autoplay; clipboard-write; encrypted-media; gyroscope; picture-in-picture; web-share\" referrerpolicy=\"strict-origin-when-cross-origin\" allowfullscreen><\/iframe>\n<\/div><\/figure>\n","protected":false},"excerpt":{"rendered":"<p>Jos Verstappen, padre del tricampe\u00f3n Max, no est\u00e1 de acuerdo con lo que est\u00e1 ocurriendo en Red Bull y ha pedido al equipo que reflexione sobre sus actitudes en la F1.<\/p>\n","protected":false},"author":0,"featured_media":1010252048,"comment_status":"closed","ping_status":"closed","sticky":false,"template":"","format":"standard","meta":{"42wp_featured_image_caption":"","42wp_featured_image_credits":"","42wp_featured_video":"","42wp_featured_image_hidden":false,"42wp_authors_list":[],"footnotes":""},"categories":[5],"tags":[181,2249,179,2259,1488,823,249,206,4540],"42wp_author":[14239],"class_list":["post-12104","post","type-post","status-publish","format-standard","has-post-thumbnail","hentry","category-f1","tag-f1","tag-f1-2024","tag-formula-1","tag-formula-1-2024","tag-grande-premio","tag-jos-verstappen","tag-max-verstappen","tag-red-bull","tag-temporada-2024-f1","42wp_author-jp-otrosky"],"_links":{"self":[{"href":"https:\/\/grandepremio.com\/es\/wp-json\/wp\/v2\/posts\/12104","targetHints":{"allow":["GET"]}}],"collection":[{"href":"https:\/\/grandepremio.com\/es\/wp-json\/wp\/v2\/posts"}],"about":[{"href":"https:\/\/grandepremio.com\/es\/wp-json\/wp\/v2\/types\/post"}],"replies":[{"embeddable":true,"href":"https:\/\/grandepremio.com\/es\/wp-json\/wp\/v2\/comments?post=12104"}],"version-history":[{"count":0,"href":"https:\/\/grandepremio.com\/es\/wp-json\/wp\/v2\/posts\/12104\/revisions"}],"wp:featuredmedia":[{"embeddable":true,"href":"https:\/\/grandepremio.com\/es\/wp-json\/wp\/v2\/media\/1010252048"}],"wp:attachment":[{"href":"https:\/\/grandepremio.com\/es\/wp-json\/wp\/v2\/media?parent=12104"}],"wp:term":[{"taxonomy":"category","embeddable":true,"href":"https:\/\/grandepremio.com\/es\/wp-json\/wp\/v2\/categories?post=12104"},{"taxonomy":"post_tag","embeddable":true,"href":"https:\/\/grandepremio.com\/es\/wp-json\/wp\/v2\/tags?post=12104"},{"taxonomy":"42wp_author","embeddable":true,"href":"https:\/\/grandepremio.com\/es\/wp-json\/wp\/v2\/42wp_author?post=12104"}],"curies":[{"name":"wp","href":"https:\/\/api.w.org\/{rel}","templated":true}]}}