{"id":12132,"date":"2024-08-26T11:51:01","date_gmt":"2024-08-26T14:51:01","guid":{"rendered":"https:\/\/grandepremio.com\/es\/2024\/08\/26\/mclaren-elogia-increible-equipo-reestructuracion-f1\/"},"modified":"2024-08-26T11:51:07","modified_gmt":"2024-08-26T14:51:07","slug":"mclaren-elogia-increible-equipo-reestructuracion-f1","status":"publish","type":"post","link":"https:\/\/grandepremio.com\/es\/f1\/mclaren-elogia-increible-equipo-reestructuracion-f1\/","title":{"rendered":"McLaren elogia a su &#8220;incre\u00edble y motivado equipo&#8221; en proceso de reestructuraci\u00f3n en F1"},"content":{"rendered":"\n<p class=\"wp-block-paragraph\"><strong>McLaren<\/strong> se ha convertido en una fuerza capaz de batir a <strong>Red Bull<\/strong> en la <strong>F1 2024<\/strong>, luego de muchos a\u00f1os en el fondo de la grilla. Por eso, el actual CEO del equipo, <strong>Zak Brown<\/strong>, elogi\u00f3 el trabajo de todos los miembros en <strong>Woking<\/strong>, despu\u00e9s de una ardua reestructuraci\u00f3n.<\/p>\n\n\n\n<p class=\"wp-block-paragraph\">Luego de la victoria de <strong>Lando Norris<\/strong> en el <strong>GP de los Pa\u00edses Bajos<\/strong>, la escuder\u00eda brit\u00e1nica se encuentra segunda en el <strong>Mundial de Constructores<\/strong>, a solo 30 puntos de los austr\u00edacos. Adem\u00e1s de esto, han acumulado tres triunfos y once podios en las \u00faltimas 11 competencias.<\/p>\n\n\n\n<p class=\"wp-block-paragraph\">Brown quiso recordar otros tiempos, cuando el empresario llegaba al equipo, y hab\u00edan terminado pen\u00faltimos en 2017, con apenas 30 puntos sumados: <strong>&#8220;Hemos recorrido un largo camino en muy poco tiempo. Recuerdo cu\u00e1nto esfuerzo nos cost\u00f3 conseguir nuestro primer trofeo en el GP de Brasil de 2019 con Carlos Sainz -y lo mucho que se celebr\u00f3- y ahora lo estamos haciendo de forma regular. Es incre\u00edble&#8221;.<\/strong><\/p>\n\n\n\n<p class=\"wp-block-paragraph\">\ud83d\udfe5\u00a0<strong><em>\u00a1Todas las novedades te esperan en el canal de\u00a0<\/em><\/strong><a href=\"https:\/\/www.youtube.com\/@GrandePremioES\" target=\"_blank\" rel=\"noreferrer noopener\"><em>YouTube<\/em><\/a><strong><em>\u00a0de Grande Pr\u00eamio en Espa\u00f1ol!<\/em><\/strong>\u00a0\ud83d\udfe8<\/p>\n\n\n\n<figure class=\"wp-block-image size-full\"><img decoding=\"async\" src=\"https:\/\/grandepremio.com\/es\/wp-content\/uploads\/2024\/08\/image-76.png\" alt=\"\" class=\"wp-image-251883\"\/><figcaption class=\"wp-element-caption\">Zak Brown se deshizo en elogios hacia McLaren en la F1 (Foto: McLaren)<\/figcaption><\/figure>\n\n\n\n<p class=\"wp-block-paragraph\"><strong>\u201cEra importante para nosotros aprovechar estas vacaciones de verano para recargar las pilas, porque las cosas van a ser mucho m\u00e1s intensas cuando lleguemos a un momento decisivo de la temporada\u201d<\/strong>, a\u00f1adi\u00f3 Zak.<\/p>\n\n\n\n<p class=\"wp-block-paragraph\"><strong>\u201cA mi alrededor, veo un equipo incre\u00edblemente motivado y apasionado, impulsado no s\u00f3lo por la lucha por los podios cada semana, sino tambi\u00e9n por la voluntad de mejorar en cada carrera. Estamos en segunda posici\u00f3n en el Campeonato del Mundo de Constructores y nos emociona estar en la lucha por la victoria, con dos pilotos que se est\u00e1n esforzando al l\u00edmite\u201d<\/strong>, concluy\u00f3 el CEO de McLaren.<\/p>\n\n\n\n<p class=\"wp-block-paragraph\">\u23e9&nbsp;<em><strong>\u00a1Seguinos en redes por&nbsp;<\/strong><\/em><a href=\"https:\/\/twitter.com\/grandepremioES\" target=\"_blank\" rel=\"noreferrer noopener\"><em>Twitter&nbsp;<\/em><\/a><em><strong>e&nbsp;<\/strong><\/em><a href=\"https:\/\/www.instagram.com\/grandepremioes\/\" target=\"_blank\" rel=\"noreferrer noopener\"><em>Instagram!<\/em><\/a><br><strong>\u23e9<\/strong>&nbsp;<em><strong>Adem\u00e1s, tenemos nuestro&nbsp;<\/strong><\/em><a href=\"https:\/\/whatsapp.com\/channel\/0029VaDZ5zb0gcfDxuwxBM05\" target=\"_blank\" rel=\"noreferrer noopener\"><em>canal de Whatsapp<\/em><\/a><em><strong>&nbsp;con toda la informaci\u00f3n al instante<\/strong><\/em>&nbsp;\ud83c\udfc1<\/p>\n\n\n\n<p class=\"wp-block-paragraph\">La F\u00f3rmula 1 regresa este fin de semana, del 30 de agosto al 1 de septiembre, con el Gran Premio de Italia, directo desde Monza.<\/p>\n\n\n\n<figure class=\"wp-block-embed is-type-video is-provider-youtube wp-block-embed-youtube wp-embed-aspect-16-9 wp-has-aspect-ratio\"><div class=\"wp-block-embed__wrapper\">\n<iframe loading=\"lazy\" title=\"GP DE PA\u00cdSES BAJOS - EL RESUMEN\" width=\"500\" height=\"281\" src=\"https:\/\/www.youtube.com\/embed\/p4KkhIhAgRg?feature=oembed\" frameborder=\"0\" allow=\"accelerometer; autoplay; clipboard-write; encrypted-media; gyroscope; picture-in-picture; web-share\" referrerpolicy=\"strict-origin-when-cross-origin\" allowfullscreen><\/iframe>\n<\/div><\/figure>\n","protected":false},"excerpt":{"rendered":"<p>Tras una contundente victoria en el Gran Premio de Holanda, el director ejecutivo de McLaren, Zak Brown, se deshizo en elogios hacia el funcionamiento de la escuder\u00eda en la F\u00f3rmula 1.<\/p>\n","protected":false},"author":0,"featured_media":1010251875,"comment_status":"closed","ping_status":"closed","sticky":false,"template":"","format":"standard","meta":{"42wp_featured_image_caption":"","42wp_featured_image_credits":"","42wp_featured_video":"","42wp_featured_image_hidden":false,"42wp_authors_list":[],"footnotes":""},"categories":[5],"tags":[181,2249,179,8631,268,269,1203,206,2646,328],"42wp_author":[14237],"class_list":["post-12132","post","type-post","status-publish","format-standard","has-post-thumbnail","hentry","category-f1","tag-f1","tag-f1-2024","tag-formula-1","tag-gp-de-los-paises-bajos-2","tag-lando-norris","tag-mclaren","tag-mundial-de-constructores","tag-red-bull","tag-woking","tag-zak-brown","42wp_author-gabriel-garcia"],"_links":{"self":[{"href":"https:\/\/grandepremio.com\/es\/wp-json\/wp\/v2\/posts\/12132","targetHints":{"allow":["GET"]}}],"collection":[{"href":"https:\/\/grandepremio.com\/es\/wp-json\/wp\/v2\/posts"}],"about":[{"href":"https:\/\/grandepremio.com\/es\/wp-json\/wp\/v2\/types\/post"}],"replies":[{"embeddable":true,"href":"https:\/\/grandepremio.com\/es\/wp-json\/wp\/v2\/comments?post=12132"}],"version-history":[{"count":0,"href":"https:\/\/grandepremio.com\/es\/wp-json\/wp\/v2\/posts\/12132\/revisions"}],"wp:featuredmedia":[{"embeddable":true,"href":"https:\/\/grandepremio.com\/es\/wp-json\/wp\/v2\/media\/1010251875"}],"wp:attachment":[{"href":"https:\/\/grandepremio.com\/es\/wp-json\/wp\/v2\/media?parent=12132"}],"wp:term":[{"taxonomy":"category","embeddable":true,"href":"https:\/\/grandepremio.com\/es\/wp-json\/wp\/v2\/categories?post=12132"},{"taxonomy":"post_tag","embeddable":true,"href":"https:\/\/grandepremio.com\/es\/wp-json\/wp\/v2\/tags?post=12132"},{"taxonomy":"42wp_author","embeddable":true,"href":"https:\/\/grandepremio.com\/es\/wp-json\/wp\/v2\/42wp_author?post=12132"}],"curies":[{"name":"wp","href":"https:\/\/api.w.org\/{rel}","templated":true}]}}