{"id":12134,"date":"2024-08-26T11:15:16","date_gmt":"2024-08-26T14:15:16","guid":{"rendered":"https:\/\/grandepremio.com\/es\/2024\/08\/26\/leclerc-dice-que-ferrari-necesita-entender-lo-que-funciono-en-zandvoort\/"},"modified":"2024-08-26T11:15:22","modified_gmt":"2024-08-26T14:15:22","slug":"leclerc-dice-que-ferrari-necesita-entender-lo-que-funciono-en-zandvoort","status":"publish","type":"post","link":"https:\/\/grandepremio.com\/es\/f1\/leclerc-dice-que-ferrari-necesita-entender-lo-que-funciono-en-zandvoort\/","title":{"rendered":"Leclerc dice que Ferrari \u00abnecesita entender lo que funcion\u00f3\u00bb en Zandvoort"},"content":{"rendered":"\n<p class=\"wp-block-paragraph\">Una de las grandes sorpresas del fin de semana del <strong>Gran Premio de Pa\u00edses Bajos<\/strong> de <strong>F\u00f3rmula 1<\/strong> fue <strong>Ferrari<\/strong>, que logr\u00f3 una buena carrera de recuperaci\u00f3n con <strong>Carlos Sainz<\/strong> y subi\u00f3 al podio con <strong>Charles Leclerc<\/strong>. Tras la carrera, el piloto monegasco admiti\u00f3 que estaba sorprendido por su buen rendimiento el domingo y dijo que ahora \u00abnecesita entender\u00bb lo que funcion\u00f3 para el equipo en <strong>Zandvoort<\/strong>.<\/p>\n\n\n\n<p class=\"wp-block-paragraph\">En la calificaci\u00f3n del s\u00e1bado, Leclerc termin\u00f3 la <strong>Q3 <\/strong>en sexta posici\u00f3n y dijo tras la sesi\u00f3n que no esperaba hacer mucho en la carrera. Sin embargo, el piloto del #16 se sorprendi\u00f3 al cruzar la l\u00ednea de meta en tercer lugar. Por otro lado, Sainz qued\u00f3 eliminado en la <strong>Q2<\/strong>, sali\u00f3 desde la d\u00e9cima plaza y termin\u00f3 la carrera en quinta posici\u00f3n tras escalar posiciones en la parrilla.<\/p>\n\n\n\n<p class=\"wp-block-paragraph\">Leclerc hizo hincapi\u00e9 en que no esperaba un salto tan grande en el rendimiento de un d\u00eda para otro y subray\u00f3 que Ferrari ahora necesita trabajar para entender lo que funcion\u00f3 el domingo y tratar de repetir ese \u00e9xito.<\/p>\n\n\n\n<p class=\"wp-block-paragraph\">\ud83d\udfe5\u00a0<strong><em>\u00a1Todas las novedades te esperan en el canal de\u00a0<\/em><\/strong><a href=\"https:\/\/www.youtube.com\/@GrandePremioES\" target=\"_blank\" rel=\"noreferrer noopener\"><em>YouTube<\/em><\/a><strong><em>\u00a0de Grande Pr\u00eamio en Espa\u00f1ol!<\/em><\/strong>\u00a0\ud83d\udfe8<\/p>\n\n\n\n<figure class=\"wp-block-image size-large\"><img decoding=\"async\" src=\"https:\/\/grandepremio.com\/cdn-cgi\/image\/width=893,height=558,fit=contain,gravity=0.5x0.5,quality=75,format=webp\/es\/wp-content\/uploads\/2024\/08\/ferrari-leclerc-1024x683.jpg\" alt=\"\" class=\"wp-image-251868\"\/><figcaption class=\"wp-element-caption\">Leclerc larg\u00f3 6\u00b0 y finaliz\u00f3 el el \u00faltimo escal\u00f3n del podio en Zandvoort. (Foto: Ferrari)<\/figcaption><\/figure>\n\n\n\n<p class=\"wp-block-paragraph\">\u23e9\u00a0<em><strong>\u00a1Seguinos en redes por\u00a0<\/strong><\/em><a href=\"https:\/\/twitter.com\/grandepremioES\" target=\"_blank\" rel=\"noreferrer noopener\"><em>Twitter\u00a0<\/em><\/a><em><strong>e\u00a0<\/strong><\/em><a href=\"https:\/\/www.instagram.com\/grandepremioes\/\" target=\"_blank\" rel=\"noreferrer noopener\"><em>Instagram!<\/em><\/a><br><strong>\u23e9<\/strong>\u00a0<em><strong>Adem\u00e1s, tenemos nuestro\u00a0<\/strong><\/em><a href=\"https:\/\/whatsapp.com\/channel\/0029VaDZ5zb0gcfDxuwxBM05\" target=\"_blank\" rel=\"noreferrer noopener\"><em>canal de Whatsapp<\/em><\/a><em><strong>\u00a0con toda la informaci\u00f3n al instante<\/strong><\/em>\u00a0\ud83c\udfc1<\/p>\n\n\n\n<p class=\"wp-block-paragraph\">\u00abCreo que debemos entender por qu\u00e9 est\u00e1bamos a 0s9 del l\u00edder ayer (s\u00e1bado) y de repente muy fuertes hoy (domingo). El coche es exactamente el mismo. Ayer sufrimos mucho, pero hoy est\u00e1bamos fuertes. Y ese es el tipo de situaci\u00f3n en la que tenemos que trabajar. As\u00ed como analizamos cada mala sorpresa que tenemos durante la temporada, tambi\u00e9n tenemos que entender cuando hacemos algo bueno. Por ahora, no creo que tengamos la explicaci\u00f3n\u00bb, afirm\u00f3.<\/p>\n\n\n\n<p class=\"wp-block-paragraph\">\u00abAs\u00ed que es un gran resultado. Estoy muy contento de estar en el podio y creo que es una sorpresa muy positiva. Sin embargo, tenemos que entenderlo para poder rendir al m\u00e1ximo m\u00e1s a menudo\u00bb, concluy\u00f3.<\/p>\n\n\n\n<p class=\"wp-block-paragraph\">En el <strong>Campeonato de Pilotos<\/strong>, Leclerc ocupa actualmente la tercera posici\u00f3n con 192 puntos, mientras que Sainz es quinto con 172. En el <strong>Campeonato de Constructores<\/strong>, Ferrari es tercero por detr\u00e1s de <strong>McLaren <\/strong>y <strong>Red Bull<\/strong>, con 370 puntos acumulados.<\/p>\n\n\n\n<p class=\"wp-block-paragraph\">La&nbsp;<strong><a href=\"https:\/\/es.grandepremio.com\/f1\/\" target=\"_blank\" rel=\"noreferrer noopener\">F\u00f3rmula 1<\/a><\/strong>&nbsp;vuelve a la competencia el pr\u00f3ximo fin de semana con motivo del&nbsp;<strong>Gran Premio de Italia<\/strong>&nbsp;en&nbsp;<strong>Monza<\/strong>, entre el 30 de agosto y el 1 de septiembre.<\/p>\n\n\n\n<figure class=\"wp-block-embed is-type-video is-provider-youtube wp-block-embed-youtube wp-embed-aspect-16-9 wp-has-aspect-ratio\"><div class=\"wp-block-embed__wrapper\">\n<iframe loading=\"lazy\" title=\"GP DE PA\u00cdSES BAJOS - EL RESUMEN\" width=\"500\" height=\"281\" src=\"https:\/\/www.youtube.com\/embed\/p4KkhIhAgRg?feature=oembed\" frameborder=\"0\" allow=\"accelerometer; autoplay; clipboard-write; encrypted-media; gyroscope; picture-in-picture; web-share\" referrerpolicy=\"strict-origin-when-cross-origin\" allowfullscreen><\/iframe>\n<\/div><\/figure>\n","protected":false},"excerpt":{"rendered":"<p>Charles Leclerc sali\u00f3 desde la sexta posici\u00f3n en el Gran Premio de Pa\u00edses Bajos, pero logr\u00f3 remontar y terminar en tercera posici\u00f3n.<\/p>\n","protected":false},"author":0,"featured_media":1010249806,"comment_status":"closed","ping_status":"closed","sticky":false,"template":"","format":"standard","meta":{"42wp_featured_image_caption":"","42wp_featured_image_credits":"","42wp_featured_video":"","42wp_featured_image_hidden":false,"42wp_authors_list":[],"footnotes":""},"categories":[5],"tags":[302,247,2249,185,179,10692,1203,1517,808],"42wp_author":[14240],"class_list":["post-12134","post","type-post","status-publish","format-standard","has-post-thumbnail","hentry","category-f1","tag-carlos-sainz","tag-charles-leclerc","tag-f1-2024","tag-ferrari","tag-formula-1","tag-gp-paises-bajos","tag-mundial-de-constructores","tag-mundial-de-pilotos","tag-zandvoort","42wp_author-ignacio-bogado"],"_links":{"self":[{"href":"https:\/\/grandepremio.com\/es\/wp-json\/wp\/v2\/posts\/12134","targetHints":{"allow":["GET"]}}],"collection":[{"href":"https:\/\/grandepremio.com\/es\/wp-json\/wp\/v2\/posts"}],"about":[{"href":"https:\/\/grandepremio.com\/es\/wp-json\/wp\/v2\/types\/post"}],"replies":[{"embeddable":true,"href":"https:\/\/grandepremio.com\/es\/wp-json\/wp\/v2\/comments?post=12134"}],"version-history":[{"count":0,"href":"https:\/\/grandepremio.com\/es\/wp-json\/wp\/v2\/posts\/12134\/revisions"}],"wp:featuredmedia":[{"embeddable":true,"href":"https:\/\/grandepremio.com\/es\/wp-json\/wp\/v2\/media\/1010249806"}],"wp:attachment":[{"href":"https:\/\/grandepremio.com\/es\/wp-json\/wp\/v2\/media?parent=12134"}],"wp:term":[{"taxonomy":"category","embeddable":true,"href":"https:\/\/grandepremio.com\/es\/wp-json\/wp\/v2\/categories?post=12134"},{"taxonomy":"post_tag","embeddable":true,"href":"https:\/\/grandepremio.com\/es\/wp-json\/wp\/v2\/tags?post=12134"},{"taxonomy":"42wp_author","embeddable":true,"href":"https:\/\/grandepremio.com\/es\/wp-json\/wp\/v2\/42wp_author?post=12134"}],"curies":[{"name":"wp","href":"https:\/\/api.w.org\/{rel}","templated":true}]}}