{"id":12158,"date":"2024-08-25T12:35:24","date_gmt":"2024-08-25T15:35:24","guid":{"rendered":"https:\/\/grandepremio.com\/es\/2024\/08\/25\/verstappen-reconoce-que-no-fue-rapido-y-asume-intente-ser-segundo\/"},"modified":"2024-08-25T17:41:34","modified_gmt":"2024-08-25T20:41:34","slug":"verstappen-reconoce-que-no-fue-rapido-y-asume-intente-ser-segundo","status":"publish","type":"post","link":"https:\/\/grandepremio.com\/es\/f1\/verstappen-reconoce-que-no-fue-rapido-y-asume-intente-ser-segundo\/","title":{"rendered":"Verstappen reconoce que \u00abno fue r\u00e1pido\u00bb y asume: \u00abIntent\u00e9 ser segundo\u00bb"},"content":{"rendered":"\n<p class=\"wp-block-paragraph\">Por primera vez desde el regreso de <strong>Zandvoort <\/strong>al calendario de <strong>F\u00f3rmula 1<\/strong> en <strong>2021<\/strong>, <strong>Max Verstappen<\/strong> no fue el ganador del <strong>Gran Premio de Pa\u00edses Bajos<\/strong>. El neerland\u00e9s, que vio c\u00f3mo <strong>Lando Norris<\/strong> lo pasaba volando en la vuelta 18 para colocarse l\u00edder y no volver a perder el liderazgo, confes\u00f3 que \u00abno era lo suficientemente r\u00e1pido\u00bb y que su objetivo era asegurar el segundo puesto en la carrera, algo que consigui\u00f3.<\/p>\n\n\n\n<p class=\"wp-block-paragraph\">Desde el principio, Verstappen, que sal\u00eda segundo en la parrilla, <a href=\"https:\/\/grandepremio.com\/es\/video\/f1\/lando-norris-salida-gp-paises-bajos-f1-2024-max-verstappen-red-bull-mclaren\/\">se puso en cabeza tras otra salida lenta de Norris<\/a>. Sin embargo, una vez que el brit\u00e1nico recuper\u00f3 la primera posici\u00f3n, el tricampe\u00f3n ya no volvi\u00f3 a luchar por la victoria.<\/p>\n\n\n\n<p class=\"wp-block-paragraph\">Aunque confes\u00f3 que esperaba \u00abhacerlo mejor\u00bb, Verstappen entiende que <strong>Red Bull<\/strong> lo dio todo en Zandvoort y no pudo luchar con el <strong>McLaren <\/strong>de Norris.<\/p>\n\n\n\n<p class=\"wp-block-paragraph\">\ud83d\udfe5&nbsp;<strong><em>\u00a1Todas las novedades te esperan en el canal de&nbsp;<\/em><\/strong><a href=\"https:\/\/www.youtube.com\/@GrandePremioES\" target=\"_blank\" rel=\"noreferrer noopener\"><em>YouTube<\/em><\/a><strong><em>&nbsp;de Grande Pr\u00eamio en Espa\u00f1ol!<\/em><\/strong>&nbsp;\ud83d\udfe8<\/p>\n\n\n\n<figure class=\"wp-block-image size-large\"><img decoding=\"async\" src=\"https:\/\/grandepremio.com\/es\/wp-content\/uploads\/2024\/08\/paises-baixos-holanda-2024-f1-classificacao-red-bull-max-verstappen-05-1200x800-1-1024x683.jpg\" alt=\"\" class=\"wp-image-251518\"\/><figcaption class=\"wp-element-caption\">Vertsappen no pudo mantener la primera posici\u00f3n que logr\u00f3 en la largada. (Foto: Red Bull Content Pool)<\/figcaption><\/figure>\n\n\n\n<p class=\"wp-block-paragraph\">\u23e9&nbsp;<em><strong>\u00a1Seguinos en redes por&nbsp;<\/strong><\/em><a href=\"https:\/\/twitter.com\/grandepremioES\" target=\"_blank\" rel=\"noreferrer noopener\"><em>Twitter&nbsp;<\/em><\/a><em><strong>e&nbsp;<\/strong><\/em><a href=\"https:\/\/www.instagram.com\/grandepremioes\/\" target=\"_blank\" rel=\"noreferrer noopener\"><em>Instagram!<\/em><\/a><br><strong>\u23e9<\/strong>&nbsp;<em><strong>Adem\u00e1s, tenemos nuestro&nbsp;<\/strong><\/em><a href=\"https:\/\/whatsapp.com\/channel\/0029VaDZ5zb0gcfDxuwxBM05\" target=\"_blank\" rel=\"noreferrer noopener\"><em>canal de Whatsapp<\/em><\/a><em><strong>&nbsp;con toda la informaci\u00f3n al instante<\/strong><\/em>&nbsp;\ud83c\udfc1<\/p>\n\n\n\n<p class=\"wp-block-paragraph\">\u00abSiempre esperas hacerlo mejor. Hicimos una buena salida y hoy lo intentamos todo, pero a lo largo de la carrera qued\u00f3 claro que no \u00e9ramos lo bastante r\u00e1pidos, as\u00ed que intent\u00e9 mantenerme segundo\u00bb, declar\u00f3.<\/p>\n\n\n\n<p class=\"wp-block-paragraph\">Consultado despu\u00e9s de la carrera si estaba pensando en la salida antes de la carrera, el piloto local dijo que no, pero afirm\u00f3 que esperaba hacer una buena salida para tener m\u00e1s posibilidades en el GP de casa.<\/p>\n\n\n\n<p class=\"wp-block-paragraph\">\u00abSinceramente, no. S\u00e9 que hemos tenido buenas salidas, as\u00ed que estaba bastante confiado en que tendr\u00edamos otra y afortunadamente as\u00ed fue. Simplemente intent\u00e9 hacer mi propia carrera y eso result\u00f3 en el segundo puesto de hoy\u00bb, dijo.<\/p>\n\n\n\n<p class=\"wp-block-paragraph\">Verstappen lidera ahora el <strong>Campeonato de Pilotos<\/strong> con 295 puntos, pero la distancia con Norris, segundo con 225, se ha reducido a 70. En el Mundial de Constructores, McLaren sigue persiguiendo al l\u00edder Red Bull, que tiene 434 puntos frente a los 404 de la escuder\u00eda brit\u00e1nica.<\/p>\n\n\n\n<p class=\"wp-block-paragraph\">La <strong>F\u00f3rmula 1<\/strong> vuelve a la competencia el pr\u00f3ximo fin de semana con motivo del <strong>Gran Premio de Italia<\/strong> en <strong>Monza<\/strong>, entre el 30 de agosto y el 1 de septiembre.<\/p>\n\n\n\n<figure class=\"wp-block-embed is-type-video is-provider-youtube wp-block-embed-youtube wp-embed-aspect-16-9 wp-has-aspect-ratio\"><div class=\"wp-block-embed__wrapper\">\n<iframe loading=\"lazy\" title=\"GP DE PA\u00cdSES BAJOS - EL RESUMEN\" width=\"500\" height=\"281\" src=\"https:\/\/www.youtube.com\/embed\/p4KkhIhAgRg?feature=oembed\" frameborder=\"0\" allow=\"accelerometer; autoplay; clipboard-write; encrypted-media; gyroscope; picture-in-picture; web-share\" referrerpolicy=\"strict-origin-when-cross-origin\" allowfullscreen><\/iframe>\n<\/div><\/figure>\n","protected":false},"excerpt":{"rendered":"<p>Luego de ganar la primera posici\u00f3n en la largada en Zandvoort, Verstappen se vio superado en ritmo por Norris y se tuvo que resignar a lograr el segundo puesto en el GP como local.<\/p>\n","protected":false},"author":0,"featured_media":1010251374,"comment_status":"closed","ping_status":"closed","sticky":false,"template":"","format":"standard","meta":{"42wp_featured_image_caption":"","42wp_featured_image_credits":"","42wp_featured_video":"","42wp_featured_image_hidden":false,"42wp_authors_list":[],"footnotes":""},"categories":[5],"tags":[2249,179,10692,268,249,269,1517,206,808],"42wp_author":[14240],"class_list":["post-12158","post","type-post","status-publish","format-standard","has-post-thumbnail","hentry","category-f1","tag-f1-2024","tag-formula-1","tag-gp-paises-bajos","tag-lando-norris","tag-max-verstappen","tag-mclaren","tag-mundial-de-pilotos","tag-red-bull","tag-zandvoort","42wp_author-ignacio-bogado"],"_links":{"self":[{"href":"https:\/\/grandepremio.com\/es\/wp-json\/wp\/v2\/posts\/12158","targetHints":{"allow":["GET"]}}],"collection":[{"href":"https:\/\/grandepremio.com\/es\/wp-json\/wp\/v2\/posts"}],"about":[{"href":"https:\/\/grandepremio.com\/es\/wp-json\/wp\/v2\/types\/post"}],"replies":[{"embeddable":true,"href":"https:\/\/grandepremio.com\/es\/wp-json\/wp\/v2\/comments?post=12158"}],"version-history":[{"count":0,"href":"https:\/\/grandepremio.com\/es\/wp-json\/wp\/v2\/posts\/12158\/revisions"}],"wp:featuredmedia":[{"embeddable":true,"href":"https:\/\/grandepremio.com\/es\/wp-json\/wp\/v2\/media\/1010251374"}],"wp:attachment":[{"href":"https:\/\/grandepremio.com\/es\/wp-json\/wp\/v2\/media?parent=12158"}],"wp:term":[{"taxonomy":"category","embeddable":true,"href":"https:\/\/grandepremio.com\/es\/wp-json\/wp\/v2\/categories?post=12158"},{"taxonomy":"post_tag","embeddable":true,"href":"https:\/\/grandepremio.com\/es\/wp-json\/wp\/v2\/tags?post=12158"},{"taxonomy":"42wp_author","embeddable":true,"href":"https:\/\/grandepremio.com\/es\/wp-json\/wp\/v2\/42wp_author?post=12158"}],"curies":[{"name":"wp","href":"https:\/\/api.w.org\/{rel}","templated":true}]}}