{"id":12197,"date":"2024-08-23T17:19:10","date_gmt":"2024-08-23T20:19:10","guid":{"rendered":"https:\/\/grandepremio.com\/es\/2024\/08\/23\/sainz-considera-un-fin-de-semana-sprint-en-zandvoort-tras-la-rotura-del-viernes\/"},"modified":"2024-08-23T17:19:16","modified_gmt":"2024-08-23T20:19:16","slug":"sainz-considera-un-fin-de-semana-sprint-en-zandvoort-tras-la-rotura-del-viernes","status":"publish","type":"post","link":"https:\/\/grandepremio.com\/es\/f1\/sainz-considera-un-fin-de-semana-sprint-en-zandvoort-tras-la-rotura-del-viernes\/","title":{"rendered":"Sainz considera un \u00abfin de semana Sprint\u00bb en Zandvoort tras la rotura del viernes"},"content":{"rendered":"\n<p class=\"wp-block-paragraph\">El viernes del <strong>Gran Premio de Pa\u00edses Bajos<\/strong> vio poca acci\u00f3n del coche #55 de <strong>Carlos Sainz<\/strong>. El piloto de <strong>Ferrari <\/strong>dijo que s\u00f3lo consigui\u00f3 tres vueltas r\u00e1pidas por la ma\u00f1ana en la <strong>FP1<\/strong>, que estuvo marcada por el fuerte viento y la lluvia. Despu\u00e9s, en la <strong>FP2<\/strong>, <a href=\"https:\/\/grandepremio.com\/es\/f1\/sainz-termina-la-fp2-de-zandvoort-antes-de-tiempo-por-un-problema-de-caja-de-cambios\/\">la caja de cambios del <strong>SF-24<\/strong> se rompi\u00f3<\/a>, obligando a retirarse al espa\u00f1ol, que lament\u00f3 sus infortunios y dijo que el fin de semana se hab\u00eda convertido en una carrera <strong>Sprint<\/strong>.<\/p>\n\n\n\n<p class=\"wp-block-paragraph\">Sainz subray\u00f3 que, a falta de la <strong>FP3<\/strong>, el equipo tendr\u00e1 que correr contrarreloj para \u00abrecuperar el tiempo perdido\u00bb. En consecuencia, el espa\u00f1ol predic\u00f3 la urgencia para alcanzar cuanto antes el ritmo deseado el s\u00e1bado.<\/p>\n\n\n\n<p class=\"wp-block-paragraph\">\ud83d\udfe5\u00a0<strong><em>\u00a1Todas las novedades te esperan en el canal de\u00a0<\/em><\/strong><a href=\"https:\/\/www.youtube.com\/@GrandePremioES\" target=\"_blank\" rel=\"noreferrer noopener\"><em><strong>YouTube<\/strong><\/em><\/a><strong><em>\u00a0de Grande Pr\u00eamio en Espa\u00f1ol!<\/em><\/strong>\u00a0\ud83d\udfe8<\/p>\n\n\n\n<figure class=\"wp-block-image size-large\"><img decoding=\"async\" src=\"https:\/\/grandepremio.com\/cdn-cgi\/image\/width=893,height=558,fit=contain,gravity=0.5x0.5,quality=75,format=webp\/es\/wp-content\/uploads\/2024\/08\/GVqZQxHb0AANg7i-1024x683.jpeg\" alt=\"\" class=\"wp-image-251426\"\/><figcaption class=\"wp-element-caption\">Carlos Sainz destac\u00f3 el poco tiempo de trabajo en pista durante la FP1 por la lluvia y las fuertes r\u00e1fagas de viento en Zandvoort. (Foto: Ferrari)<\/figcaption><\/figure>\n\n\n\n<p class=\"wp-block-paragraph\">Adem\u00e1s, destac\u00f3 que era a\u00fan m\u00e1s importante tener un viernes productivo en <strong>Zandvoort <\/strong>porque, seg\u00fan el piloto, es una de las pistas m\u00e1s desfavorables para Ferrari.<\/p>\n\n\n\n<p class=\"wp-block-paragraph\">\u00abB\u00e1sicamente no pudimos correr demasiado en la primera sesi\u00f3n por culpa del tiempo, s\u00f3lo dimos tres vueltas. Luego todo el mundo trabajaba en el inconveniente en la pr\u00e1ctica 2. Tuvimos un problema con la caja de cambios, lo que nos impidi\u00f3 volver a completar m\u00e1s de dos o tres vueltas. As\u00ed que afrontamos el s\u00e1bado como si fuera un fin de semana Sprint, porque s\u00f3lo nos queda una sesi\u00f3n de entrenamientos. As\u00ed que ma\u00f1ana tendr\u00e9 que ir a por todas en la tercera pr\u00e1ctica libre e intentar ponerme al d\u00eda enseguida. Aun as\u00ed, espero hacer un buen papel\u00bb, coment\u00f3.<\/p>\n\n\n\n<p class=\"wp-block-paragraph\">Adem\u00e1s de los problemas con Sainz, Ferrari tambi\u00e9n vio c\u00f3mo<strong> Charles Leclerc<\/strong> no mostraba un ritmo fuerte el viernes. El monegasco termin\u00f3 el primer ensayo en 13\u00aa posici\u00f3n y el segundo en 9\u00aa.<\/p>\n\n\n\n<figure class=\"wp-block-image size-large\"><img decoding=\"async\" src=\"https:\/\/grandepremio.com\/cdn-cgi\/image\/width=893,height=558,fit=contain,gravity=0.5x0.5,quality=75,format=webp\/es\/wp-content\/uploads\/2024\/08\/GVqVkYIbYAAylhn-1024x683.jpeg\" alt=\"\" class=\"wp-image-251427\"\/><figcaption class=\"wp-element-caption\">El espa\u00f1ol solo complet\u00f3 tres vueltas en la primera sesi\u00f3n y una rotura en la caja de cambios lo dej\u00f3 fuera al inicio de la FP2. (Foto: Ferrari)<\/figcaption><\/figure>\n\n\n\n<p class=\"wp-block-paragraph\">\u23e9\u00a0<em><strong>\u00a1Seguinos en redes por\u00a0<\/strong><\/em><a href=\"https:\/\/twitter.com\/grandepremioES\" target=\"_blank\" rel=\"noreferrer noopener\"><em><strong>Twitter<\/strong>\u00a0<\/em><\/a><em><strong>e\u00a0<\/strong><\/em><a href=\"https:\/\/www.instagram.com\/grandepremioes\/\" target=\"_blank\" rel=\"noreferrer noopener\"><em><strong>Instagram!<\/strong><\/em><\/a><br><strong>\u23e9<\/strong>\u00a0<em><strong>Adem\u00e1s, tenemos nuestro\u00a0<\/strong><\/em><a href=\"https:\/\/whatsapp.com\/channel\/0029VaDZ5zb0gcfDxuwxBM05\" target=\"_blank\" rel=\"noreferrer noopener\"><em><strong>canal de WhatsApp<\/strong><\/em><\/a><em><strong>\u00a0con toda la informaci\u00f3n al instante<\/strong><\/em>\u00a0\ud83c\udfc1<\/p>\n\n\n\n<p class=\"wp-block-paragraph\">\u00abNo es lo ideal, hoy necesit\u00e1bamos los dos coches en pista, porque sabemos que \u00e9sta es una de las m\u00e1s complicadas para nosotros por las curvas largas y la alta carga aerodin\u00e1mica. As\u00ed que habr\u00eda estado bien tener los dos autos en el circuito para intentar algo, pero como he dicho, ma\u00f1ana nos centraremos en la FP3 para intentar recuperar el tiempo perdido y preparar la clasificaci\u00f3n y la carrera\u00bb, coment\u00f3.<\/p>\n\n\n\n<p class=\"wp-block-paragraph\">Por otro lado, el espa\u00f1ol asegur\u00f3 que el problema de la caja de cambios no ser\u00e1 un factor este fin de semana. As\u00ed que s\u00f3lo queda mejorar a partir del s\u00e1bado.<\/p>\n\n\n\n<p class=\"wp-block-paragraph\">\u00abLo positivo es que esto no deber\u00eda afectar al resto del fin de semana. En ese sentido, deber\u00eda ser tranquilo\u00bb, concluy\u00f3.<\/p>\n\n\n\n<p class=\"wp-block-paragraph\"><strong>GRANDE PREMIO en Espa\u00f1ol sigue todas las actividades del Gran Premio de Pa\u00edses Bajos de\u00a0<a href=\"https:\/\/es.grandepremio.com\/f1\/\" target=\"_blank\" rel=\"noreferrer noopener\"><\/a><a href=\"https:\/\/es.grandepremio.com\/f1\/\" target=\"_blank\" rel=\"noreferrer noopener\"><\/a><a href=\"https:\/\/es.grandepremio.com\/f1\/\" target=\"_blank\" rel=\"noreferrer noopener\"><\/a><a href=\"https:\/\/es.grandepremio.com\/f1\/\" target=\"_blank\" rel=\"noreferrer noopener\">F\u00f3rmula 1<\/a>\u00a0EN DIRECTO y EN TIEMPO REAL<\/strong><\/p>\n\n\n\n<figure class=\"wp-block-embed is-type-video is-provider-youtube wp-block-embed-youtube wp-embed-aspect-16-9 wp-has-aspect-ratio\"><div class=\"wp-block-embed__wrapper\">\nhttps:\/\/youtu.be\/hRZBmmgVAU\n<\/div><\/figure>\n","protected":false},"excerpt":{"rendered":"<p>El espa\u00f1ol dio muy pocas vueltas en Zandvoort el viernes despu\u00e9s de que el tiempo dificultara la FP1 y se rompiera la caja de cambios en la FP2.<\/p>\n","protected":false},"author":0,"featured_media":1010251428,"comment_status":"closed","ping_status":"closed","sticky":false,"template":"","format":"standard","meta":{"42wp_featured_image_caption":"","42wp_featured_image_credits":"","42wp_featured_video":"","42wp_featured_image_hidden":false,"42wp_authors_list":[],"footnotes":""},"categories":[5],"tags":[302,247,2249,185,179,550,551,4011,10692,10674,808],"42wp_author":[14240],"class_list":["post-12197","post","type-post","status-publish","format-standard","has-post-thumbnail","hentry","category-f1","tag-carlos-sainz","tag-charles-leclerc","tag-f1-2024","tag-ferrari","tag-formula-1","tag-fp1","tag-fp2","tag-fp3","tag-gp-paises-bajos","tag-sf24","tag-zandvoort","42wp_author-ignacio-bogado"],"_links":{"self":[{"href":"https:\/\/grandepremio.com\/es\/wp-json\/wp\/v2\/posts\/12197","targetHints":{"allow":["GET"]}}],"collection":[{"href":"https:\/\/grandepremio.com\/es\/wp-json\/wp\/v2\/posts"}],"about":[{"href":"https:\/\/grandepremio.com\/es\/wp-json\/wp\/v2\/types\/post"}],"replies":[{"embeddable":true,"href":"https:\/\/grandepremio.com\/es\/wp-json\/wp\/v2\/comments?post=12197"}],"version-history":[{"count":0,"href":"https:\/\/grandepremio.com\/es\/wp-json\/wp\/v2\/posts\/12197\/revisions"}],"wp:featuredmedia":[{"embeddable":true,"href":"https:\/\/grandepremio.com\/es\/wp-json\/wp\/v2\/media\/1010251428"}],"wp:attachment":[{"href":"https:\/\/grandepremio.com\/es\/wp-json\/wp\/v2\/media?parent=12197"}],"wp:term":[{"taxonomy":"category","embeddable":true,"href":"https:\/\/grandepremio.com\/es\/wp-json\/wp\/v2\/categories?post=12197"},{"taxonomy":"post_tag","embeddable":true,"href":"https:\/\/grandepremio.com\/es\/wp-json\/wp\/v2\/tags?post=12197"},{"taxonomy":"42wp_author","embeddable":true,"href":"https:\/\/grandepremio.com\/es\/wp-json\/wp\/v2\/42wp_author?post=12197"}],"curies":[{"name":"wp","href":"https:\/\/api.w.org\/{rel}","templated":true}]}}