{"id":12199,"date":"2024-08-23T16:42:02","date_gmt":"2024-08-23T19:42:02","guid":{"rendered":"https:\/\/grandepremio.com\/es\/2024\/08\/23\/tsunoda-ve-un-coche-consistente-y-equilibrado-en-zandvoort\/"},"modified":"2024-08-23T16:44:28","modified_gmt":"2024-08-23T19:44:28","slug":"tsunoda-ve-un-coche-consistente-y-equilibrado-en-zandvoort","status":"publish","type":"post","link":"https:\/\/grandepremio.com\/es\/f1\/tsunoda-ve-un-coche-consistente-y-equilibrado-en-zandvoort\/","title":{"rendered":"Tsunoda ve un coche \u00abconsistente y equilibrado\u00bb en Zandvoort"},"content":{"rendered":"\n<p class=\"wp-block-paragraph\"><strong>Yuki Tsunoda<\/strong> tuvo un viernes positivo en el circuito de <strong>Zandvoort<\/strong>, terminando la <strong>FP2 <\/strong>en s\u00e9ptimo lugar despu\u00e9s de una primera sesi\u00f3n empa\u00f1ada por el tiempo. Con lluvia y fuertes vientos, el piloto japon\u00e9s de <strong>RB <\/strong>s\u00f3lo fue 14\u00ba en la primera sesi\u00f3n de entrenamientos, pero dijo que \u00abenseguida\u00bb se sinti\u00f3 confiado con el <strong>VCARB 01<\/strong>.<\/p>\n\n\n\n<p class=\"wp-block-paragraph\">El piloto del #22 tambi\u00e9n se refiri\u00f3 a los fuertes vientos que azotaron el circuito durante la <strong>FP1 <\/strong>en particular. A pesar de las adversas condiciones meteorol\u00f3gicas, el japon\u00e9s consider\u00f3 que el coche era \u00abconsistente y equilibrado\u00bb, algo que valor\u00f3 tras la acci\u00f3n en pista.<\/p>\n\n\n\n<p class=\"wp-block-paragraph\">Seg\u00fan Yuki, el ritmo de carrera tampoco es malo y habr\u00e1 que hacer \u00abs\u00f3lo ajustes finos\u00bb antes de la clasificaci\u00f3n del s\u00e1bado.<\/p>\n\n\n\n<p class=\"wp-block-paragraph\">\ud83d\udfe5\u00a0<strong><em>\u00a1Todas las novedades te esperan en el canal de\u00a0<\/em><\/strong><a href=\"https:\/\/www.youtube.com\/@GrandePremioES\" target=\"_blank\" rel=\"noreferrer noopener\"><em><strong>YouTube<\/strong><\/em><\/a><strong><em>\u00a0de Grande Pr\u00eamio en Espa\u00f1ol!<\/em><\/strong>\u00a0\ud83d\udfe8<\/p>\n\n\n\n<figure class=\"wp-block-image size-large\"><img decoding=\"async\" src=\"https:\/\/grandepremio.com\/cdn-cgi\/image\/width=893,height=558,fit=contain,gravity=0.5x0.5,quality=75,format=webp\/es\/wp-content\/uploads\/2024\/08\/GVrIK7tXIAEQWIm-1024x576.jpeg\" alt=\"\" class=\"wp-image-251408\"\/><figcaption class=\"wp-element-caption\">Yuki Tsunoda elogi\u00f3 la estabilidad y la firmeza del RB a pesar de los fuertes vientos de la primera sesi\u00f3n de entrenamientos en Zandvoort. (Foto: RB)<\/figcaption><\/figure>\n\n\n\n<p class=\"wp-block-paragraph\">\u23e9\u00a0<em><strong>\u00a1Seguinos en redes por\u00a0<\/strong><\/em><a href=\"https:\/\/twitter.com\/grandepremioES\" target=\"_blank\" rel=\"noreferrer noopener\"><em><strong>Twitter<\/strong>\u00a0<\/em><\/a><em><strong>e\u00a0<\/strong><\/em><a href=\"https:\/\/www.instagram.com\/grandepremioes\/\" target=\"_blank\" rel=\"noreferrer noopener\"><em><strong>Instagram!<\/strong><\/em><\/a><br><strong>\u23e9<\/strong>\u00a0<em><strong>Adem\u00e1s, tenemos nuestro\u00a0<\/strong><\/em><a href=\"https:\/\/whatsapp.com\/channel\/0029VaDZ5zb0gcfDxuwxBM05\" target=\"_blank\" rel=\"noreferrer noopener\"><em><strong>canal de WhatsApp<\/strong><\/em><\/a><em><strong>\u00a0con toda la informaci\u00f3n al instante<\/strong><\/em>\u00a0\ud83c\udfc1<\/p>\n\n\n\n<p class=\"wp-block-paragraph\">\u00abHe empezado bien esta segunda parte de la temporada, sobre todo en la pr\u00e1ctica 2. He terminado entre los 10 primeros, lo que est\u00e1 bien. El ritmo de carrera tampoco parece tan malo, as\u00ed que s\u00f3lo tenemos que hacer ajustes finos para ma\u00f1ana y maximizar lo que ya tenemos\u00bb, coment\u00f3.<\/p>\n\n\n\n<p class=\"wp-block-paragraph\">\u00abTeniendo en cuenta este tipo de viento, el coche parece muy consistente y equilibrado. As\u00ed que me sent\u00ed confiado enseguida en la primera sesi\u00f3n y lo disfrut\u00e9. En este circuito con muchas subidas, bajadas y pendientes, nuestro d\u00eda ha sido muy positivo y tenemos que seguir as\u00ed ma\u00f1ana\u00bb, concluy\u00f3.<\/p>\n\n\n\n<p class=\"wp-block-paragraph\"><strong>Daniel Ricciardo<\/strong>, por su parte, fue m\u00e1s discreto para RB. El australiano fue 19\u00ba y pen\u00faltimo en la FP1 y s\u00f3lo ascendi\u00f3 a la 13\u00aa posici\u00f3n en la FP2.<\/p>\n\n\n\n<p class=\"wp-block-paragraph\"><strong>GRANDE PREMIO en Espa\u00f1ol sigue todas las actividades del Gran Premio de Pa\u00edses Bajos de\u00a0<a href=\"https:\/\/es.grandepremio.com\/f1\/\" target=\"_blank\" rel=\"noreferrer noopener\"><\/a><a href=\"https:\/\/es.grandepremio.com\/f1\/\" target=\"_blank\" rel=\"noreferrer noopener\"><\/a><a href=\"https:\/\/es.grandepremio.com\/f1\/\" target=\"_blank\" rel=\"noreferrer noopener\">F\u00f3rmula 1<\/a>\u00a0EN DIRECTO y EN TIEMPO REAL<\/strong><\/p>\n\n\n\n<figure class=\"wp-block-embed is-type-video is-provider-youtube wp-block-embed-youtube wp-embed-aspect-16-9 wp-has-aspect-ratio\"><div class=\"wp-block-embed__wrapper\">\n<iframe loading=\"lazy\" title=\"GP DE PA\u00cdSES BAJOS - LA PREVIA\" width=\"500\" height=\"281\" src=\"https:\/\/www.youtube.com\/embed\/hRZBmmgVAZU?feature=oembed\" frameborder=\"0\" allow=\"accelerometer; autoplay; clipboard-write; encrypted-media; gyroscope; picture-in-picture; web-share\" referrerpolicy=\"strict-origin-when-cross-origin\" allowfullscreen><\/iframe>\n<\/div><\/figure>\n","protected":false},"excerpt":{"rendered":"<p>Mientras que Daniel Ricciardo no estuvo entre los diez primeros el viernes, Yuki Tsunoda termin\u00f3 la FP2 en s\u00e9ptimo lugar y dijo que se sent\u00eda confiado con el coche.<\/p>\n","protected":false},"author":0,"featured_media":1010248531,"comment_status":"closed","ping_status":"closed","sticky":false,"template":"","format":"standard","meta":{"42wp_featured_image_caption":"","42wp_featured_image_credits":"","42wp_featured_video":"","42wp_featured_image_hidden":false,"42wp_authors_list":[],"footnotes":""},"categories":[5],"tags":[365,2249,179,550,551,10692,9881,10724,368,808],"42wp_author":[14240],"class_list":["post-12199","post","type-post","status-publish","format-standard","has-post-thumbnail","hentry","category-f1","tag-daniel-ricciardo","tag-f1-2024","tag-formula-1","tag-fp1","tag-fp2","tag-gp-paises-bajos","tag-rb","tag-vcarb-01","tag-yuki-tsunoda","tag-zandvoort","42wp_author-ignacio-bogado"],"_links":{"self":[{"href":"https:\/\/grandepremio.com\/es\/wp-json\/wp\/v2\/posts\/12199","targetHints":{"allow":["GET"]}}],"collection":[{"href":"https:\/\/grandepremio.com\/es\/wp-json\/wp\/v2\/posts"}],"about":[{"href":"https:\/\/grandepremio.com\/es\/wp-json\/wp\/v2\/types\/post"}],"replies":[{"embeddable":true,"href":"https:\/\/grandepremio.com\/es\/wp-json\/wp\/v2\/comments?post=12199"}],"version-history":[{"count":0,"href":"https:\/\/grandepremio.com\/es\/wp-json\/wp\/v2\/posts\/12199\/revisions"}],"wp:featuredmedia":[{"embeddable":true,"href":"https:\/\/grandepremio.com\/es\/wp-json\/wp\/v2\/media\/1010248531"}],"wp:attachment":[{"href":"https:\/\/grandepremio.com\/es\/wp-json\/wp\/v2\/media?parent=12199"}],"wp:term":[{"taxonomy":"category","embeddable":true,"href":"https:\/\/grandepremio.com\/es\/wp-json\/wp\/v2\/categories?post=12199"},{"taxonomy":"post_tag","embeddable":true,"href":"https:\/\/grandepremio.com\/es\/wp-json\/wp\/v2\/tags?post=12199"},{"taxonomy":"42wp_author","embeddable":true,"href":"https:\/\/grandepremio.com\/es\/wp-json\/wp\/v2\/42wp_author?post=12199"}],"curies":[{"name":"wp","href":"https:\/\/api.w.org\/{rel}","templated":true}]}}