{"id":12204,"date":"2024-08-23T15:25:35","date_gmt":"2024-08-23T18:25:35","guid":{"rendered":"https:\/\/grandepremio.com\/es\/2024\/08\/23\/hamilton-destaca-w15-mas-animado-top5-gp-holanda\/"},"modified":"2024-08-23T15:25:42","modified_gmt":"2024-08-23T18:25:42","slug":"hamilton-destaca-w15-mas-animado-top5-gp-holanda","status":"publish","type":"post","link":"https:\/\/grandepremio.com\/es\/f1\/hamilton-destaca-w15-mas-animado-top5-gp-holanda\/","title":{"rendered":"Hamilton destaca un W15 \u201cm\u00e1s animado\u201d y apunta a luchar por el top-5 en GP de Holanda"},"content":{"rendered":"\n<p class=\"wp-block-paragraph\"><strong>Mercedes<\/strong> ha demostrado un ritmo muy bueno en las \u00faltimas carreras de la <strong>F1 2024<\/strong> y gan\u00f3 tres pruebas recientemente, dos de ellas de la mano de <strong>Lewis Hamilton<\/strong>, y el piloto brit\u00e1nico coment\u00f3 que se sinti\u00f3 m\u00e1s c\u00f3modo con el <strong>W15<\/strong>, que le permiti\u00f3 lograr un espectacular r\u00e9cord de una novena victoria en <strong>Silverstone<\/strong> del mes pasado.<\/p>\n\n\n\n<p class=\"wp-block-paragraph\">Durante los entrenamientos libres en Zandvoort, el equipo de <strong>Brackley<\/strong> volvi\u00f3 a emerger como candidato a la victoria. <strong>George Russell<\/strong> fue el m\u00e1s r\u00e1pido del d\u00eda en la FP2 y el siete veces campe\u00f3n del mundo fue tercero, mismo resultado de la FP1 de la ma\u00f1ana, que tuvo viento y lluvias hasta los \u00faltimos diez minutos de la tanda.<\/p>\n\n\n\n<p class=\"wp-block-paragraph\">\ud83d\udfe5&nbsp;<strong><em>\u00a1Todas las novedades te esperan en el canal de&nbsp;<\/em><\/strong><a href=\"https:\/\/www.youtube.com\/@GrandePremioES\" target=\"_blank\" rel=\"noreferrer noopener\"><em>YouTube<\/em><\/a><strong><em>&nbsp;de Grande Pr\u00eamio en Espa\u00f1ol!<\/em><\/strong>&nbsp;\ud83d\udfe8<\/p>\n\n\n\n<p class=\"wp-block-paragraph\">Al final del d\u00eda, Hamilton admiti\u00f3 que, aunque el inicio del fin de semana no fue el mejor posible, se sent\u00eda bien con el W15 y dijo que podr\u00eda luchar por el top-5 el domingo.<\/p>\n\n\n\n<figure class=\"wp-block-image size-large is-resized\"><img decoding=\"async\" src=\"https:\/\/grandepremio.com\/cdn-cgi\/image\/width=893,height=558,fit=contain,gravity=0.5x0.5,quality=75,format=webp\/es\/wp-content\/uploads\/2024\/08\/paises-baixos-holanda-2024-f1-treinos-livres-mercedes-lewis-hamilton-02-1200x800-1-1024x683.jpg\" alt=\"\" class=\"wp-image-251388\" style=\"aspect-ratio:1.4982078853046594;width:839px;height:auto\"\/><figcaption class=\"wp-element-caption\">Lewis Hamilton habl\u00f3 sobre la mejora del W15 (Foto: Mercedes)<\/figcaption><\/figure>\n\n\n\n<p class=\"wp-block-paragraph\"><strong>\u201cMe sent\u00ed bien hoy. No ha sido el mejor comienzo de fin de semana, pero supone una gran diferencia respecto al a\u00f1o pasado. El coche parece m\u00e1s vivo y ahora podemos estar delante. Ahora entendemos mucho mejor el coche, as\u00ed que s\u00f3lo necesitamos hacer algunos ajustes y eso hace que todo sea mucho m\u00e1s sencillo y hace que nuestro trabajo sea m\u00e1s agradable<\/strong>\u201d, destac\u00f3 Lewis.<\/p>\n\n\n\n<p class=\"wp-block-paragraph\"><strong>\u201cTodav\u00eda tenemos algo de rendimiento que mejorar, pero es m\u00e1s una cuesti\u00f3n de poner a punto el coche, pero en general [en la clasificaci\u00f3n] el ritmo es bueno. Para las carreras todav\u00eda es dif\u00edcil decirlo. No s\u00e9 si estamos en la lucha por la victoria, pero seguro que estaremos entre los cinco primeros\u201d<\/strong>, concluy\u00f3 Hamilton.<\/p>\n\n\n\n<p class=\"wp-block-paragraph\">\u23e9&nbsp;<em><strong>\u00a1Seguinos en redes por&nbsp;<\/strong><\/em><a href=\"https:\/\/twitter.com\/grandepremioES\" target=\"_blank\" rel=\"noreferrer noopener\"><em>Twitter&nbsp;<\/em><\/a><em><strong>e&nbsp;<\/strong><\/em><a href=\"https:\/\/www.instagram.com\/grandepremioes\/\" target=\"_blank\" rel=\"noreferrer noopener\"><em>Instagram!<\/em><\/a><br><strong>\u23e9<\/strong>&nbsp;<em><strong>Adem\u00e1s, tenemos nuestro&nbsp;<\/strong><\/em><a href=\"https:\/\/whatsapp.com\/channel\/0029VaDZ5zb0gcfDxuwxBM05\" target=\"_blank\" rel=\"noreferrer noopener\"><em>canal de Whatsapp<\/em><\/a><em><strong>&nbsp;con toda la informaci\u00f3n al instante<\/strong><\/em>&nbsp;\ud83c\udfc1<\/p>\n\n\n\n<p class=\"wp-block-paragraph\">GRANDE PR\u00caMIO sigue todas las actividades del Gran Premio de Holanda de F\u00f3rmula 1 EN DIRECTO y EN TIEMPO REAL. La FP3 comenzar\u00e1 ma\u00f1ana, a las 6:30, hora de Brasilia y Buenos Aires.<\/p>\n\n\n\n<figure class=\"wp-block-embed is-type-video is-provider-youtube wp-block-embed-youtube wp-embed-aspect-16-9 wp-has-aspect-ratio\"><div class=\"wp-block-embed__wrapper\">\n<iframe loading=\"lazy\" title=\"GP DE PA\u00cdSES BAJOS - LA PREVIA\" width=\"500\" height=\"281\" src=\"https:\/\/www.youtube.com\/embed\/hRZBmmgVAZU?feature=oembed\" frameborder=\"0\" allow=\"accelerometer; autoplay; clipboard-write; encrypted-media; gyroscope; picture-in-picture; web-share\" referrerpolicy=\"strict-origin-when-cross-origin\" allowfullscreen><\/iframe>\n<\/div><\/figure>\n","protected":false},"excerpt":{"rendered":"<p>Pese a haber hablado de la clara mejora del W15, Lewis Hamilton dijo que a\u00fan no sabe si podr\u00e1 luchar por la victoria durante el GP de los Pa\u00edses Bajos, que se correr\u00e1 el domingo en el trazado de Zandvoort.<\/p>\n","protected":false},"author":0,"featured_media":1010251381,"comment_status":"closed","ping_status":"closed","sticky":false,"template":"","format":"standard","meta":{"42wp_featured_image_caption":"","42wp_featured_image_credits":"","42wp_featured_video":"","42wp_featured_image_hidden":false,"42wp_authors_list":[],"footnotes":""},"categories":[5],"tags":[399,181,2249,179,253,199,197,480,9580],"42wp_author":[14237],"class_list":["post-12204","post","type-post","status-publish","format-standard","has-post-thumbnail","hentry","category-f1","tag-brackley","tag-f1","tag-f1-2024","tag-formula-1","tag-george-russell","tag-lewis-hamilton","tag-mercedes","tag-silverstone","tag-w15","42wp_author-gabriel-garcia"],"_links":{"self":[{"href":"https:\/\/grandepremio.com\/es\/wp-json\/wp\/v2\/posts\/12204","targetHints":{"allow":["GET"]}}],"collection":[{"href":"https:\/\/grandepremio.com\/es\/wp-json\/wp\/v2\/posts"}],"about":[{"href":"https:\/\/grandepremio.com\/es\/wp-json\/wp\/v2\/types\/post"}],"replies":[{"embeddable":true,"href":"https:\/\/grandepremio.com\/es\/wp-json\/wp\/v2\/comments?post=12204"}],"version-history":[{"count":0,"href":"https:\/\/grandepremio.com\/es\/wp-json\/wp\/v2\/posts\/12204\/revisions"}],"wp:featuredmedia":[{"embeddable":true,"href":"https:\/\/grandepremio.com\/es\/wp-json\/wp\/v2\/media\/1010251381"}],"wp:attachment":[{"href":"https:\/\/grandepremio.com\/es\/wp-json\/wp\/v2\/media?parent=12204"}],"wp:term":[{"taxonomy":"category","embeddable":true,"href":"https:\/\/grandepremio.com\/es\/wp-json\/wp\/v2\/categories?post=12204"},{"taxonomy":"post_tag","embeddable":true,"href":"https:\/\/grandepremio.com\/es\/wp-json\/wp\/v2\/tags?post=12204"},{"taxonomy":"42wp_author","embeddable":true,"href":"https:\/\/grandepremio.com\/es\/wp-json\/wp\/v2\/42wp_author?post=12204"}],"curies":[{"name":"wp","href":"https:\/\/api.w.org\/{rel}","templated":true}]}}