{"id":12220,"date":"2024-08-23T09:57:15","date_gmt":"2024-08-23T12:57:15","guid":{"rendered":"https:\/\/grandepremio.com\/es\/2024\/08\/23\/uralkali-demanda-haas-embargo-activos-gp-paises-bajos-f1-2024\/"},"modified":"2024-08-23T09:57:21","modified_gmt":"2024-08-23T12:57:21","slug":"uralkali-demanda-haas-embargo-activos-gp-paises-bajos-f1-2024","status":"publish","type":"post","link":"https:\/\/grandepremio.com\/es\/f1\/uralkali-demanda-haas-embargo-activos-gp-paises-bajos-f1-2024\/","title":{"rendered":"Uralkali emprende acciones legales para embargar los coches de Haas"},"content":{"rendered":"\n<p class=\"wp-block-paragraph\">La empresa rusa <strong>Uralkali<\/strong>, antiguo patrocinador de <strong>Haas<\/strong>, ha presentado una demanda en <strong>Pa\u00edses Bajos<\/strong> exigiendo el embargo de los coches del equipo estadounidense. La acci\u00f3n se emprendi\u00f3 despu\u00e9s de que el equipo dirigido por <strong>Ayao Komatsu<\/strong> incumpliera una sentencia de un tribunal suizo y no devolviera el dinero invertido tras la ruptura de la asociaci\u00f3n.<\/p>\n\n\n\n<p class=\"wp-block-paragraph\">\ud83d\udfe5&nbsp;<strong><em>\u00a1Todas las novedades te esperan en el canal de&nbsp;<\/em><\/strong><a href=\"https:\/\/www.youtube.com\/@GrandePremioES\" target=\"_blank\" rel=\"noreferrer noopener\"><em><strong>YouTube<\/strong><\/em><\/a><strong><em>&nbsp;de Grande Pr\u00eamio en Espa\u00f1ol!<\/em><\/strong>&nbsp;\ud83d\udfe8<\/p>\n\n\n\n<p class=\"wp-block-paragraph\">Exportador de fertilizantes pot\u00e1sicos, <strong>Uralkali <\/strong>se uni\u00f3 a <strong>Haas <\/strong>gracias a la llegada de <strong>Nikita Mazepin<\/strong>, hijo del propietario de la empresa, al equipo para la temporada 2021 de <strong>F\u00f3rmula 1<\/strong>. Sin embargo, despu\u00e9s de que <strong>Rusia <\/strong>invadiera <strong>Ucrania <\/strong>a principios de 2022, el equipo opt\u00f3 por poner fin a la relaci\u00f3n con su antiguo socio y despidi\u00f3 al piloto.<\/p>\n\n\n\n<p class=\"wp-block-paragraph\"><strong>Uralkali <\/strong>acudi\u00f3 entonces a los tribunales para recuperar el dinero ya invertido y gan\u00f3 el caso despu\u00e9s de que un tribunal suizo dictaminara que la escuder\u00eda estadounidense tuvo la oportunidad de devolver los 12 millones de euros y no lo hizo.<\/p>\n\n\n\n<p class=\"wp-block-paragraph\">La noticia fue publicada por primera vez por los sitios web holandeses RacingNews365 y Formula.Hu, que tambi\u00e9n informaron de la presencia de asesores en el paddock el jueves 22 por la noche para comprobar el equipamiento de <strong>Haas<\/strong>. <strong>Uralkali <\/strong>pide que la incautaci\u00f3n total de los activos de Haas tenga lugar despu\u00e9s del <strong>Gran Premio de Pa\u00edses Bajos<\/strong>, entre las 8 de la tarde y las 7 de la ma\u00f1ana, en cuanto termine la carrera.<\/p>\n\n\n\n<p class=\"wp-block-paragraph\">\u23e9\u00a0<em><strong>\u00a1Seguinos en redes por\u00a0<\/strong><\/em><a href=\"https:\/\/twitter.com\/grandepremioES\" target=\"_blank\" rel=\"noreferrer noopener\"><em><strong>Twitter<\/strong>\u00a0<\/em><\/a><em><strong>e\u00a0<\/strong><\/em><a href=\"https:\/\/www.instagram.com\/grandepremioes\/\" target=\"_blank\" rel=\"noreferrer noopener\"><em><strong>Instagram!<\/strong><\/em><\/a><br><strong>\u23e9<\/strong>\u00a0<em><strong>Adem\u00e1s, tenemos nuestro\u00a0<\/strong><\/em><a href=\"https:\/\/whatsapp.com\/channel\/0029VaDZ5zb0gcfDxuwxBM05\" target=\"_blank\" rel=\"noreferrer noopener\"><em><strong>canal de WhatsApp<\/strong><\/em><\/a><em><strong>\u00a0con toda la informaci\u00f3n al instante<\/strong><\/em>\u00a0\ud83c\udfc1<\/p>\n\n\n\n<figure class=\"wp-block-image size-full\"><img decoding=\"async\" src=\"https:\/\/grandepremio.com\/es\/wp-content\/uploads\/2024\/08\/haas-nikitamazepin-02-3-1024x683-1.jpg\" alt=\"\" class=\"wp-image-251286\"\/><figcaption class=\"wp-element-caption\">Nikita Mazepin fue despedido de Haas antes de iniciar la temporada 2022 de F1 (Foto: Haas)<\/figcaption><\/figure>\n\n\n\n<p class=\"wp-block-paragraph\">Uralkali emiti\u00f3 entonces un comunicado confirmando la veracidad de la informaci\u00f3n. \u00abSomos conscientes de que agentes judiciales de los Pa\u00edses Bajos, acompa\u00f1ados por la polic\u00eda, llegaron anoche al paddock de Haas e hicieron un inventario de todo el equipo de carreras y otras propiedades. Esta es una consecuencia esperada de la negativa de <strong>Haas <\/strong>a cumplir con la decisi\u00f3n de mediaci\u00f3n de conceder el pago y un coche de carreras a Uralkali.\u00bb<\/p>\n\n\n\n<p class=\"wp-block-paragraph\">\u00abLa decisi\u00f3n fue fijada el 12 de junio con efecto inmediato y fue ignorada por <strong>Haas<\/strong>, tuvo dos meses para cumplir con la decisi\u00f3n y, como se inform\u00f3 anteriormente, Uralkali se puso en contacto con los representantes del equipo<strong> <\/strong>con opciones sobre c\u00f3mo realizar el pago y d\u00f3nde enviar el coche, sin recibir nunca una respuesta clara\u00bb, continu\u00f3.<\/p>\n\n\n\n<p class=\"wp-block-paragraph\">\u00abNo hay ni ha habido nunca sanciones que impidan a Haas cumplir sus obligaciones en su totalidad. Sin embargo, no cumplieron. Nos alegra saber que, tras la visita de las autoridades holandesas, Haas por fin ha hecho caso de la decisi\u00f3n judicial. <strong>Uralkali <\/strong>no quiere otra cosa que recibir lo que se le indic\u00f3 durante un proceso judicial justo y espera que <strong>Haas <\/strong>pueda rectificar r\u00e1pidamente la situaci\u00f3n para que todas las partes puedan seguir adelante\u00bb, finaliz\u00f3.<\/p>\n\n\n\n<p class=\"wp-block-paragraph\">Haas tambi\u00e9n se pronunci\u00f3 y asegur\u00f3 que \u00abtiene la intenci\u00f3n de pagar todas las cantidades adeudadas a Uralkali de conformidad con el laudo arbitral, y no existe ninguna disputa sobre las cantidades adeudadas\u00bb.<\/p>\n\n\n\n<p class=\"wp-block-paragraph\">\u00ab<strong>Haas <\/strong>ha estado trabajando con sus abogados para asegurar que el pago cumple con todas las leyes y regulaciones de sanciones relevantes de los <strong>Estados Unidos,<\/strong> la<strong> Uni\u00f3n Europea,<\/strong> el <strong>Reino Unido<\/strong> y <strong>Suiza<\/strong>. Seguiremos trabajando con <strong>Uralkali <\/strong>en los pr\u00f3ximos d\u00edas para resolver definitivamente este asunto\u00bb, concluy\u00f3.<\/p>\n\n\n\n<p class=\"wp-block-paragraph\">Si efectivamente se embargan los activos de <strong>Haas<\/strong>, la participaci\u00f3n del equipo en el <strong>Gran Premio de Italia<\/strong> del pr\u00f3ximo fin de semana se ver\u00e1 seriamente comprometida. Desde la escuder\u00eda sin embargo, conf\u00edan en que esto no ocurra. Se espera que la fecha l\u00edmite para el pago sea el lunes 26 de agosto, cuando comienza la log\u00edstica para <strong>Monza<\/strong>.<\/p>\n\n\n\n<p class=\"wp-block-paragraph\"><strong>GRANDE PREMIO en Espa\u00f1ol sigue todas las actividades del Gran Premio de Pa\u00edses Bajos de\u00a0<a href=\"https:\/\/es.grandepremio.com\/f1\/\" target=\"_blank\" rel=\"noreferrer noopener\">F\u00f3rmula 1<\/a>\u00a0EN DIRECTO y EN TIEMPO REAL<\/strong><\/p>\n\n\n\n<figure class=\"wp-block-embed is-type-video is-provider-youtube wp-block-embed-youtube wp-embed-aspect-16-9 wp-has-aspect-ratio\"><div class=\"wp-block-embed__wrapper\">\n<iframe loading=\"lazy\" title=\"GP DE PA\u00cdSES BAJOS - LA PREVIA\" width=\"500\" height=\"281\" src=\"https:\/\/www.youtube.com\/embed\/hRZBmmgVAZU?feature=oembed\" frameborder=\"0\" allow=\"accelerometer; autoplay; clipboard-write; encrypted-media; gyroscope; picture-in-picture; web-share\" referrerpolicy=\"strict-origin-when-cross-origin\" allowfullscreen><\/iframe>\n<\/div><\/figure>\n","protected":false},"excerpt":{"rendered":"<p>Haas tendr\u00e1 que pagar inmediatamente el dinero que debe a Uralkali, de lo contrario se arriesga a que la justicia le embargue los coches en cuanto acabe el Gran Premio de Pa\u00edses Bajos<\/p>\n","protected":false},"author":0,"featured_media":1010250315,"comment_status":"closed","ping_status":"closed","sticky":false,"template":"","format":"standard","meta":{"42wp_featured_image_caption":"","42wp_featured_image_credits":"","42wp_featured_video":"","42wp_featured_image_hidden":false,"42wp_authors_list":[],"footnotes":""},"categories":[5],"tags":[181,2249,179,2259,10688,1488,414,4540,2304],"42wp_author":[14239],"class_list":["post-12220","post","type-post","status-publish","format-standard","has-post-thumbnail","hentry","category-f1","tag-f1","tag-f1-2024","tag-formula-1","tag-formula-1-2024","tag-gp-de-paises-bajos-2024","tag-grande-premio","tag-haas","tag-temporada-2024-f1","tag-uralkali","42wp_author-jp-otrosky"],"_links":{"self":[{"href":"https:\/\/grandepremio.com\/es\/wp-json\/wp\/v2\/posts\/12220","targetHints":{"allow":["GET"]}}],"collection":[{"href":"https:\/\/grandepremio.com\/es\/wp-json\/wp\/v2\/posts"}],"about":[{"href":"https:\/\/grandepremio.com\/es\/wp-json\/wp\/v2\/types\/post"}],"replies":[{"embeddable":true,"href":"https:\/\/grandepremio.com\/es\/wp-json\/wp\/v2\/comments?post=12220"}],"version-history":[{"count":0,"href":"https:\/\/grandepremio.com\/es\/wp-json\/wp\/v2\/posts\/12220\/revisions"}],"wp:featuredmedia":[{"embeddable":true,"href":"https:\/\/grandepremio.com\/es\/wp-json\/wp\/v2\/media\/1010250315"}],"wp:attachment":[{"href":"https:\/\/grandepremio.com\/es\/wp-json\/wp\/v2\/media?parent=12220"}],"wp:term":[{"taxonomy":"category","embeddable":true,"href":"https:\/\/grandepremio.com\/es\/wp-json\/wp\/v2\/categories?post=12220"},{"taxonomy":"post_tag","embeddable":true,"href":"https:\/\/grandepremio.com\/es\/wp-json\/wp\/v2\/tags?post=12220"},{"taxonomy":"42wp_author","embeddable":true,"href":"https:\/\/grandepremio.com\/es\/wp-json\/wp\/v2\/42wp_author?post=12220"}],"curies":[{"name":"wp","href":"https:\/\/api.w.org\/{rel}","templated":true}]}}