{"id":12224,"date":"2024-08-23T07:15:49","date_gmt":"2024-08-23T10:15:49","guid":{"rendered":"https:\/\/grandepremio.com\/es\/2024\/08\/23\/jack-doohan-confirmacion-alpine-formula-1-2025\/"},"modified":"2024-08-23T08:26:09","modified_gmt":"2024-08-23T11:26:09","slug":"jack-doohan-confirmacion-alpine-formula-1-2025","status":"publish","type":"post","link":"https:\/\/grandepremio.com\/es\/f1\/jack-doohan-confirmacion-alpine-formula-1-2025\/","title":{"rendered":"Alpine confirma expectativa y asciende a Doohan para el asiento de Ocon en la F1 2025"},"content":{"rendered":"\n<p class=\"wp-block-paragraph\">Tal como se esperaba, este viernes <strong>Alpine<\/strong> anunci\u00f3 oficialmente a <strong>Jack Doohan <\/strong>como compa\u00f1ero de equipo de<strong> Pierre Gasly<\/strong> en la <strong>F\u00f3rmula 1 2025. <\/strong><a href=\"https:\/\/grandepremio.com\/es\/f1\/haas-esteban-ocon-portal-formula-1-2025\/\">El piloto australiano sustituir\u00e1 a<strong> Esteban Ocon<\/strong><\/a> y es otro de los debutantes en la m\u00e1xima categor\u00eda del automovilismo el pr\u00f3ximo a\u00f1o. La escuder\u00eda francesa lleg\u00f3 a tantear a <strong>Carlos Sainz<\/strong> antes de promocionarlo, <a href=\"https:\/\/grandepremio.com\/es\/f1\/carlos-sainz-acuerdo-williams-formula-1-2025\/\">pero como el piloto de <strong>Ferrari <\/strong>fue elegido po<strong>r Williams<\/strong><\/a><strong>,<\/strong> el camino se hizo m\u00e1s f\u00e1cil para el joven de 21 a\u00f1os.<\/p>\n\n\n\n<p class=\"wp-block-paragraph\">Piloto de la Academia Alpine, Doohan es reserva en el equipo de Enstone desde el a\u00f1o pasado. Disput\u00f3 dos temporadas completas en <strong>F\u00f3rmula 2<\/strong> y logr\u00f3 el tercer puesto en 2023, con tres victorias y cinco podios. En 2024, sin embargo, decidi\u00f3 trabajar s\u00f3lo con Alpine y no participar en otras categor\u00edas. La idea era centrarse por completo en las pruebas con el equipo franc\u00e9s para intentar hacerse un hueco en la categor\u00eda reina.<\/p>\n\n\n\n<p class=\"wp-block-paragraph\">\u00abEstoy muy contento de conseguir el ascenso al asiento a tiempo completo en 2025 con Alpine\u00bb, comenz\u00f3 diciendo Doohan, que tambi\u00e9n agradeci\u00f3 \u201cla confianza y la creencia de los m\u00e1ximos responsables del equipo\u201d.<\/p>\n\n\n\n<p class=\"wp-block-paragraph\"><strong><em>\u00a1Todas las novedades te esperan en el canal de&nbsp;<a href=\"https:\/\/www.youtube.com\/@GrandePremioES\" target=\"_blank\" rel=\"noreferrer noopener\">YouTube<\/a>&nbsp;de Grande Pr\u00eamio en Espa\u00f1ol!<\/em><\/strong><\/p>\n\n\n\n<figure class=\"wp-block-image size-large\"><img decoding=\"async\" src=\"https:\/\/grandepremio.com\/es\/wp-content\/uploads\/2024\/07\/fp1-gp-emilia-romanha-alpine-esteban-ocon-02-1024x683.jpg\" alt=\"\" class=\"wp-image-247970\"\/><figcaption class=\"wp-element-caption\">Esteban Ocon correr\u00e1 en Haas en la temporada 2025 de F1 (Foto: F1)<\/figcaption><\/figure>\n\n\n\n<p class=\"wp-block-paragraph\">\u00abMe queda mucho trabajo por delante antes de estar listo, y har\u00e9 todo lo posible por absorber toda la informaci\u00f3n y los conocimientos para estar preparado para este gran avance. Es muy gratificante ser el primer graduado de la Academia Alpine que consigue un puesto en el equipo, y estoy muy agradecido a todos los que me han apoyado para que esto sea una realidad. Es un momento emocionante, un d\u00eda de orgullo para mi familia, y estoy deseando empaparme de todo y trabajar duro entre bastidores\u00bb, a\u00f1adi\u00f3.<\/p>\n\n\n\n<p class=\"wp-block-paragraph\">El jefe del equipo, <strong>Oliver Oakes<\/strong>, tambi\u00e9n se refiri\u00f3 al hecho de que Doohan sea el primer fruto de la academia en dar el salto a la F1 y record\u00f3 el tiempo que trabajaron juntos en 2019, cuando el joven compiti\u00f3 con <strong>Hitech<\/strong> en la F3 asi\u00e1tica.<\/p>\n\n\n\n<p class=\"wp-block-paragraph\">\u00abEstamos muy emocionados de ascender a Jack a piloto la pr\u00f3xima temporada y darle la oportunidad de mostrar su habilidad y talento en la F\u00f3rmula 1. Jack se convertir\u00e1 en el primer piloto de la Academia Alpine en pasar a las filas de pilotos del equipo, lo que es excepcionalmente satisfactorio para nosotros y para su trayectoria\u00bb, manifest\u00f3 Oakes.<\/p>\n\n\n\n<p class=\"wp-block-paragraph\"><strong><em>\u00a1Seguinos en redes por&nbsp;<a href=\"https:\/\/twitter.com\/grandepremioES\" target=\"_blank\" rel=\"noreferrer noopener\">Twitter&nbsp;<\/a>e&nbsp;<a href=\"https:\/\/www.instagram.com\/grandepremioes\/\" target=\"_blank\" rel=\"noreferrer noopener\">Instagram!<\/a><\/em><\/strong><br><strong><em>Adem\u00e1s, tenemos nuestro&nbsp;<a href=\"https:\/\/whatsapp.com\/channel\/0029VaDZ5zb0gcfDxuwxBM05\" target=\"_blank\" rel=\"noreferrer noopener\">canal de Whatsapp<\/a>&nbsp;con toda la informaci\u00f3n al instante<\/em><\/strong><\/p>\n\n\n\n<figure class=\"wp-block-image size-large\"><img decoding=\"async\" src=\"https:\/\/grandepremio.com\/es\/wp-content\/uploads\/2024\/08\/oakes-y-flavio-1024x576.jpg\" alt=\"\" class=\"wp-image-250719\"\/><figcaption class=\"wp-element-caption\">Oliver Oakes, nuevo jefe de Alpine, y Flavio Briatore (Foto: Alpine)<\/figcaption><\/figure>\n\n\n\n<p class=\"wp-block-paragraph\">\u00abPersonalmente, trabaj\u00e9 con Jack en 2019 y soy plenamente consciente del talento y el potencial en bruto que tiene. Es muy trabajador entre bastidores y su compromiso es muy valorado por todo el equipo. Junto a Pierre, tenemos una alineaci\u00f3n bien equilibrada con una buena combinaci\u00f3n de energ\u00eda juvenil, experiencia y velocidad pura. Estamos deseando trabajar con Jack y Pierre para seguir desarrollando el coche y llevar al equipo a lo m\u00e1s alto de la parrilla\u00bb, concluy\u00f3.<\/p>\n\n\n\n<p class=\"wp-block-paragraph\">Doohan ha probado los diferentes coches del equipo en circuitos como <strong>Losail, Monza, Hungaroring, Zandvoort, Paul Ricard y Spa-Francorchamps,<\/strong> adem\u00e1s de participar en los entrenamientos libres de los <strong>GP de M\u00e9xico<\/strong> y <strong>Abu Dhabi <\/strong>en 2022 y 2023, y este a\u00f1o en <strong>Canad\u00e1 y Gran Breta\u00f1a.<\/strong><\/p>\n\n\n\n<p class=\"wp-block-paragraph\">Despu\u00e9s de que la F1 2024 no tuviera cambios en los asientos de los diez equipos que componen la parrilla, 2025 se ha convertido en un a\u00f1o completamente diferente. Seis de los diez equipos ya anunciaron que tendr\u00e1n pilotos diferentes la pr\u00f3xima temporada: <strong>Mercedes, Ferrari, Haas, Alpine, Sauber y Williams.<\/strong><\/p>\n\n\n\n<figure class=\"wp-block-image size-full\"><img decoding=\"async\" src=\"https:\/\/grandepremio.com\/es\/wp-content\/uploads\/2024\/06\/Gasly-2.jpg\" alt=\"\" class=\"wp-image-245754\"\/><figcaption class=\"wp-element-caption\">Pierre Gasly se siente preparado para liderar al equipo y espera una evoluci\u00f3n en Alpine. (Foto: Alpine)<\/figcaption><\/figure>\n\n\n\n<p class=\"wp-block-paragraph\">Tambi\u00e9n existe la posibilidad de cambios en RB. De confirmarse, s\u00f3lo <strong>Aston Martin y McLaren <\/strong>continuar\u00e1n el a\u00f1o que viene con las mismas alineaciones que en 2024.<\/p>\n\n\n\n<p class=\"wp-block-paragraph\">Adem\u00e1s, la <strong>F1 2025<\/strong> est\u00e1 cerca de contar con tres debutantes en la parrilla del a\u00f1o que viene: adem\u00e1s de Doohan, <strong>Haas<\/strong> ya ha confirmado el fichaje de <strong>Oliver Bearman<\/strong> para correr junto a Ocon, mientras que se espera que <strong>Mercedes<\/strong> promocione a<strong> Andrea Kimi Antonelli<\/strong> para que sea el compa\u00f1ero de <strong>George Russell.<\/strong><\/p>\n\n\n\n<p class=\"wp-block-paragraph\"><strong>GRANDE PREMIO en Espa\u00f1ol sigue todas las actividades del Gran Premio de Holanda de F\u00f3rmula 1 EN DIRECTO y EN TIEMPO REAL<\/strong><\/p>\n\n\n\n<figure class=\"wp-block-embed is-type-video is-provider-youtube wp-block-embed-youtube wp-embed-aspect-16-9 wp-has-aspect-ratio\"><div class=\"wp-block-embed__wrapper\">\n<iframe loading=\"lazy\" title=\"GP DE PA\u00cdSES BAJOS - LA PREVIA\" width=\"500\" height=\"281\" src=\"https:\/\/www.youtube.com\/embed\/hRZBmmgVAZU?feature=oembed\" frameborder=\"0\" allow=\"accelerometer; autoplay; clipboard-write; encrypted-media; gyroscope; picture-in-picture; web-share\" referrerpolicy=\"strict-origin-when-cross-origin\" allowfullscreen><\/iframe>\n<\/div><\/figure>\n","protected":false},"excerpt":{"rendered":"<p>Alpine anunci\u00f3 este viernes que el australiano Jack Doohan es el elegido para sustituir a Esteban Ocon a fin de a\u00f1o, por lo que ser\u00e1 el compa\u00f1ero de Pierre Gasly para la temporada 2025  de F\u00f3rmula 1.<\/p>\n","protected":false},"author":0,"featured_media":1010244903,"comment_status":"closed","ping_status":"closed","sticky":false,"template":"","format":"standard","meta":{"42wp_featured_image_caption":"","42wp_featured_image_credits":"","42wp_featured_video":"","42wp_featured_image_hidden":false,"42wp_authors_list":[],"footnotes":""},"categories":[5],"tags":[678,362,181,2249,1710,179,2259,8059,1011],"42wp_author":[14223],"class_list":["post-12224","post","type-post","status-publish","format-standard","has-post-thumbnail","hentry","category-f1","tag-alpine","tag-esteban-ocon","tag-f1","tag-f1-2024","tag-f1-2025","tag-formula-1","tag-formula-1-2024","tag-formula-1-2025","tag-jack-doohan","42wp_author-esteban-nieto"],"_links":{"self":[{"href":"https:\/\/grandepremio.com\/es\/wp-json\/wp\/v2\/posts\/12224","targetHints":{"allow":["GET"]}}],"collection":[{"href":"https:\/\/grandepremio.com\/es\/wp-json\/wp\/v2\/posts"}],"about":[{"href":"https:\/\/grandepremio.com\/es\/wp-json\/wp\/v2\/types\/post"}],"replies":[{"embeddable":true,"href":"https:\/\/grandepremio.com\/es\/wp-json\/wp\/v2\/comments?post=12224"}],"version-history":[{"count":0,"href":"https:\/\/grandepremio.com\/es\/wp-json\/wp\/v2\/posts\/12224\/revisions"}],"wp:featuredmedia":[{"embeddable":true,"href":"https:\/\/grandepremio.com\/es\/wp-json\/wp\/v2\/media\/1010244903"}],"wp:attachment":[{"href":"https:\/\/grandepremio.com\/es\/wp-json\/wp\/v2\/media?parent=12224"}],"wp:term":[{"taxonomy":"category","embeddable":true,"href":"https:\/\/grandepremio.com\/es\/wp-json\/wp\/v2\/categories?post=12224"},{"taxonomy":"post_tag","embeddable":true,"href":"https:\/\/grandepremio.com\/es\/wp-json\/wp\/v2\/tags?post=12224"},{"taxonomy":"42wp_author","embeddable":true,"href":"https:\/\/grandepremio.com\/es\/wp-json\/wp\/v2\/42wp_author?post=12224"}],"curies":[{"name":"wp","href":"https:\/\/api.w.org\/{rel}","templated":true}]}}