{"id":12225,"date":"2024-08-22T15:45:53","date_gmt":"2024-08-22T18:45:53","guid":{"rendered":"https:\/\/grandepremio.com\/es\/2024\/08\/22\/piastri-culpa-asiento-mclaren-fractura\/"},"modified":"2024-08-22T15:45:59","modified_gmt":"2024-08-22T18:45:59","slug":"piastri-culpa-asiento-mclaren-fractura","status":"publish","type":"post","link":"https:\/\/grandepremio.com\/es\/f1\/piastri-culpa-asiento-mclaren-fractura\/","title":{"rendered":"Piastri culpa al asiento de McLaren de la fractura de costilla y dice: &#8220;Ya est\u00e1 todo bien&#8221;"},"content":{"rendered":"\n<p class=\"wp-block-paragraph\">La<strong> F\u00f3rmula 1<\/strong> ha regresado de sus vacaciones de verano en Europa para el <strong>GP de Pa\u00edses Bajos<\/strong> y <strong>Oscar Piastri <\/strong>ha desvelado que tuvo una fractura de costilla a causa de modelaje del asiento del <strong>McLaren<\/strong>, pero no tendr\u00e1 que perderse ninguna carrera de este a\u00f1o.<\/p>\n\n\n\n<p class=\"wp-block-paragraph\">Durante el par\u00f3n, el australiano dijo que, en el <strong>GP de Gran Breta\u00f1a<\/strong>, se fractur\u00f3 y, con esa lesi\u00f3n, gan\u00f3 poco despu\u00e9s en el <strong>GP de Hungr\u00eda<\/strong>, cuando el equipo de <strong>Woking <\/strong>tuvo una pol\u00e9mica orden de equipo que le hizo devolver a <strong>Lando Norris<\/strong> la posici\u00f3n que ellos mismos le hab\u00edan quitado por estrategia.<\/p>\n\n\n\n<p class=\"wp-block-paragraph\">\ud83d\udfe5&nbsp;<strong><em>\u00a1Todas las novedades te esperan en el canal de&nbsp;<\/em><\/strong><a href=\"https:\/\/www.youtube.com\/@GrandePremioES\" target=\"_blank\" rel=\"noreferrer noopener\"><em>YouTube<\/em><\/a><strong><em>&nbsp;de Grande Pr\u00eamio en Espa\u00f1ol!<\/em><\/strong>&nbsp;\ud83d\udfe8<\/p>\n\n\n\n<p class=\"wp-block-paragraph\">Ya en la conferencia de prensa previa a la carrera en <strong>Zandvoort<\/strong>, Piastri respondi\u00f3 sobre qu\u00e9 caus\u00f3 la lesi\u00f3n: <strong>\u201cSe hace el asiento al principio de la temporada, por supuesto, y a veces puede ir mal. Algunos circuitos no lo dejan al descubierto, pero despu\u00e9s de tres circuitos duros como Barcelona, Austria y Silverstone [era visible]. Fue m\u00e1s una cuesti\u00f3n de presi\u00f3n que al final se detuvo. Ahora todo est\u00e1 bien, cambiamos el asiento y lo solucionamos todo enseguida. As\u00ed que s\u00ed, todo ha vuelto a la normalidad\u201d.<\/strong><\/p>\n\n\n\n<figure class=\"wp-block-image size-large\"><img decoding=\"async\" src=\"https:\/\/grandepremio.com\/cdn-cgi\/image\/width=893,height=558,fit=contain,gravity=0.5x0.5,quality=75,format=webp\/es\/wp-content\/uploads\/2024\/08\/belgica-2024-f1-corrida-mclaren-oscar-piastri-01-1200x800-2-1024x683.jpg\" alt=\"\" class=\"wp-image-251250\"\/><figcaption class=\"wp-element-caption\">Oscar Piastri corri\u00f3 las \u00faltimas rondas de F1 lesionado (Foto: McLaren)<\/figcaption><\/figure>\n\n\n\n<p class=\"wp-block-paragraph\">Si bien el #81 cree que la fractura se produjo en Silverstone, se remonta al GP de Austria, o hasta la carrera de Barcelona, varias semanas antes de llegar a suelo brit\u00e1nico: <strong>\u201cLa prueba fue el d\u00eda despu\u00e9s de la carrera de Silverstone, pero definitivamente ya estaba roto antes. Dir\u00eda que fue alrededor del GP de Austria, probablemente en Barcelona. Despu\u00e9s de Austria me dol\u00eda bastante\u201d.<\/strong><\/p>\n\n\n\n<p class=\"wp-block-paragraph\">Tras el descanso, Oscar asegur\u00f3 que no se perder\u00e1 carreras en lo que resta del a\u00f1o. Para McLaren es fundamental, porque est\u00e1n a 42 puntos de <strong>Red Bull<\/strong> en el <strong>Mundial de Constructores<\/strong>. El australiano es cuarto entre los pilotos, con 167 unidades. Adem\u00e1s de su victoria en Hungr\u00eda, ya ha subido tres veces al podio este a\u00f1o.<\/p>\n\n\n\n<p class=\"wp-block-paragraph\">\u23e9&nbsp;<em><strong>\u00a1Seguinos en redes por&nbsp;<\/strong><\/em><a href=\"https:\/\/twitter.com\/grandepremioES\" target=\"_blank\" rel=\"noreferrer noopener\"><em>Twitter&nbsp;<\/em><\/a><em><strong>e&nbsp;<\/strong><\/em><a href=\"https:\/\/www.instagram.com\/grandepremioes\/\" target=\"_blank\" rel=\"noreferrer noopener\"><em>Instagram!<\/em><\/a><br><strong>\u23e9<\/strong>&nbsp;<em><strong>Adem\u00e1s, tenemos nuestro&nbsp;<\/strong><\/em><a href=\"https:\/\/whatsapp.com\/channel\/0029VaDZ5zb0gcfDxuwxBM05\" target=\"_blank\" rel=\"noreferrer noopener\"><em>canal de Whatsapp<\/em><\/a><em><strong>&nbsp;con toda la informaci\u00f3n al instante<\/strong><\/em>&nbsp;\ud83c\udfc1<\/p>\n\n\n\n<p class=\"wp-block-paragraph\">GRANDE PR\u00caMIO sigue todas las actividades del Gran Premio de Holanda de F\u00f3rmula 1 EN DIRECTO y EN TIEMPO REAL. La FP1 comenzar\u00e1 ma\u00f1ana, a las 7:30, hora de Brasilia y Buenos Aires.<\/p>\n\n\n\n<figure class=\"wp-block-embed is-type-video is-provider-youtube wp-block-embed-youtube wp-embed-aspect-16-9 wp-has-aspect-ratio\"><div class=\"wp-block-embed__wrapper\">\n<iframe loading=\"lazy\" title=\"VARRONE SUPERA LA INCERTIDUMBRE Y BUSCA SU LUGAR EN INDYCAR O EL WEC\" width=\"500\" height=\"281\" src=\"https:\/\/www.youtube.com\/embed\/xR5ihcMDUsY?start=1&amp;feature=oembed\" frameborder=\"0\" allow=\"accelerometer; autoplay; clipboard-write; encrypted-media; gyroscope; picture-in-picture; web-share\" referrerpolicy=\"strict-origin-when-cross-origin\" allowfullscreen><\/iframe>\n<\/div><\/figure>\n","protected":false},"excerpt":{"rendered":"<p>Durante sus vacaciones de la F\u00f3rmula 1, \u00d3scar Piastri desvel\u00f3 que se hab\u00eda fracturado una costilla y que ten\u00eda que ausentarse de varias carreras de la temporada 2024. En v\u00edsperas de la ronda de Zandvoort, el piloto de McLaren ha asegurado que se encuentra bien y ha culpado a su piloto de la lesi\u00f3n.<\/p>\n","protected":false},"author":0,"featured_media":1010251247,"comment_status":"closed","ping_status":"closed","sticky":false,"template":"","format":"standard","meta":{"42wp_featured_image_caption":"","42wp_featured_image_credits":"","42wp_featured_video":"","42wp_featured_image_hidden":false,"42wp_authors_list":[],"footnotes":""},"categories":[5],"tags":[181,179,507,421,1574,268,269,1203,278,206,2646,808],"42wp_author":[14237],"class_list":["post-12225","post","type-post","status-publish","format-standard","has-post-thumbnail","hentry","category-f1","tag-f1","tag-formula-1","tag-gp-de-gran-bretana","tag-gp-de-hungria","tag-gp-de-paises-bajos","tag-lando-norris","tag-mclaren","tag-mundial-de-constructores","tag-oscar-piastri","tag-red-bull","tag-woking","tag-zandvoort","42wp_author-gabriel-garcia"],"_links":{"self":[{"href":"https:\/\/grandepremio.com\/es\/wp-json\/wp\/v2\/posts\/12225","targetHints":{"allow":["GET"]}}],"collection":[{"href":"https:\/\/grandepremio.com\/es\/wp-json\/wp\/v2\/posts"}],"about":[{"href":"https:\/\/grandepremio.com\/es\/wp-json\/wp\/v2\/types\/post"}],"replies":[{"embeddable":true,"href":"https:\/\/grandepremio.com\/es\/wp-json\/wp\/v2\/comments?post=12225"}],"version-history":[{"count":0,"href":"https:\/\/grandepremio.com\/es\/wp-json\/wp\/v2\/posts\/12225\/revisions"}],"wp:featuredmedia":[{"embeddable":true,"href":"https:\/\/grandepremio.com\/es\/wp-json\/wp\/v2\/media\/1010251247"}],"wp:attachment":[{"href":"https:\/\/grandepremio.com\/es\/wp-json\/wp\/v2\/media?parent=12225"}],"wp:term":[{"taxonomy":"category","embeddable":true,"href":"https:\/\/grandepremio.com\/es\/wp-json\/wp\/v2\/categories?post=12225"},{"taxonomy":"post_tag","embeddable":true,"href":"https:\/\/grandepremio.com\/es\/wp-json\/wp\/v2\/tags?post=12225"},{"taxonomy":"42wp_author","embeddable":true,"href":"https:\/\/grandepremio.com\/es\/wp-json\/wp\/v2\/42wp_author?post=12225"}],"curies":[{"name":"wp","href":"https:\/\/api.w.org\/{rel}","templated":true}]}}