{"id":12231,"date":"2024-08-22T12:09:43","date_gmt":"2024-08-22T15:09:43","guid":{"rendered":"https:\/\/grandepremio.com\/es\/2024\/08\/22\/alonso-ve-verstappen-bueno-en-todo-pero-como-yo\/"},"modified":"2024-08-22T12:09:49","modified_gmt":"2024-08-22T15:09:49","slug":"alonso-ve-verstappen-bueno-en-todo-pero-como-yo","status":"publish","type":"post","link":"https:\/\/grandepremio.com\/es\/f1\/alonso-ve-verstappen-bueno-en-todo-pero-como-yo\/","title":{"rendered":"\u00bfEl mejor del mundo? Alonso ve a Verstappen &#8220;bueno en todo, pero no tanto como yo&#8221;"},"content":{"rendered":"\n<p class=\"wp-block-paragraph\"><strong>Kyle Larson<\/strong> lanz\u00f3 la semana pasada un comentario que ha causado revelo: que se siente capaz de batir a <strong>Max Verstappen<\/strong> en cualquier auto que no fuera un F\u00f3rmula 1, teniendo en cuenta su versatilidad. El campe\u00f3n de <strong>Nascar<\/strong> ha participado en 2024 de las <strong>500 Millas de Indianapolis<\/strong> y de todo tipo de carreras en \u00f3valos de tierra.<\/p>\n\n\n\n<p class=\"wp-block-paragraph\">Durante la conferencia de prensa previa al <strong>GP de Pa\u00edses Bajos<\/strong>, <strong>Fernando Alonso<\/strong> fue preguntado por los dichos del piloto de <strong>Hendrick<\/strong> y el espa\u00f1ol opt\u00f3 por una divertida respuesta: elogiarse a s\u00ed mismo. Si bien hizo hincapi\u00e9 en las cualidades de Verstappen en otro tipo de coches, pero nada comparable a su propia polivalencia.<\/p>\n\n\n\n<p class=\"wp-block-paragraph\">\ud83d\udfe5&nbsp;<strong><em>\u00a1Todas las novedades te esperan en el canal de&nbsp;<\/em><\/strong><a href=\"https:\/\/www.youtube.com\/@GrandePremioES\" target=\"_blank\" rel=\"noreferrer noopener\"><em>YouTube<\/em><\/a><strong><em>&nbsp;de Grande Pr\u00eamio en Espa\u00f1ol!<\/em><\/strong>&nbsp;\ud83d\udfe8<\/p>\n\n\n\n<p class=\"wp-block-paragraph\"><strong>\u201cMax tambi\u00e9n es muy bueno en coches GT. Creo que es bueno en todo, pero no tanto como yo\u201d<\/strong>, se\u00f1al\u00f3 entre risas. <strong>\u201cHay que adaptarse muy r\u00e1pido a las diferentes disciplinas de velocidad\u201d<\/strong>, continu\u00f3.<\/p>\n\n\n\n<figure class=\"wp-block-image size-full\"><img decoding=\"async\" src=\"https:\/\/grandepremio.com\/es\/wp-content\/uploads\/2024\/08\/image-58.png\" alt=\"\" class=\"wp-image-251202\"\/><figcaption class=\"wp-element-caption\">Alonso y Verstappen planean correr juntos en las 24 Horas de Le Mans en alg\u00fan momento (Foto: Lillian Suwanrumpha\/AFP)<\/figcaption><\/figure>\n\n\n\n<p class=\"wp-block-paragraph\"><strong>\u201cCorrer en \u00f3valos es una cosa aparte y requiere su propia t\u00e9cnica y habilidades. En el Dakar, aceleras y frenas al mismo tiempo durante seis horas para dominar el coche\u201d,<\/strong> prosigui\u00f3.<\/p>\n\n\n\n<p class=\"wp-block-paragraph\">Finalmente, volvi\u00f3 a la provocaci\u00f3n medio en broma. \u201c<strong>Pero, en fin, hablo de otras disciplinas. En F1, acepto que estamos al mismo nivel\u201d<\/strong>, concluy\u00f3. En 2017, Fernando compiti\u00f3 en Indianapolis con un auto del equipo <strong>Andretti<\/strong>, que ten\u00eda motor <strong>Honda<\/strong>, tambi\u00e9n particip\u00f3 con victorias en las 24 horas de Daytona y en las 24 horas de Le Mans, adem\u00e1s de temporadas completas en el <strong>Mundial de Resistencia<\/strong>.<\/p>\n\n\n\n<p class=\"wp-block-paragraph\">\u23e9&nbsp;<em><strong>\u00a1Seguinos en redes por&nbsp;<\/strong><\/em><a href=\"https:\/\/twitter.com\/grandepremioES\" target=\"_blank\" rel=\"noreferrer noopener\"><em>Twitter&nbsp;<\/em><\/a><em><strong>e&nbsp;<\/strong><\/em><a href=\"https:\/\/www.instagram.com\/grandepremioes\/\" target=\"_blank\" rel=\"noreferrer noopener\"><em>Instagram!<\/em><\/a><br><strong>\u23e9<\/strong>&nbsp;<em><strong>Adem\u00e1s, tenemos nuestro&nbsp;<\/strong><\/em><a href=\"https:\/\/whatsapp.com\/channel\/0029VaDZ5zb0gcfDxuwxBM05\" target=\"_blank\" rel=\"noreferrer noopener\"><em>canal de Whatsapp<\/em><\/a><em><strong>&nbsp;con toda la informaci\u00f3n al instante<\/strong><\/em>&nbsp;\ud83c\udfc1<\/p>\n\n\n\n<p class=\"wp-block-paragraph\">GRANDE PR\u00caMIO sigue todas las actividades del Gran Premio de Holanda de F\u00f3rmula 1 EN DIRECTO y EN TIEMPO REAL. La FP1 comenzar\u00e1 ma\u00f1ana, a las 7:30, hora de Brasilia y Buenos Aires.<\/p>\n\n\n\n<figure class=\"wp-block-embed is-type-video is-provider-youtube wp-block-embed-youtube wp-embed-aspect-16-9 wp-has-aspect-ratio\"><div class=\"wp-block-embed__wrapper\">\n<iframe loading=\"lazy\" title=\"VARRONE SUPERA LA INCERTIDUMBRE Y BUSCA SU LUGAR EN INDYCAR O EL WEC\" width=\"500\" height=\"281\" src=\"https:\/\/www.youtube.com\/embed\/xR5ihcMDUsY?start=1&amp;feature=oembed\" frameborder=\"0\" allow=\"accelerometer; autoplay; clipboard-write; encrypted-media; gyroscope; picture-in-picture; web-share\" referrerpolicy=\"strict-origin-when-cross-origin\" allowfullscreen><\/iframe>\n<\/div><\/figure>\n","protected":false},"excerpt":{"rendered":"<p>Fernando Alonso fue preguntado por el tema planteado por Kyle Larson la semana pasada en la previa del Gran Premio de los Pa\u00edses Bajos y decidi\u00f3 hacer una broma al respecto.<\/p>\n","protected":false},"author":0,"featured_media":1010251199,"comment_status":"closed","ping_status":"closed","sticky":false,"template":"","format":"standard","meta":{"42wp_featured_image_caption":"","42wp_featured_image_credits":"","42wp_featured_video":"","42wp_featured_image_hidden":false,"42wp_authors_list":[],"footnotes":""},"categories":[5],"tags":[7555,597,181,184,179,1574,3229,221,3228,249,1830,926],"42wp_author":[14237],"class_list":["post-12231","post","type-post","status-publish","format-standard","has-post-thumbnail","hentry","category-f1","tag-500-millas-de-indianapolis-2","tag-andretti","tag-f1","tag-fernando-alonso","tag-formula-1","tag-gp-de-paises-bajos","tag-hendrick","tag-honda","tag-kyle-larson","tag-max-verstappen","tag-mundial-de-resistencia","tag-nascar","42wp_author-gabriel-garcia"],"_links":{"self":[{"href":"https:\/\/grandepremio.com\/es\/wp-json\/wp\/v2\/posts\/12231","targetHints":{"allow":["GET"]}}],"collection":[{"href":"https:\/\/grandepremio.com\/es\/wp-json\/wp\/v2\/posts"}],"about":[{"href":"https:\/\/grandepremio.com\/es\/wp-json\/wp\/v2\/types\/post"}],"replies":[{"embeddable":true,"href":"https:\/\/grandepremio.com\/es\/wp-json\/wp\/v2\/comments?post=12231"}],"version-history":[{"count":0,"href":"https:\/\/grandepremio.com\/es\/wp-json\/wp\/v2\/posts\/12231\/revisions"}],"wp:featuredmedia":[{"embeddable":true,"href":"https:\/\/grandepremio.com\/es\/wp-json\/wp\/v2\/media\/1010251199"}],"wp:attachment":[{"href":"https:\/\/grandepremio.com\/es\/wp-json\/wp\/v2\/media?parent=12231"}],"wp:term":[{"taxonomy":"category","embeddable":true,"href":"https:\/\/grandepremio.com\/es\/wp-json\/wp\/v2\/categories?post=12231"},{"taxonomy":"post_tag","embeddable":true,"href":"https:\/\/grandepremio.com\/es\/wp-json\/wp\/v2\/tags?post=12231"},{"taxonomy":"42wp_author","embeddable":true,"href":"https:\/\/grandepremio.com\/es\/wp-json\/wp\/v2\/42wp_author?post=12231"}],"curies":[{"name":"wp","href":"https:\/\/api.w.org\/{rel}","templated":true}]}}