{"id":12233,"date":"2024-08-22T11:36:40","date_gmt":"2024-08-22T14:36:40","guid":{"rendered":"https:\/\/grandepremio.com\/es\/2024\/08\/22\/liberty-media-decide-vender-f1-comprar-motogp\/"},"modified":"2024-08-22T11:36:46","modified_gmt":"2024-08-22T14:36:46","slug":"liberty-media-decide-vender-f1-comprar-motogp","status":"publish","type":"post","link":"https:\/\/grandepremio.com\/es\/motogp\/liberty-media-decide-vender-f1-comprar-motogp\/","title":{"rendered":"Liberty Media decide vender un porcentaje de acciones en F1 para comprar MotoGP"},"content":{"rendered":"\n<p class=\"wp-block-paragraph\">Este jueves se conoci\u00f3 que<strong> Liberty Media<\/strong> confirm\u00f3 que vender\u00e1 m\u00e1s de doce millones de acciones, a 77.50 d\u00f3lares cada una, para poder recaudar alrededor de<strong> 3 mil millones de libras<\/strong> y, con ello, poder adquirir el 86% de la propiedad de <strong>MotoGP<\/strong>, en manos de <strong>Dorna Sports<\/strong>.<\/p>\n\n\n\n<p class=\"wp-block-paragraph\">De acuerdo con<em> Race Fans<\/em>, los due\u00f1os de los derechos comerciales de la <strong>F\u00f3rmula 1<\/strong> no se desprender\u00e1n de la mayor\u00eda de las acciones de la categor\u00eda, por lo que mantendr\u00e1 la propiedad absoluta. Hay que recordar que el grupo medi\u00e1tico anunci\u00f3 en abril la compra de Dorna a la empresa <strong>Bridgepoint<\/strong> por 3590 millones de libres, pero est\u00e1 pendiente de aprobaci\u00f3n de los organismos antimonopolio de la <strong>Uni\u00f3n Europea<\/strong>, Australia, Brasil y Reino Unido.<\/p>\n\n\n\n<p class=\"wp-block-paragraph\">\ud83d\udfe5&nbsp;<strong><em>\u00a1Todas las novedades te esperan en el canal de&nbsp;<\/em><\/strong><a href=\"https:\/\/www.youtube.com\/@GrandePremioES\" target=\"_blank\" rel=\"noreferrer noopener\"><em>YouTube<\/em><\/a><strong><em>&nbsp;de Grande Pr\u00eamio en Espa\u00f1ol!<\/em><\/strong>&nbsp;\ud83d\udfe8<\/p>\n\n\n\n<p class=\"wp-block-paragraph\"><strong>\u201cSi la adquisici\u00f3n no se consuma por cualquier motivo, los ingresos netos de esta oferta estar\u00edan disponibles para fines corporativos generales y se asignar\u00edan a las acciones de seguimiento de Formula One Group\u201d<\/strong>, dijo el grupo en un comunicado oficial.<\/p>\n\n\n\n<figure class=\"wp-block-image size-large\"><img decoding=\"async\" src=\"https:\/\/grandepremio.com\/cdn-cgi\/image\/width=893,height=558,fit=contain,gravity=0.5x0.5,quality=75,format=webp\/es\/wp-content\/uploads\/2024\/08\/image-57-1024x683.png\" alt=\"\" class=\"wp-image-251192\"\/><figcaption class=\"wp-element-caption\">La F1 fue comprada por Liberty Media en 2017 y desde entonces la categor\u00eda ha crecido (Foto: Red Bull Content Pool)<\/figcaption><\/figure>\n\n\n\n<p class=\"wp-block-paragraph\">Mientras se procede con la venta de un porcentaje de las acciones de la F1, <strong>GRANDE PR\u00caMIO<\/strong> confirm\u00f3 que el Consejo Administrativo de Defensa Econ\u00f3mica (Cade) aprob\u00f3 la venta del <strong>Mundial de Motociclismo<\/strong> a Liberty Media, lo mismo que los organismos en Australia. Por el momento, no se ha aprobado en Reino Unido y en la UE, aunque ambas legislaciones establecen que la presentaci\u00f3n del an\u00e1lisis es un acto voluntario.<\/p>\n\n\n\n<p class=\"wp-block-paragraph\">Por otro lado, <strong>Liberty Media<\/strong> public\u00f3 que tuvo un 20% de incremento en los beneficios este a\u00f1o con respecto al a\u00f1o pasado, adem\u00e1s de aumentar cada a\u00f1o, con excepci\u00f3n de la pandemia, los ingresos de la F1, sobre todo por la adici\u00f3n de carreras. Actualmente, el calendario consta de 24 competencias y el a\u00f1o que viene mantendr\u00e1 ese n\u00famero. El grupo medi\u00e1tico pasar\u00eda a controlar las dos principales categor\u00edas de automovilismo cuando se haga formal la adquisici\u00f3n de las acciones de Dorna.<\/p>\n\n\n\n<p class=\"wp-block-paragraph\">\u23e9&nbsp;<em><strong>\u00a1Seguinos en redes por&nbsp;<\/strong><\/em><a href=\"https:\/\/twitter.com\/grandepremioES\" target=\"_blank\" rel=\"noreferrer noopener\"><em>Twitter&nbsp;<\/em><\/a><em><strong>e&nbsp;<\/strong><\/em><a href=\"https:\/\/www.instagram.com\/grandepremioes\/\" target=\"_blank\" rel=\"noreferrer noopener\"><em>Instagram!<\/em><\/a><br><strong>\u23e9<\/strong>&nbsp;<em><strong>Adem\u00e1s, tenemos nuestro&nbsp;<\/strong><\/em><a href=\"https:\/\/whatsapp.com\/channel\/0029VaDZ5zb0gcfDxuwxBM05\" target=\"_blank\" rel=\"noreferrer noopener\"><em>canal de Whatsapp<\/em><\/a><em><strong>&nbsp;con toda la informaci\u00f3n al instante<\/strong><\/em>&nbsp;\ud83c\udfc1<\/p>\n\n\n\n<p class=\"wp-block-paragraph\">MotoGP vuelve a la actividad entre el 30 de agosto y el 1 de septiembre con el GP de Arag\u00f3n en Espa\u00f1a, 12\u00aa prueba de la temporada 2024. GRANDE PR\u00caMIO ofrece una cobertura completa del evento.<\/p>\n\n\n\n<figure class=\"wp-block-embed is-type-video is-provider-youtube wp-block-embed-youtube wp-embed-aspect-16-9 wp-has-aspect-ratio\"><div class=\"wp-block-embed__wrapper\">\n<iframe loading=\"lazy\" title=\"VARRONE SUPERA LA INCERTIDUMBRE Y BUSCA SU LUGAR EN INDYCAR O EL WEC\" width=\"500\" height=\"281\" src=\"https:\/\/www.youtube.com\/embed\/xR5ihcMDUsY?start=1&amp;feature=oembed\" frameborder=\"0\" allow=\"accelerometer; autoplay; clipboard-write; encrypted-media; gyroscope; picture-in-picture; web-share\" referrerpolicy=\"strict-origin-when-cross-origin\" allowfullscreen><\/iframe>\n<\/div><\/figure>\n","protected":false},"excerpt":{"rendered":"<p>Tras haber anunciado la compra del 86% de las acciones de Dorna Sports, la empresa controladora de MotoGP, el grupo que maneja los destinos comerciales de la F\u00f3rmula 1 se desprender\u00e1 de parte de sus acciones, para poder pagarle a la compa\u00f1\u00eda de Carmelo Ezpeleta la cifra acordada.<\/p>\n","protected":false},"author":0,"featured_media":1010251188,"comment_status":"closed","ping_status":"closed","sticky":false,"template":"","format":"standard","meta":{"42wp_featured_image_caption":"","42wp_featured_image_credits":"","42wp_featured_video":"","42wp_featured_image_hidden":false,"42wp_authors_list":[],"footnotes":""},"categories":[8],"tags":[10720,7927,179,1488,624,1293,1764,10041],"42wp_author":[14237],"class_list":["post-12233","post","type-post","status-publish","format-standard","has-post-thumbnail","hentry","category-motogp","tag-bridgepoint","tag-dorna-sports","tag-formula-1","tag-grande-premio","tag-liberty-media","tag-motogp","tag-mundial-de-motociclismo","tag-union-europea","42wp_author-gabriel-garcia"],"_links":{"self":[{"href":"https:\/\/grandepremio.com\/es\/wp-json\/wp\/v2\/posts\/12233","targetHints":{"allow":["GET"]}}],"collection":[{"href":"https:\/\/grandepremio.com\/es\/wp-json\/wp\/v2\/posts"}],"about":[{"href":"https:\/\/grandepremio.com\/es\/wp-json\/wp\/v2\/types\/post"}],"replies":[{"embeddable":true,"href":"https:\/\/grandepremio.com\/es\/wp-json\/wp\/v2\/comments?post=12233"}],"version-history":[{"count":0,"href":"https:\/\/grandepremio.com\/es\/wp-json\/wp\/v2\/posts\/12233\/revisions"}],"wp:featuredmedia":[{"embeddable":true,"href":"https:\/\/grandepremio.com\/es\/wp-json\/wp\/v2\/media\/1010251188"}],"wp:attachment":[{"href":"https:\/\/grandepremio.com\/es\/wp-json\/wp\/v2\/media?parent=12233"}],"wp:term":[{"taxonomy":"category","embeddable":true,"href":"https:\/\/grandepremio.com\/es\/wp-json\/wp\/v2\/categories?post=12233"},{"taxonomy":"post_tag","embeddable":true,"href":"https:\/\/grandepremio.com\/es\/wp-json\/wp\/v2\/tags?post=12233"},{"taxonomy":"42wp_author","embeddable":true,"href":"https:\/\/grandepremio.com\/es\/wp-json\/wp\/v2\/42wp_author?post=12233"}],"curies":[{"name":"wp","href":"https:\/\/api.w.org\/{rel}","templated":true}]}}